{"id":1,"date":"2013-04-23T10:20:40","date_gmt":"2013-04-23T08:20:40","guid":{"rendered":"http:\/\/www.fu-frechen.de\/?p=1"},"modified":"2023-08-27T23:58:29","modified_gmt":"2023-08-27T21:58:29","slug":"hallo-welt","status":"publish","type":"post","link":"https:\/\/www.fu-frechen.de\/?p=1","title":{"rendered":"Aktuelles"},"content":{"rendered":"<p style=\"text-align: justify;\"><span style=\"text-decoration: underline;\"><strong>D<\/strong>iese Seite ist online seit dem <strong>Tag des Buches am 23. April 2013<\/strong>.<\/span> Damit wird die Bedeutung und Wertsch\u00e4tzung des Buches und damit \u2014 symbolisch \u2014 der Bildung \u00fcberhaupt unterstrichen.<\/p>\n<p style=\"text-align: justify;\">Dies steht keineswegs im Gegensatz zur Nutzung des Mediums Internet, vielmehr soll letzteres als notwendige Erg\u00e4nzung dienen in einer Welt, die zunehmend \u00fcber dieses Medium kommuniziert. Das Buch ist als kulturelles Medium aber keineswegs abgeschrieben oder zum Verschwinden verdammt, wie gelegentlich schon geunkt wurde; eher k\u00f6nnte die Entwicklung sogar zu neuer Wertsch\u00e4tzung des Buches und zu daraus folgender Qualit\u00e4tssteigerung oder -auslese f\u00fchren. <a href=\"https:\/\/www.fu-frechen.de\/wp-content\/uploads\/2013\/04\/32++.jpg\"><img decoding=\"async\" loading=\"lazy\" class=\" wp-image-29 alignleft\" src=\"https:\/\/www.fu-frechen.de\/wp-content\/uploads\/2013\/04\/32++-300x201.jpg\" alt=\"32++\" width=\"218\" height=\"146\" srcset=\"https:\/\/www.fu-frechen.de\/wp-content\/uploads\/2013\/04\/32++-300x201.jpg 300w, https:\/\/www.fu-frechen.de\/wp-content\/uploads\/2013\/04\/32++-624x419.jpg 624w, https:\/\/www.fu-frechen.de\/wp-content\/uploads\/2013\/04\/32++.jpg 886w\" sizes=\"(max-width: 218px) 100vw, 218px\" \/><\/a><\/p>\n<p style=\"text-align: justify;\">Apropos Qualit\u00e4t: Zu vermelden ist das Erscheinen dieses besonderen Buches:<\/p>\n<p><a href=\"https:\/\/www.fu-frechen.de\/wp-content\/uploads\/2018\/11\/1b.jpg\"><img decoding=\"async\" loading=\"lazy\" class=\"alignright  wp-image-4614\" src=\"https:\/\/www.fu-frechen.de\/wp-content\/uploads\/2018\/11\/1b-220x300.jpg\" alt=\"\" width=\"223\" height=\"304\" srcset=\"https:\/\/www.fu-frechen.de\/wp-content\/uploads\/2018\/11\/1b-220x300.jpg 220w, https:\/\/www.fu-frechen.de\/wp-content\/uploads\/2018\/11\/1b-768x1048.jpg 768w, https:\/\/www.fu-frechen.de\/wp-content\/uploads\/2018\/11\/1b-751x1024.jpg 751w, https:\/\/www.fu-frechen.de\/wp-content\/uploads\/2018\/11\/1b-624x851.jpg 624w\" sizes=\"(max-width: 223px) 100vw, 223px\" \/><\/a><\/p>\n<p style=\"text-align: justify;\">N\u00e4heres dazu finden Sie auf der Unterseite &gt;<em>Frekena, <\/em>dort scrollen Sie ein St\u00fcck herunter bis zu &#8222;Die Beatus-Chronik&#8220;. \u2014<\/p>\n<p style=\"text-align: justify;\">Mehr \u00fcber Lesen, \u00fcber B\u00fccher und deren Wertsch\u00e4tzung, \u00fcber den Buchmarkt, \u00fcber mit dem Animus-Preis ausgezeichnete B\u00fccher, \u00fcber Weltliteratur und weitere empfohlene Lekt\u00fcre finden Sie auf der Unterseite &gt;<em>LITERATUR<\/em><em>&#8230;..(Die F.U.F.\u2013Bibliothek). <\/em>Die widmet sich besonders dem Buch und der Literatur, also dem Buch als Kulturgut.<\/p>\n<p><a href=\"https:\/\/www.fu-frechen.de\/wp-content\/uploads\/2013\/06\/13g+.jpg\"><img decoding=\"async\" loading=\"lazy\" class=\"aligncenter wp-image-256\" src=\"https:\/\/www.fu-frechen.de\/wp-content\/uploads\/2013\/06\/13g+-300x219.jpg\" alt=\"13g+\" width=\"114\" height=\"83\" srcset=\"https:\/\/www.fu-frechen.de\/wp-content\/uploads\/2013\/06\/13g+-300x219.jpg 300w, https:\/\/www.fu-frechen.de\/wp-content\/uploads\/2013\/06\/13g+-624x457.jpg 624w, https:\/\/www.fu-frechen.de\/wp-content\/uploads\/2013\/06\/13g+.jpg 864w\" sizes=\"(max-width: 114px) 100vw, 114px\" \/><\/a><\/p>\n","protected":false},"excerpt":{"rendered":"<p>Diese Seite ist online seit dem Tag des Buches am 23. April 2013. Damit wird die Bedeutung und Wertsch\u00e4tzung des Buches und damit \u2014 symbolisch \u2014 der Bildung \u00fcberhaupt unterstrichen. Dies steht keineswegs im Gegensatz zur Nutzung des Mediums Internet, vielmehr soll letzteres als notwendige Erg\u00e4nzung dienen in einer Welt, die zunehmend \u00fcber dieses Medium [&hellip;]<\/p>\n","protected":false},"author":1,"featured_media":0,"comment_status":"closed","ping_status":"closed","sticky":false,"template":"","format":"standard","meta":[],"categories":[1],"tags":[307,509],"_links":{"self":[{"href":"https:\/\/www.fu-frechen.de\/index.php?rest_route=\/wp\/v2\/posts\/1"}],"collection":[{"href":"https:\/\/www.fu-frechen.de\/index.php?rest_route=\/wp\/v2\/posts"}],"about":[{"href":"https:\/\/www.fu-frechen.de\/index.php?rest_route=\/wp\/v2\/types\/post"}],"author":[{"embeddable":true,"href":"https:\/\/www.fu-frechen.de\/index.php?rest_route=\/wp\/v2\/users\/1"}],"replies":[{"embeddable":true,"href":"https:\/\/www.fu-frechen.de\/index.php?rest_route=%2Fwp%2Fv2%2Fcomments&post=1"}],"version-history":[{"count":31,"href":"https:\/\/www.fu-frechen.de\/index.php?rest_route=\/wp\/v2\/posts\/1\/revisions"}],"predecessor-version":[{"id":8525,"href":"https:\/\/www.fu-frechen.de\/index.php?rest_route=\/wp\/v2\/posts\/1\/revisions\/8525"}],"wp:attachment":[{"href":"https:\/\/www.fu-frechen.de\/index.php?rest_route=%2Fwp%2Fv2%2Fmedia&parent=1"}],"wp:term":[{"taxonomy":"category","embeddable":true,"href":"https:\/\/www.fu-frechen.de\/index.php?rest_route=%2Fwp%2Fv2%2Fcategories&post=1"},{"taxonomy":"post_tag","embeddable":true,"href":"https:\/\/www.fu-frechen.de\/index.php?rest_route=%2Fwp%2Fv2%2Ftags&post=1"}],"curies":[{"name":"wp","href":"https:\/\/api.w.org\/{rel}","templated":true}]}}