{"id":1197,"date":"2014-01-03T00:47:09","date_gmt":"2014-01-02T23:47:09","guid":{"rendered":"http:\/\/www.fu-frechen.de\/?p=1197"},"modified":"2020-03-17T23:30:36","modified_gmt":"2020-03-17T22:30:36","slug":"2014-ein-gedenkjahr","status":"publish","type":"post","link":"https:\/\/www.fu-frechen.de\/?p=1197","title":{"rendered":"2014 &#8211; ein Gedenkjahr"},"content":{"rendered":"<p style=\"text-align: justify;\"><a href=\"https:\/\/www.fu-frechen.de\/wp-content\/uploads\/2014\/01\/80a.jpg\"><img decoding=\"async\" loading=\"lazy\" class=\" wp-image-1200 alignleft\" src=\"https:\/\/www.fu-frechen.de\/wp-content\/uploads\/2014\/01\/80a-300x237.jpg\" alt=\"80a\" width=\"247\" height=\"195\" srcset=\"https:\/\/www.fu-frechen.de\/wp-content\/uploads\/2014\/01\/80a-300x237.jpg 300w, https:\/\/www.fu-frechen.de\/wp-content\/uploads\/2014\/01\/80a.jpg 589w\" sizes=\"(max-width: 247px) 100vw, 247px\" \/><\/a><strong>W<\/strong>ir schreiben das Jahr <strong>2014<\/strong>, die Gedenkentr\u00e4ger setzen die Fanfaren an und k\u00fcndigen uns ein besonderes <strong>Gedenkjahr<\/strong> an: 1. Vor 100 Jahren, 1914, begann der Erste Weltkrieg. 2. Vor 450 Jahren wurde William Shakespeare geboren,\u00a0 immer noch der ber\u00fchmteste Dramatiker der Kulturgeschichte, dessen St\u00fccke weiterhin auf den Spielpl\u00e4nen der Theater erscheinen. 3. Ferner gibt&#8217;s noch einiges vor x Jahren, an das auch erinnert wird. Die Medien machen ja immer gro\u00df auf mit runden Jubil\u00e4en oder Gedenkjahren.<\/p>\n<p style=\"text-align: justify;\">Aber bedarf es solcher Jahresrunden, um sich an den wahrhaft schrecklichen Ersten Weltkrieg zu erinnern? Auch Shakespeare bedarf keiner Extra-Jubil\u00e4en, der Dichter ist doch omnipr\u00e4sent &#8211; als B\u00fchnenautor, als bekannte historische Pers\u00f6nlichkeit in allen Quizsendungen, als Lieferant von gefl\u00fcgelten Worten f\u00fcr Bildungsb\u00fcrger, als <em>das<\/em> kulturelle Highlight Englands \u00fcber die Jahrhunderte. (siehe auch &gt;<em>This Wooden O<\/em>)<\/p>\n<p style=\"text-align: justify;\">Der Erste Weltkrieg (1914-18) ist ein Zivilisationsbruch, er ersch\u00fctterte das Selbstbewusstsein und Selbstverst\u00e4ndnis der Europ\u00e4er &#8211; und war auch real der Anfang vom Ende der europ\u00e4ischen Dominanz auf dem Globus. Allerdings war auch der Zweite Weltkrieg (1939-45) ein Zivilisationsbruch, vor allem f\u00fcr die deutsche Seele: Der industrialisierte V\u00f6lkermord, basierend auf einer extrem menschenfeindlichen, weil rassistischen und sozialdarwinistischen Ideologie, war ein Tiefschlag f\u00fcr das Land der Dichter und Denker, das sich zur kulturellen Weltelite z\u00e4hlte. Ganz folgerichtig war Deutschland nach 1945 lange Jahre international ge\u00e4chtet, verfemt als Ausl\u00f6ser des Zweiten Weltkriegs ebenso wie als Land, das sich dazu hinrei\u00dfen lie\u00df, ein verbrecherisches, mordendes Regime zu unterst\u00fctzen.<\/p>\n<p style=\"text-align: justify;\">Zum Ersten Weltkrieg, der den Fortschrittsglauben in der westlichen Zivilisation ersch\u00fctterte, gibt es hier auf <span style=\"text-decoration: underline;\">fu-frechen.de<\/span> unter <em>&gt;Clio<\/em> den Beitrag &#8222;Apropos: Fortschritt&#8220;, der diese Dimension n\u00e4her beleuchtet; er ist au\u00dferdem die Gru\u00dfbotschaft des SR der F.U.F. zum Gedenkjahr. Bei dieser Gelegenheit sei auch daran erinnert, dass ein &gt;&#8220;Gedenk- und Feierkalender der F.U.F.&#8220; auf dieser Website unter <em>&gt;F.U.F. &#8211; der Club <\/em>zu finden ist; und der gilt nicht nur in besonderen Jahresrunden.<\/p>\n<p style=\"text-align: left;\">W. R., 02.01.2014 <a href=\"https:\/\/www.fu-frechen.de\/wp-content\/uploads\/2013\/06\/13g+.jpg\"><img decoding=\"async\" loading=\"lazy\" class=\" wp-image-256 aligncenter\" src=\"https:\/\/www.fu-frechen.de\/wp-content\/uploads\/2013\/06\/13g+-300x219.jpg\" alt=\"13g+\" width=\"115\" height=\"84\" srcset=\"https:\/\/www.fu-frechen.de\/wp-content\/uploads\/2013\/06\/13g+-300x219.jpg 300w, https:\/\/www.fu-frechen.de\/wp-content\/uploads\/2013\/06\/13g+-624x457.jpg 624w, https:\/\/www.fu-frechen.de\/wp-content\/uploads\/2013\/06\/13g+.jpg 864w\" sizes=\"(max-width: 115px) 100vw, 115px\" \/><\/a><\/p>\n","protected":false},"excerpt":{"rendered":"<p>Wir schreiben das Jahr 2014, die Gedenkentr\u00e4ger setzen die Fanfaren an und k\u00fcndigen uns ein besonderes Gedenkjahr an: 1. Vor 100 Jahren, 1914, begann der Erste Weltkrieg. 2. Vor 450 Jahren wurde William Shakespeare geboren,\u00a0 immer noch der ber\u00fchmteste Dramatiker der Kulturgeschichte, dessen St\u00fccke weiterhin auf den Spielpl\u00e4nen der Theater erscheinen. 3. Ferner gibt&#8217;s noch [&hellip;]<\/p>\n","protected":false},"author":3,"featured_media":0,"comment_status":"closed","ping_status":"open","sticky":false,"template":"","format":"standard","meta":[],"categories":[1,530,445],"tags":[165,164,167,162,163,161,166],"_links":{"self":[{"href":"https:\/\/www.fu-frechen.de\/index.php?rest_route=\/wp\/v2\/posts\/1197"}],"collection":[{"href":"https:\/\/www.fu-frechen.de\/index.php?rest_route=\/wp\/v2\/posts"}],"about":[{"href":"https:\/\/www.fu-frechen.de\/index.php?rest_route=\/wp\/v2\/types\/post"}],"author":[{"embeddable":true,"href":"https:\/\/www.fu-frechen.de\/index.php?rest_route=\/wp\/v2\/users\/3"}],"replies":[{"embeddable":true,"href":"https:\/\/www.fu-frechen.de\/index.php?rest_route=%2Fwp%2Fv2%2Fcomments&post=1197"}],"version-history":[{"count":8,"href":"https:\/\/www.fu-frechen.de\/index.php?rest_route=\/wp\/v2\/posts\/1197\/revisions"}],"predecessor-version":[{"id":6276,"href":"https:\/\/www.fu-frechen.de\/index.php?rest_route=\/wp\/v2\/posts\/1197\/revisions\/6276"}],"wp:attachment":[{"href":"https:\/\/www.fu-frechen.de\/index.php?rest_route=%2Fwp%2Fv2%2Fmedia&parent=1197"}],"wp:term":[{"taxonomy":"category","embeddable":true,"href":"https:\/\/www.fu-frechen.de\/index.php?rest_route=%2Fwp%2Fv2%2Fcategories&post=1197"},{"taxonomy":"post_tag","embeddable":true,"href":"https:\/\/www.fu-frechen.de\/index.php?rest_route=%2Fwp%2Fv2%2Ftags&post=1197"}],"curies":[{"name":"wp","href":"https:\/\/api.w.org\/{rel}","templated":true}]}}