{"id":1235,"date":"2014-01-05T21:49:19","date_gmt":"2014-01-05T20:49:19","guid":{"rendered":"http:\/\/www.fu-frechen.de\/?p=1235"},"modified":"2019-10-07T18:30:57","modified_gmt":"2019-10-07T16:30:57","slug":"drei-koenige","status":"publish","type":"post","link":"https:\/\/www.fu-frechen.de\/?p=1235","title":{"rendered":"Drei K\u00f6nige"},"content":{"rendered":"<p style=\"text-align: justify;\"><strong>V<\/strong>on den Gebeinen der Heiligen Drei K\u00f6nige, die als Reliquien in einem goldenen Schrein im<a href=\"https:\/\/www.fu-frechen.de\/wp-content\/uploads\/2014\/01\/1ba.jpg\"><img decoding=\"async\" loading=\"lazy\" class=\"alignright  wp-image-1262\" src=\"https:\/\/www.fu-frechen.de\/wp-content\/uploads\/2014\/01\/1ba-300x148.jpg\" alt=\"1ba\" width=\"175\" height=\"112\" \/><\/a> K\u00f6lner Dom liegen, war bereits die Rede*. Dennoch firmiert dieser Beitrag nicht unter &#8222;K\u00f6ln-Notizen&#8220;, denn thematisch ist er universal ausgerichtet, zumindest aber Deutschland betreffend.<\/p>\n<p style=\"text-align: justify;\"><a href=\"https:\/\/www.fu-frechen.de\/wp-content\/uploads\/2014\/01\/28+.jpg\"><img decoding=\"async\" loading=\"lazy\" class=\" wp-image-1212 alignleft\" src=\"https:\/\/www.fu-frechen.de\/wp-content\/uploads\/2014\/01\/28+-198x300.jpg\" alt=\"28+\" width=\"229\" height=\"347\" srcset=\"https:\/\/www.fu-frechen.de\/wp-content\/uploads\/2014\/01\/28+-198x300.jpg 198w, https:\/\/www.fu-frechen.de\/wp-content\/uploads\/2014\/01\/28+-676x1024.jpg 676w, https:\/\/www.fu-frechen.de\/wp-content\/uploads\/2014\/01\/28+-624x944.jpg 624w, https:\/\/www.fu-frechen.de\/wp-content\/uploads\/2014\/01\/28+.jpg 2005w\" sizes=\"(max-width: 229px) 100vw, 229px\" \/><\/a>Die links abgebildete Comic-Skizze ist zwar schon \u00fcber zwei Jahrzehnte alt, spiegelt aber immer noch den in Deutschland verbreiteten, popul\u00e4ren Tenor gegen\u00fcber Ausl\u00e4ndern wider. (Technischer Hinweis: Mit einem Mausklick auf die Abb. wird alles deutlicher und gr\u00f6\u00dfer.)<\/p>\n<p style=\"text-align: justify;\">Wir haben in Deutschland eben keine Willkommenskultur gegen\u00fcber Fremden, die Fremden sind als wenige einzelne Exoten geduldet, bei gr\u00f6\u00dferen Zahlen von Zuwanderung breitet sich in der eingesessenen Bev\u00f6lkerung ein Bedrohungsgef\u00fchl aus.<\/p>\n<p style=\"text-align: justify;\">Statistiken und Fakten m\u00f6gen belegen, dass sie keine Bedrohung darstellen, diese werden jedoch weitgehend ignoriert: Die Gef\u00fchle sind st\u00e4rker. In dem Fremden wird nicht der Mensch gesehen, sondern eine Bedrohung des eigenen Besitzstandes. Und was nicht bedrohlich aussieht, das wird misstrauisch be\u00e4ugt, und man unterstellt verborgene Absichten.<\/p>\n<p style=\"text-align: justify;\">Es gibt gen\u00fcgend psychologische Studien. die diese Mentalit\u00e4t, oder besser: Gef\u00fchlslage einer Pers\u00f6nlichkeitsstruktur erkl\u00e4ren. Sie kommt bei Menschen weltweit vor. Doch scheint sie in manchen Gegenden und L\u00e4ndern st\u00e4rker aufzutreten.<\/p>\n<p style=\"text-align: justify;\">Der Mensch h\u00e4ngt am Gewohnten, weil es scheinbar Sicherheit gibt, Orientierung in der eigenen Lebenswelt, ein Gef\u00fchl der Geborgenheit. Da st\u00f6ren bzw. verst\u00f6ren Menschen, die von au\u00dfen kommen, von denen man annehmen muss, dass sie andere Werte und Gewohnheiten sch\u00e4tzen.<\/p>\n<p style=\"text-align: justify;\">Einige Menschen begegnen solchen Fremden mit Neugier und Offenheit, betrachten sie sogar als Bereicherung des allzu vertrauten heimatlichen Spektrums. Doch andere reagieren mit Misstrauen und Ablehnung, wie gesagt, und verbarrikadieren sich mit Gleichgesinnten in einer mentalen Wagenburg. Sie wollen unter sich bleiben. Die Abwehr des Fremden schlie\u00dft die eigenen Reihen fester zusammen.<\/p>\n<p style=\"text-align: justify;\">Man findet solche Vorg\u00e4nge nicht etwa nur in abgeschiedenen D\u00f6rfern, sie treten \u00e4hnlich z.B. auch im Kollegenkreis eines Betriebes in der Gro\u00dfstadt auf, wo sich eine Cliquenwirtschaft gebildet hat und ein Neuer erstmal nicht dazugeh\u00f6rt. Wenn der sich nicht bald als Gleichgesinnter integriert, wird er sehr schnell zum Mobbingopfer. Die Clique tobt dabei niedere Instinkte und eigene Angst- oder Minderwertigkeitskomplexe aus, ohne sich dessen bewusst zu werden. Manche machen auch mit, um nicht selbst Mobbingopfer zu werden.<\/p>\n<p style=\"text-align: justify;\">Das Fatale ist, dass ein latentes Bedrohungsgef\u00fchl durchaus berechtigt sein kann, z.B. wenn betriebsbedingte K\u00fcndigungen ins Haus stehen, dass aber kein Gegner konkret fassbar ist und die Bedrohten sich im Mobbing abreagieren, sich also eher gegenseitig das Leben noch schwerer machen. Dies scheint umso n\u00e4her zu liegen, je weniger die Verunsicherten Mittel und Wege kennen, sich mit Anderen in \u00e4hnlicher Lage zusammenzutun und gemeinsam Gegenwehr zu entwickeln und zu organisieren.<\/p>\n<p style=\"text-align: justify;\">Die Erz\u00e4hlung von den Heiligen Drei K\u00f6nigen mag teilweise oder ganz erfunden sein. Zu Anfang war auch von Weisen die Rede, die nach Bethlehem kamen. Vielleicht brachten sie ja Geschenke, die in anderem Sinne wertvoll waren: Weisheit, die sie Anderen mitteilten, wie: &#8222;Der Zufriedene ist immer der Reichste.&#8220; Und vielleicht wurde sp\u00e4ter von K\u00f6nigen gesprochen, weil eine andere ihrer Weisheiten lautete: &#8222;Froh zu sein, bedarf es wenig, und wer froh ist, ist ein K\u00f6nig.&#8220;<\/p>\n<div id=\"attachment_1266\" style=\"width: 266px\" class=\"wp-caption aligncenter\"><a href=\"https:\/\/www.fu-frechen.de\/wp-content\/uploads\/2014\/01\/1d-The-Three-Magi-rocking.jpg\"><img aria-describedby=\"caption-attachment-1266\" decoding=\"async\" loading=\"lazy\" class=\" wp-image-1266  \" src=\"https:\/\/www.fu-frechen.de\/wp-content\/uploads\/2014\/01\/1d-The-Three-Magi-rocking-300x225.jpg\" alt=\"1d-The Three Magi rocking\" width=\"256\" height=\"193\" srcset=\"https:\/\/www.fu-frechen.de\/wp-content\/uploads\/2014\/01\/1d-The-Three-Magi-rocking-300x225.jpg 300w, https:\/\/www.fu-frechen.de\/wp-content\/uploads\/2014\/01\/1d-The-Three-Magi-rocking-1024x768.jpg 1024w, https:\/\/www.fu-frechen.de\/wp-content\/uploads\/2014\/01\/1d-The-Three-Magi-rocking-624x468.jpg 624w\" sizes=\"(max-width: 256px) 100vw, 256px\" \/><\/a><p id=\"caption-attachment-1266\" class=\"wp-caption-text\">The Three Magi, rocking with joy<\/p><\/div>\n<p style=\"text-align: justify;\">-SR-<\/p>\n<p style=\"text-align: justify;\">___________________________________<\/p>\n<p style=\"text-align: justify;\">* im Beitrag &#8222;Wie kam Audomar nach Frechen?&#8220; vom Juni 2013, zu finden auf der Unterseite &gt;<em>Frekena<\/em><\/p>\n<p style=\"text-align: center;\"><a href=\"https:\/\/www.fu-frechen.de\/wp-content\/uploads\/2013\/06\/13g+.jpg\"><img decoding=\"async\" loading=\"lazy\" class=\" wp-image-256 aligncenter\" src=\"https:\/\/www.fu-frechen.de\/wp-content\/uploads\/2013\/06\/13g+-300x219.jpg\" alt=\"13g+\" width=\"102\" height=\"74\" srcset=\"https:\/\/www.fu-frechen.de\/wp-content\/uploads\/2013\/06\/13g+-300x219.jpg 300w, https:\/\/www.fu-frechen.de\/wp-content\/uploads\/2013\/06\/13g+-624x457.jpg 624w, https:\/\/www.fu-frechen.de\/wp-content\/uploads\/2013\/06\/13g+.jpg 864w\" sizes=\"(max-width: 102px) 100vw, 102px\" \/><\/a><\/p>\n","protected":false},"excerpt":{"rendered":"<p>Von den Gebeinen der Heiligen Drei K\u00f6nige, die als Reliquien in einem goldenen Schrein im K\u00f6lner Dom liegen, war bereits die Rede*. Dennoch firmiert dieser Beitrag nicht unter &#8222;K\u00f6ln-Notizen&#8220;, denn thematisch ist er universal ausgerichtet, zumindest aber Deutschland betreffend. Die links abgebildete Comic-Skizze ist zwar schon \u00fcber zwei Jahrzehnte alt, spiegelt aber immer noch den [&hellip;]<\/p>\n","protected":false},"author":3,"featured_media":0,"comment_status":"closed","ping_status":"open","sticky":false,"template":"","format":"standard","meta":[],"categories":[1],"tags":[174,175,92,173,176],"_links":{"self":[{"href":"https:\/\/www.fu-frechen.de\/index.php?rest_route=\/wp\/v2\/posts\/1235"}],"collection":[{"href":"https:\/\/www.fu-frechen.de\/index.php?rest_route=\/wp\/v2\/posts"}],"about":[{"href":"https:\/\/www.fu-frechen.de\/index.php?rest_route=\/wp\/v2\/types\/post"}],"author":[{"embeddable":true,"href":"https:\/\/www.fu-frechen.de\/index.php?rest_route=\/wp\/v2\/users\/3"}],"replies":[{"embeddable":true,"href":"https:\/\/www.fu-frechen.de\/index.php?rest_route=%2Fwp%2Fv2%2Fcomments&post=1235"}],"version-history":[{"count":14,"href":"https:\/\/www.fu-frechen.de\/index.php?rest_route=\/wp\/v2\/posts\/1235\/revisions"}],"predecessor-version":[{"id":5901,"href":"https:\/\/www.fu-frechen.de\/index.php?rest_route=\/wp\/v2\/posts\/1235\/revisions\/5901"}],"wp:attachment":[{"href":"https:\/\/www.fu-frechen.de\/index.php?rest_route=%2Fwp%2Fv2%2Fmedia&parent=1235"}],"wp:term":[{"taxonomy":"category","embeddable":true,"href":"https:\/\/www.fu-frechen.de\/index.php?rest_route=%2Fwp%2Fv2%2Fcategories&post=1235"},{"taxonomy":"post_tag","embeddable":true,"href":"https:\/\/www.fu-frechen.de\/index.php?rest_route=%2Fwp%2Fv2%2Ftags&post=1235"}],"curies":[{"name":"wp","href":"https:\/\/api.w.org\/{rel}","templated":true}]}}