{"id":1802,"date":"2014-08-13T21:49:16","date_gmt":"2014-08-13T19:49:16","guid":{"rendered":"http:\/\/www.fu-frechen.de\/?p=1802"},"modified":"2014-10-07T22:06:42","modified_gmt":"2014-10-07T20:06:42","slug":"beati-pacifici","status":"publish","type":"post","link":"https:\/\/www.fu-frechen.de\/?p=1802","title":{"rendered":"Beati Pacifici"},"content":{"rendered":"<p style=\"text-align: justify;\"><a href=\"https:\/\/www.fu-frechen.de\/wp-content\/uploads\/2014\/08\/76+.jpg\"><img decoding=\"async\" loading=\"lazy\" class=\"alignleft wp-image-1806 \" src=\"https:\/\/www.fu-frechen.de\/wp-content\/uploads\/2014\/08\/76+-300x296.jpg\" alt=\"76+\" width=\"202\" height=\"199\" srcset=\"https:\/\/www.fu-frechen.de\/wp-content\/uploads\/2014\/08\/76+-300x296.jpg 300w, https:\/\/www.fu-frechen.de\/wp-content\/uploads\/2014\/08\/76+-1024x1011.jpg 1024w, https:\/\/www.fu-frechen.de\/wp-content\/uploads\/2014\/08\/76+-624x616.jpg 624w\" sizes=\"(max-width: 202px) 100vw, 202px\" \/><\/a>&#8222;<strong>B<\/strong>eati Pacifici&#8220;, so lautet in Latein eine der Seligpreisungen Jesu in der Bergpredigt: &#8222;Selig sind die Friedfertigen.&#8220; Dazu findet man allgemeing\u00fcltige Aussagen und \u00dcberlegungen in dieser Website auf &gt;<em>Clio<\/em>. Doch aktuell muss man sich dazu positionieren, dass in einigen Teilen der Welt Gewalt, Krieg und Terror gegen Schw\u00e4chere das Bild der Nachrichten bestimmen. Pazifismus sch\u00f6n und gut &#8211; wenn man es sich leisten kann, mit sauberen, unblutigen H\u00e4nden zuzuschauen. Aber was ist, wenn man Gewalt und Mord zuschaut und wom\u00f6glich in der Lage w\u00e4re, einzuschreiten und Leben zu retten?<\/p>\n<p style=\"text-align: justify;\">Im privaten Bereich mag das jeder Mensch f\u00fcr sich allein entscheiden k\u00f6nnen (aber sich ggf. auch dem Vorwurf der &#8222;unterlassenen Hilfeleistung&#8220; stellen m\u00fcssen). Und wie sieht es in der internationalen Politik aus? Derzeit (Sommer 2014) erscheint die Welt als Tollhaus, zumindest dann, wenn man mitbekommt, welche Themen und Schaupl\u00e4tze die Nachrichten beherrschen. Krisenherde zuhauf:\u00a0 Syrien, Ukraine, Libyen, Nigeria, Pal\u00e4stina, Irak,&#8230; und das sind noch l\u00e4ngst nicht alle aktuellen Konflikregionen. Dort scheinen unzug\u00e4ngliche Hardliner, Kriegstreiber und Fanatiker die B\u00fchne zu beherrschen.<\/p>\n<p style=\"text-align: justify;\">Ein Tollhaus, wenn man bedenkt, dass Rezepte f\u00fcr ein friedliches Miteinander l\u00e4ngst vorliegen. Doch wer h\u00f6rt z.B. auf die Friedensforscher, die solche Rezepte erforscht und entwickelt haben? Wo erst einmal die Emotionen aufgeputscht sind, dringt die Stimme der Vernunft nicht mehr durch.<\/p>\n<p style=\"text-align: justify;\">Und Deutschland, bisher immer abseits stehend, und mit Hinweis auf seine j\u00fcngere Geschichte sehr zur\u00fcckhaltend mit milit\u00e4rischer Beteiligung an internationalen Befriedungsaktionen, kann sich auf Dauer nicht so heraushalten wie bisher. Es gab schon milit\u00e4rische Beitr\u00e4ge in Afghanistan und anderswo, aber als Weltpolizisten und deren Helfer lie\u00dfen wir gern Anderen den Vortritt.<\/p>\n<p style=\"text-align: justify;\">Nun Irak: Pl\u00f6tzlich hei\u00dft es, ein Genozid an Jesiden und anderen Volksgruppen im Irak muss verhindert werden. Und andere Regierungen, die eingreifen, fragen auch die deutsche: Was k\u00f6nnt, was wollt ihr beitragen? Die innerdeutsche Debatte ist er\u00f6ffnet. Dazu ein Beitrag: <a href=\"http:\/\/www.tagesspiegel.de\/meinung\/andere-meinung\/hilfe-fuer-kurden-deutschlands-planlose-irak-politik\/10328176.html\">Hilfe f\u00fcr Kurden: Deutschlands planlose Irak-Politik &#8211; Andere Meinung &#8211; Meinung &#8211; Tagesspiegel <\/a><\/p>\n<p style=\"text-align: justify;\">Diese Debatte kann niemanden unber\u00fchrt lassen. Deutschland hat mit Waffenexporten schon viel Geld verdient. Soll es weiter seine H\u00e4nde in<a href=\"https:\/\/www.fu-frechen.de\/wp-content\/uploads\/2014\/08\/61+.jpg\"><img decoding=\"async\" loading=\"lazy\" class=\"alignright wp-image-1807 \" src=\"https:\/\/www.fu-frechen.de\/wp-content\/uploads\/2014\/08\/61+-300x208.jpg\" alt=\"61+\" width=\"186\" height=\"129\" srcset=\"https:\/\/www.fu-frechen.de\/wp-content\/uploads\/2014\/08\/61+-300x208.jpg 300w, https:\/\/www.fu-frechen.de\/wp-content\/uploads\/2014\/08\/61+-624x432.jpg 624w, https:\/\/www.fu-frechen.de\/wp-content\/uploads\/2014\/08\/61+.jpg 842w\" sizes=\"(max-width: 186px) 100vw, 186px\" \/><\/a> Unschuld waschen und sich nicht darum k\u00fcmmern, was Andere mit diesen Waffen anstellen? Das ist Gespr\u00e4chsstoff!<\/p>\n<p style=\"text-align: justify;\">Man bedenke auch die Konsequenzen, wenn man im fernen Ausland milit\u00e4risch eingreift. Man kann das von Fall zu Fall entscheiden, dabei aber auch \u00dcberraschungen erleben, weil nicht alles nach Plan verl\u00e4uft. Sch\u00f6n, dass die Regierung Schr\u00f6der sich 2002 entschieden hat, im Irak nicht mit einzumarschieren. Afghanistan war dann ein anderer Fall, oder? &#8222;Nichts ist gut in Afghanistan&#8220;, stellte nach einigen Jahren Margot K\u00e4\u00dfmann fest. Und wer m\u00f6chte ihr, nach weiteren Jahren, da widersprechen?<\/p>\n<p style=\"text-align: justify;\">US-Pr\u00e4sident Obama wollte die US-Soldaten aus dem Irak nach Hause holen und tat dies dann auch. Und jetzt? Der Irak ist ein politischer Scherbenhaufen, und die Gewaltbesessenen, die sich &#8222;Islamischer Staat&#8220; nennen, nutzen das zu einer Offensive, der sich einheimische Kr\u00e4fte nicht entgegenstellen k\u00f6nnen. Zuschauen ist falsch, Eingreifen wom\u00f6glich auch, wenn nicht alles nach Plan l\u00e4uft.<\/p>\n<p style=\"text-align: justify;\">Nun diskutiert mal sch\u00f6n!<\/p>\n<p>W. R. 13.08.2014<\/p>\n<div id=\"attachment_1213\" style=\"width: 292px\" class=\"wp-caption aligncenter\"><a href=\"https:\/\/www.fu-frechen.de\/wp-content\/uploads\/2014\/01\/016+.jpg\"><img aria-describedby=\"caption-attachment-1213\" decoding=\"async\" loading=\"lazy\" class=\"wp-image-1213\" src=\"https:\/\/www.fu-frechen.de\/wp-content\/uploads\/2014\/01\/016+-300x107.jpg\" alt=\"016+\" width=\"282\" height=\"101\" \/><\/a><p id=\"caption-attachment-1213\" class=\"wp-caption-text\">Homo sapiens, bei Teilabschaltung seines hochgelobten Gehirns, sich gegenseitig abschlachtend<\/p><\/div>\n","protected":false},"excerpt":{"rendered":"<p>&#8222;Beati Pacifici&#8220;, so lautet in Latein eine der Seligpreisungen Jesu in der Bergpredigt: &#8222;Selig sind die Friedfertigen.&#8220; Dazu findet man allgemeing\u00fcltige Aussagen und \u00dcberlegungen in dieser Website auf &gt;Clio. Doch aktuell muss man sich dazu positionieren, dass in einigen Teilen der Welt Gewalt, Krieg und Terror gegen Schw\u00e4chere das Bild der Nachrichten bestimmen. Pazifismus sch\u00f6n [&hellip;]<\/p>\n","protected":false},"author":3,"featured_media":0,"comment_status":"closed","ping_status":"open","sticky":false,"template":"","format":"standard","meta":[],"categories":[1],"tags":[222,217,219,221,218,223,216,220],"_links":{"self":[{"href":"https:\/\/www.fu-frechen.de\/index.php?rest_route=\/wp\/v2\/posts\/1802"}],"collection":[{"href":"https:\/\/www.fu-frechen.de\/index.php?rest_route=\/wp\/v2\/posts"}],"about":[{"href":"https:\/\/www.fu-frechen.de\/index.php?rest_route=\/wp\/v2\/types\/post"}],"author":[{"embeddable":true,"href":"https:\/\/www.fu-frechen.de\/index.php?rest_route=\/wp\/v2\/users\/3"}],"replies":[{"embeddable":true,"href":"https:\/\/www.fu-frechen.de\/index.php?rest_route=%2Fwp%2Fv2%2Fcomments&post=1802"}],"version-history":[{"count":7,"href":"https:\/\/www.fu-frechen.de\/index.php?rest_route=\/wp\/v2\/posts\/1802\/revisions"}],"predecessor-version":[{"id":1868,"href":"https:\/\/www.fu-frechen.de\/index.php?rest_route=\/wp\/v2\/posts\/1802\/revisions\/1868"}],"wp:attachment":[{"href":"https:\/\/www.fu-frechen.de\/index.php?rest_route=%2Fwp%2Fv2%2Fmedia&parent=1802"}],"wp:term":[{"taxonomy":"category","embeddable":true,"href":"https:\/\/www.fu-frechen.de\/index.php?rest_route=%2Fwp%2Fv2%2Fcategories&post=1802"},{"taxonomy":"post_tag","embeddable":true,"href":"https:\/\/www.fu-frechen.de\/index.php?rest_route=%2Fwp%2Fv2%2Ftags&post=1802"}],"curies":[{"name":"wp","href":"https:\/\/api.w.org\/{rel}","templated":true}]}}