{"id":1816,"date":"2014-09-01T22:02:04","date_gmt":"2014-09-01T20:02:04","guid":{"rendered":"http:\/\/www.fu-frechen.de\/?p=1816"},"modified":"2015-06-21T12:45:05","modified_gmt":"2015-06-21T10:45:05","slug":"1816","status":"publish","type":"post","link":"https:\/\/www.fu-frechen.de\/?p=1816","title":{"rendered":"Frieden schaffen ohne Waffen?"},"content":{"rendered":"<p style=\"text-align: justify;\"><strong><a href=\"https:\/\/www.fu-frechen.de\/wp-content\/uploads\/2014\/09\/1b.jpg\"><img decoding=\"async\" loading=\"lazy\" class=\"alignleft wp-image-1839 \" src=\"https:\/\/www.fu-frechen.de\/wp-content\/uploads\/2014\/09\/1b-262x300.jpg\" alt=\"1b\" width=\"63\" height=\"72\" srcset=\"https:\/\/www.fu-frechen.de\/wp-content\/uploads\/2014\/09\/1b-262x300.jpg 262w, https:\/\/www.fu-frechen.de\/wp-content\/uploads\/2014\/09\/1b-624x714.jpg 624w, https:\/\/www.fu-frechen.de\/wp-content\/uploads\/2014\/09\/1b.jpg 671w\" sizes=\"(max-width: 63px) 100vw, 63px\" \/><\/a>M<\/strong> 1. September, dem Anti-Kriegstag und inzwischen Welt-Friedenstag, lese ich in der Zeitung, dass die Bundesregierung sich zu Waffenlieferungen an die Kurden im Nord-Irak entschlossen hat. Man h\u00f6rte dieser Tage , dass laut Umfragen zwei Drittel der Deutschen gegen solche Waffenlieferungen seien.<br \/>\nDie Gegner verlauten: humanit\u00e4re Hilfe ja, Waffen nein. Und manche verweisen darauf: Waffen k\u00f6nnten &#8222;in falsche H\u00e4nde geraten&#8220;, und au\u00dferdem g\u00e4be es im Irak eh schon viel zuviele Waffen.<br \/>\nWenn ich auf die Nachrichten aus dem Irak schaue und die berichtete milit\u00e4rische Lage, dann frage ich mich aber auch:<br \/>\n1. Kann nicht auch humanit\u00e4re Hilfe in falsche H\u00e4nde geraten? Was ist, wenn IS-Banden die Fl\u00fcchtlingstrecks und -lager \u00fcberrennen und ihnen, denen sie <a href=\"https:\/\/www.fu-frechen.de\/wp-content\/uploads\/2014\/09\/62-Vom-Panzer-\u00fcberrollt-1968.jpg\"><img decoding=\"async\" loading=\"lazy\" class=\"alignleft wp-image-1828 \" src=\"https:\/\/www.fu-frechen.de\/wp-content\/uploads\/2014\/09\/62-Vom-Panzer-\u00fcberrollt-1968-300x180.jpg\" alt=\"62-Vom Panzer \u00fcberrollt, 1968\" width=\"248\" height=\"149\" srcset=\"https:\/\/www.fu-frechen.de\/wp-content\/uploads\/2014\/09\/62-Vom-Panzer-\u00fcberrollt-1968-300x180.jpg 300w, https:\/\/www.fu-frechen.de\/wp-content\/uploads\/2014\/09\/62-Vom-Panzer-\u00fcberrollt-1968-1024x614.jpg 1024w, https:\/\/www.fu-frechen.de\/wp-content\/uploads\/2014\/09\/62-Vom-Panzer-\u00fcberrollt-1968-624x374.jpg 624w\" sizes=\"(max-width: 248px) 100vw, 248px\" \/><\/a>eh den Tod w\u00fcnschen, die gespendeten Lebensmittel und Medikamente wegnehmen?<br \/>\n2. Eigentlich kann es niemandem verborgen bleiben, dass die Fl\u00fcchtlinge und die anderen vom Vormarsch der IS-Milizen bedrohten Menschen milit\u00e4rischen Schutz brauchen. Wer au\u00dfer den kurdischen Peschmerga-K\u00e4mpfern kann Bodentruppen aufbieten, die sich dem IS entgegenstellen?<br \/>\n3. Wie kann also wirksame Hilfe aussehen? Die Peschmerga sind den IS-Leuten an moderner Ausr\u00fcstung unterlegen. Eine gute Kampfmoral hilft zwar, leidet aber unter Misserfolgen aufgrund fehlender Waffen.<br \/>\n4. Eine nur-humanit\u00e4re Hilfe kann unter diesen Umst\u00e4nden zur Symbolpolitik werden, die nur unser Gewissen beruhigt, praktisch aber den Notleidenden nicht hilft (\u00e4hnlich wie z.B. manch fehlgeleitete Entwicklungshilfe).<br \/>\n5. Was hilft \u00fcberhaupt gegen Gewaltverbrecher, die in gro\u00dfen Scharen mit \u00e4u\u00dferster Brutalitat vorgehen, die gro\u00dfe Mengen an Waffen und Geld und dazu noch den Schrecken vor ihrer Grausamkeit als Mittel einsetzen?<\/p>\n<p style=\"text-align: justify;\">Mir scheint, es n\u00fctzt uns nichts, mit hehren Prinzipien der Gewaltlosigkeit ins Himmelreich einziehen zu wollen, wenn wir das in dieser realen Welt mit einem Laissez-faire gegen\u00fcber den Gewaltt\u00e4tigen erkaufen. Es k\u00f6nnte sein, dass wir uns am Ende nicht im Himmel wiederfinden&#8230; denn: Der strenge Blick des Richters k\u00f6nnte auf die Verantwortung blicken und fragen: Was habt Ihr getan, um die Bedrohten zu retten? Hattet Ihr nicht die M\u00f6glichkeit dazu?<\/p>\n<p style=\"text-align: justify;\">&#8222;Selig sind die Friedfertigen&#8220; (vgl. unten den Beitrag &#8222;Beati Pacifici&#8220; vom 13.08.2014) &#8211; ein guter Grundsatz, wo Frieden bewahrt oder herbeigef\u00fchrt werden kann. Doch eine solche Situation ist derzeit im Nordirak nicht in Sicht: Dort ist eine Bande von Mordbuben unterwegs, die Gewalt und Tod verherrlichen und sich als gro\u00dfartige M\u00e4nner f\u00fchlen, von denen viele glauben, dass ihnen obendrein noch eine Belohnung im Jenseits winke. Dieser Wahnsinn, in dem sie die Kreuzfahrer des Mittelalters noch zu \u00fcbertreffen scheinen, hat Methode und ist weder mit moralischen Appellen noch mit Friedensangeboten zu stoppen.<\/p>\n<p style=\"text-align: justify;\">Sollte man nicht in Zukunft auch f\u00fcr andere Krisen- und Kriegsgebiete \u00fcberlegen, ob dort Friedfertigkeit allein eine De-Eskalation bewirken kann? Denn es kann sein, dass Friedfertigkeit von den Militanten nur als Zeichen der Schw\u00e4che und Ermutigung zu dreisterem Vorgehen verstanden wird. Richtig und wichtig ist immer, in jedem Einzelfall die Lage zu analysieren und gut nachzudenken, ehe man sich zu einer Form des Eingreifens, zum Abwarten oder Zuschauen entscheidet. Wer sich zum Wegschauen entscheidet, k\u00f6nnte selbst einmal in Not allein gelassen werden.<\/p>\n<p>\u00a0W. R.<\/p>\n","protected":false},"excerpt":{"rendered":"<p>M 1. September, dem Anti-Kriegstag und inzwischen Welt-Friedenstag, lese ich in der Zeitung, dass die Bundesregierung sich zu Waffenlieferungen an die Kurden im Nord-Irak entschlossen hat. Man h\u00f6rte dieser Tage , dass laut Umfragen zwei Drittel der Deutschen gegen solche Waffenlieferungen seien. Die Gegner verlauten: humanit\u00e4re Hilfe ja, Waffen nein. Und manche verweisen darauf: Waffen [&hellip;]<\/p>\n","protected":false},"author":3,"featured_media":0,"comment_status":"closed","ping_status":"open","sticky":false,"template":"","format":"standard","meta":[],"categories":[1],"tags":[226,219,228,225,224,227],"_links":{"self":[{"href":"https:\/\/www.fu-frechen.de\/index.php?rest_route=\/wp\/v2\/posts\/1816"}],"collection":[{"href":"https:\/\/www.fu-frechen.de\/index.php?rest_route=\/wp\/v2\/posts"}],"about":[{"href":"https:\/\/www.fu-frechen.de\/index.php?rest_route=\/wp\/v2\/types\/post"}],"author":[{"embeddable":true,"href":"https:\/\/www.fu-frechen.de\/index.php?rest_route=\/wp\/v2\/users\/3"}],"replies":[{"embeddable":true,"href":"https:\/\/www.fu-frechen.de\/index.php?rest_route=%2Fwp%2Fv2%2Fcomments&post=1816"}],"version-history":[{"count":16,"href":"https:\/\/www.fu-frechen.de\/index.php?rest_route=\/wp\/v2\/posts\/1816\/revisions"}],"predecessor-version":[{"id":2192,"href":"https:\/\/www.fu-frechen.de\/index.php?rest_route=\/wp\/v2\/posts\/1816\/revisions\/2192"}],"wp:attachment":[{"href":"https:\/\/www.fu-frechen.de\/index.php?rest_route=%2Fwp%2Fv2%2Fmedia&parent=1816"}],"wp:term":[{"taxonomy":"category","embeddable":true,"href":"https:\/\/www.fu-frechen.de\/index.php?rest_route=%2Fwp%2Fv2%2Fcategories&post=1816"},{"taxonomy":"post_tag","embeddable":true,"href":"https:\/\/www.fu-frechen.de\/index.php?rest_route=%2Fwp%2Fv2%2Ftags&post=1816"}],"curies":[{"name":"wp","href":"https:\/\/api.w.org\/{rel}","templated":true}]}}