{"id":1929,"date":"2014-11-23T22:07:15","date_gmt":"2014-11-23T21:07:15","guid":{"rendered":"http:\/\/www.fu-frechen.de\/?p=1929"},"modified":"2014-12-07T17:41:49","modified_gmt":"2014-12-07T16:41:49","slug":"koeln-notizen-14-2","status":"publish","type":"post","link":"https:\/\/www.fu-frechen.de\/?p=1929","title":{"rendered":"K\u00f6ln-Notizen #16"},"content":{"rendered":"<p style=\"text-align: justify;\"><a href=\"https:\/\/www.fu-frechen.de\/wp-content\/uploads\/2014\/01\/50+s.jpg\"><img decoding=\"async\" loading=\"lazy\" class=\"alignleft wp-image-1215 \" src=\"https:\/\/www.fu-frechen.de\/wp-content\/uploads\/2014\/01\/50+s-300x191.jpg\" alt=\"50+s\" width=\"228\" height=\"145\" srcset=\"https:\/\/www.fu-frechen.de\/wp-content\/uploads\/2014\/01\/50+s-300x191.jpg 300w, https:\/\/www.fu-frechen.de\/wp-content\/uploads\/2014\/01\/50+s-1024x654.jpg 1024w, https:\/\/www.fu-frechen.de\/wp-content\/uploads\/2014\/01\/50+s-624x398.jpg 624w\" sizes=\"(max-width: 228px) 100vw, 228px\" \/><\/a><strong>W<\/strong>as unbedingt einmal gesagt werden muss:<\/p>\n<p style=\"text-align: justify;\">In K\u00f6ln, am Alter Markt, steht ein Haus, das sich durch eine einzigartige Besonderheit auszeichnet: Oben an der Dachkante schwebt eine Figur, gestaltet von einem K\u00fcnstler, die gutb\u00fcrgerlich erzogenen K\u00f6ln-Besuchern als unfl\u00e4tig oder gar obsz\u00f6n erscheinen k\u00f6nnte.<\/p>\n<p style=\"text-align: justify;\">Wer die K\u00f6lner Altstadt gut kennt, wei\u00df, was gemeint ist: Die Figur wird &#8222;Kallendresser&#8220; genannt, und wie das abgebildete Foto zeigt, schwebt sie dort oben in hockender Stellung, mit ganz entbl\u00f6\u00dftem Hintern. Der Name sagt, dass <a href=\"https:\/\/www.fu-frechen.de\/wp-content\/uploads\/2014\/11\/19-Kall..jpg\"><img decoding=\"async\" loading=\"lazy\" class=\"alignright wp-image-1930\" src=\"https:\/\/www.fu-frechen.de\/wp-content\/uploads\/2014\/11\/19-Kall.-256x300.jpg\" alt=\"19 Kall.\" width=\"188\" height=\"220\" srcset=\"https:\/\/www.fu-frechen.de\/wp-content\/uploads\/2014\/11\/19-Kall.-256x300.jpg 256w, https:\/\/www.fu-frechen.de\/wp-content\/uploads\/2014\/11\/19-Kall.-874x1024.jpg 874w, https:\/\/www.fu-frechen.de\/wp-content\/uploads\/2014\/11\/19-Kall.-624x731.jpg 624w, https:\/\/www.fu-frechen.de\/wp-content\/uploads\/2014\/11\/19-Kall..jpg 1038w\" sizes=\"(max-width: 188px) 100vw, 188px\" \/><\/a>dies jemand ist, der in die Dachkalle (=Dachrinne) sch&#8230; (sich stuhlgangm\u00e4\u00dfig erleichtert).<\/p>\n<p style=\"text-align: justify;\">Von Stadtf\u00fchrern in Person wie in Form von handlichen B\u00fcchern werden verschiedene Geschichten \u00fcber die Bedeutung dieser Figur erz\u00e4hlt &#8211; VERGESST diese blassen Fabeln! Alles Unfug und Verschleierung!<\/p>\n<p style=\"text-align: justify;\">Zur Aufkl\u00e4rung der Bev\u00f6lkerung und F\u00f6rderung ihrer politischen Bildung (schlie\u00dflich l\u00e4uft das hier unter &#8222;Freie Universit\u00e4t Frechen&#8220;!) sei&#8217;s der Stadt und dem Erdkreis kundgetan: Der Kallendresser sendet in Wahrheit die bildliche Botschaft &#8222;Passt auf, Leute, von oben werdet Ihr meist beschissen!&#8220;<\/p>\n<p style=\"text-align: justify;\">Das ist so klar und eindeutig, dass man sich fragen muss, wer all die Vernebelungsgeschichten warum erfunden hat. Aber das Denken wollen wir unseren BesucherInnen nicht abnehmen, wir tun schon viel daf\u00fcr, sie zum genauen Hinsehen zu animieren und anzuleiten.<\/p>\n<p style=\"text-align: justify;\">Dabei f\u00e4llt mir noch ein Witz ein, den ich neulich geh\u00f6rt habe:<\/p>\n<blockquote>\n<p style=\"text-align: justify;\">Ein hochgestellter Wirtschaftsmanager, ein Bildzeitungsleser und ein Asylbewerber sitzen an einem Tisch. Auf dem Tisch liegen 10 Kekse. Der Mann der Wirtschaft nimmt 9 Kekse weg. Dann sagt er zum Bildzeitungsleser: &#8222;Pass auf, der Asylant will dir den Keks wegnehmen!&#8220;<\/p>\n<\/blockquote>\n<p style=\"text-align: justify;\"><a href=\"https:\/\/www.fu-frechen.de\/wp-content\/uploads\/2013\/06\/13g+.jpg\"><img decoding=\"async\" loading=\"lazy\" class=\"aligncenter  wp-image-256\" src=\"https:\/\/www.fu-frechen.de\/wp-content\/uploads\/2013\/06\/13g+-300x219.jpg\" alt=\"13g+\" width=\"90\" height=\"66\" srcset=\"https:\/\/www.fu-frechen.de\/wp-content\/uploads\/2013\/06\/13g+-300x219.jpg 300w, https:\/\/www.fu-frechen.de\/wp-content\/uploads\/2013\/06\/13g+-624x457.jpg 624w, https:\/\/www.fu-frechen.de\/wp-content\/uploads\/2013\/06\/13g+.jpg 864w\" sizes=\"(max-width: 90px) 100vw, 90px\" \/><\/a><\/p>\n<p style=\"text-align: justify;\">\n","protected":false},"excerpt":{"rendered":"<p>Was unbedingt einmal gesagt werden muss: In K\u00f6ln, am Alter Markt, steht ein Haus, das sich durch eine einzigartige Besonderheit auszeichnet: Oben an der Dachkante schwebt eine Figur, gestaltet von einem K\u00fcnstler, die gutb\u00fcrgerlich erzogenen K\u00f6ln-Besuchern als unfl\u00e4tig oder gar obsz\u00f6n erscheinen k\u00f6nnte. Wer die K\u00f6lner Altstadt gut kennt, wei\u00df, was gemeint ist: Die Figur [&hellip;]<\/p>\n","protected":false},"author":3,"featured_media":0,"comment_status":"closed","ping_status":"open","sticky":false,"template":"","format":"standard","meta":[],"categories":[1,11],"tags":[231,232,229,230],"_links":{"self":[{"href":"https:\/\/www.fu-frechen.de\/index.php?rest_route=\/wp\/v2\/posts\/1929"}],"collection":[{"href":"https:\/\/www.fu-frechen.de\/index.php?rest_route=\/wp\/v2\/posts"}],"about":[{"href":"https:\/\/www.fu-frechen.de\/index.php?rest_route=\/wp\/v2\/types\/post"}],"author":[{"embeddable":true,"href":"https:\/\/www.fu-frechen.de\/index.php?rest_route=\/wp\/v2\/users\/3"}],"replies":[{"embeddable":true,"href":"https:\/\/www.fu-frechen.de\/index.php?rest_route=%2Fwp%2Fv2%2Fcomments&post=1929"}],"version-history":[{"count":11,"href":"https:\/\/www.fu-frechen.de\/index.php?rest_route=\/wp\/v2\/posts\/1929\/revisions"}],"predecessor-version":[{"id":1967,"href":"https:\/\/www.fu-frechen.de\/index.php?rest_route=\/wp\/v2\/posts\/1929\/revisions\/1967"}],"wp:attachment":[{"href":"https:\/\/www.fu-frechen.de\/index.php?rest_route=%2Fwp%2Fv2%2Fmedia&parent=1929"}],"wp:term":[{"taxonomy":"category","embeddable":true,"href":"https:\/\/www.fu-frechen.de\/index.php?rest_route=%2Fwp%2Fv2%2Fcategories&post=1929"},{"taxonomy":"post_tag","embeddable":true,"href":"https:\/\/www.fu-frechen.de\/index.php?rest_route=%2Fwp%2Fv2%2Ftags&post=1929"}],"curies":[{"name":"wp","href":"https:\/\/api.w.org\/{rel}","templated":true}]}}