{"id":1979,"date":"2015-01-09T01:06:43","date_gmt":"2015-01-09T00:06:43","guid":{"rendered":"http:\/\/www.fu-frechen.de\/?p=1979"},"modified":"2015-03-22T20:45:59","modified_gmt":"2015-03-22T19:45:59","slug":"koeln-notizen-17","status":"publish","type":"post","link":"https:\/\/www.fu-frechen.de\/?p=1979","title":{"rendered":"K\u00f6ln-Notizen #17"},"content":{"rendered":"<p style=\"text-align: justify;\"><a href=\"https:\/\/www.fu-frechen.de\/wp-content\/uploads\/2015\/01\/51+r+bl.jpg\"><img decoding=\"async\" loading=\"lazy\" class=\"alignleft wp-image-1980 \" src=\"https:\/\/www.fu-frechen.de\/wp-content\/uploads\/2015\/01\/51+r+bl-300x280.jpg\" alt=\"51+r+bl\" width=\"205\" height=\"192\" srcset=\"https:\/\/www.fu-frechen.de\/wp-content\/uploads\/2015\/01\/51+r+bl-300x280.jpg 300w, https:\/\/www.fu-frechen.de\/wp-content\/uploads\/2015\/01\/51+r+bl-1024x957.jpg 1024w, https:\/\/www.fu-frechen.de\/wp-content\/uploads\/2015\/01\/51+r+bl-624x583.jpg 624w, https:\/\/www.fu-frechen.de\/wp-content\/uploads\/2015\/01\/51+r+bl.jpg 1287w\" sizes=\"(max-width: 205px) 100vw, 205px\" \/><\/a><strong>D<\/strong>as hat dem Image K\u00f6lns gut getan: Stell dir vor, die Pegida will vor erleuchteter Altstadt-Kulisse &#8222;das Volk&#8220; aufbieten, und nur wenige gehen hin, daf\u00fcr kommen zehnmal soviel Gegendemonstranten, und die Dombestrahlung wird abgeschaltet, und &#8222;K\u00f6gida&#8220; verkr\u00fcmelt sich ins Dunkel der Stadtgeschichte. So geschehen am Montag, 5.1.2015.<\/p>\n<p style=\"text-align: justify;\">Endlich hat K\u00f6ln mal wieder gut dagestanden als weltoffene Stadt, in der sich zumindest die meisten Menschen nicht ins Bockshorn jagen und vor den falschen Karren spannen lassen. Dumpfes Bauchgef\u00fchl allein ersetzt eben keinen politischen Verstand! Und die Welt wird nicht davon \u00fcberschaubarer, dass man sich die Dinge einfach backt und sie in Gut und B\u00f6se einteilt.<\/p>\n<p style=\"text-align: justify;\">Tut mir leid, Leute, die heutige Welt ist nun mal komplizierter, als man es in zwei kurzen S\u00e4tzen beschreiben kann. Und wenn man meint, mit der Deutschlandfahne in der Hand &#8222;Stille Nacht&#8220; singen und behaupten, man sei das Volk, und alles, was nicht ins Weltbild passt, sei gelogen&#8230; Also nee, da f\u00e4llt es einem schwer, das politisch ernst zu nehmen. Zu schade, dabei g\u00e4be es schon Gr\u00fcnde, auf die Stra\u00dfe zu gehen. Man m\u00fcsste sich aber vorher informieren, was Sache ist, wo man am besten ansetzt, und welche Forderungen Sinn machen.<\/p>\n<p style=\"text-align: justify;\">Leider vermittelt diese &#8222;Pegida-Bewegung&#8220; schon im Ansatz den Eindruck, dass es gar nicht um konkrete politische Forderungen geht, sondern eher um einen Auftrieb der Orientierungslosen. Da wird Stimmungsmache schon f\u00fcr Politik gehalten, dagegen sein ist alles &#8211; und daf\u00fcr, ja wof\u00fcr stehen diese Leute eigentlich? Wof\u00fcr? Jetzt kommt mir nicht mit &#8222;Patrioten&#8220; und dergleichen. Nationalistischer Dummschw\u00e4tz, der im Ungef\u00e4hren bleibt, ist eher verd\u00e4chtig: Wer an Nationalismus appelliert, f\u00fchrt meist nichts Gutes im Schilde. Das m\u00fcsste man wissen, wenn man ein bisschen Ahnung von Geschichte hat.<\/p>\n<p>W. R.<img decoding=\"async\" loading=\"lazy\" class=\"aligncenter  wp-image-256\" src=\"https:\/\/www.fu-frechen.de\/wp-content\/uploads\/2013\/06\/13g+-300x219.jpg\" alt=\"13g+\" width=\"90\" height=\"66\" srcset=\"https:\/\/www.fu-frechen.de\/wp-content\/uploads\/2013\/06\/13g+-300x219.jpg 300w, https:\/\/www.fu-frechen.de\/wp-content\/uploads\/2013\/06\/13g+-624x457.jpg 624w, https:\/\/www.fu-frechen.de\/wp-content\/uploads\/2013\/06\/13g+.jpg 864w\" sizes=\"(max-width: 90px) 100vw, 90px\" \/><\/p>\n<p>&nbsp;<\/p>\n","protected":false},"excerpt":{"rendered":"<p>Das hat dem Image K\u00f6lns gut getan: Stell dir vor, die Pegida will vor erleuchteter Altstadt-Kulisse &#8222;das Volk&#8220; aufbieten, und nur wenige gehen hin, daf\u00fcr kommen zehnmal soviel Gegendemonstranten, und die Dombestrahlung wird abgeschaltet, und &#8222;K\u00f6gida&#8220; verkr\u00fcmelt sich ins Dunkel der Stadtgeschichte. So geschehen am Montag, 5.1.2015. Endlich hat K\u00f6ln mal wieder gut dagestanden als [&hellip;]<\/p>\n","protected":false},"author":3,"featured_media":0,"comment_status":"closed","ping_status":"open","sticky":false,"template":"","format":"standard","meta":[],"categories":[1,11],"tags":[233,235,236,234],"_links":{"self":[{"href":"https:\/\/www.fu-frechen.de\/index.php?rest_route=\/wp\/v2\/posts\/1979"}],"collection":[{"href":"https:\/\/www.fu-frechen.de\/index.php?rest_route=\/wp\/v2\/posts"}],"about":[{"href":"https:\/\/www.fu-frechen.de\/index.php?rest_route=\/wp\/v2\/types\/post"}],"author":[{"embeddable":true,"href":"https:\/\/www.fu-frechen.de\/index.php?rest_route=\/wp\/v2\/users\/3"}],"replies":[{"embeddable":true,"href":"https:\/\/www.fu-frechen.de\/index.php?rest_route=%2Fwp%2Fv2%2Fcomments&post=1979"}],"version-history":[{"count":6,"href":"https:\/\/www.fu-frechen.de\/index.php?rest_route=\/wp\/v2\/posts\/1979\/revisions"}],"predecessor-version":[{"id":2078,"href":"https:\/\/www.fu-frechen.de\/index.php?rest_route=\/wp\/v2\/posts\/1979\/revisions\/2078"}],"wp:attachment":[{"href":"https:\/\/www.fu-frechen.de\/index.php?rest_route=%2Fwp%2Fv2%2Fmedia&parent=1979"}],"wp:term":[{"taxonomy":"category","embeddable":true,"href":"https:\/\/www.fu-frechen.de\/index.php?rest_route=%2Fwp%2Fv2%2Fcategories&post=1979"},{"taxonomy":"post_tag","embeddable":true,"href":"https:\/\/www.fu-frechen.de\/index.php?rest_route=%2Fwp%2Fv2%2Ftags&post=1979"}],"curies":[{"name":"wp","href":"https:\/\/api.w.org\/{rel}","templated":true}]}}