{"id":2004,"date":"2015-02-12T18:28:07","date_gmt":"2015-02-12T17:28:07","guid":{"rendered":"http:\/\/www.fu-frechen.de\/?p=2004"},"modified":"2015-03-22T20:44:42","modified_gmt":"2015-03-22T19:44:42","slug":"koeln-notizen-18","status":"publish","type":"post","link":"https:\/\/www.fu-frechen.de\/?p=2004","title":{"rendered":"K\u00f6ln-Notizen #18"},"content":{"rendered":"<p style=\"text-align: justify;\"><a href=\"https:\/\/www.fu-frechen.de\/wp-content\/uploads\/2015\/02\/51g-Goethe-f.-k\u00f6lschen-Karneval.jpg\"><img decoding=\"async\" loading=\"lazy\" class=\"  wp-image-2009 alignleft\" src=\"https:\/\/www.fu-frechen.de\/wp-content\/uploads\/2015\/02\/51g-Goethe-f.-k\u00f6lschen-Karneval-234x300.jpg\" alt=\"51g-Goethe f. k\u00f6lschen Karneval\" width=\"179\" height=\"229\" srcset=\"https:\/\/www.fu-frechen.de\/wp-content\/uploads\/2015\/02\/51g-Goethe-f.-k\u00f6lschen-Karneval-234x300.jpg 234w, https:\/\/www.fu-frechen.de\/wp-content\/uploads\/2015\/02\/51g-Goethe-f.-k\u00f6lschen-Karneval.jpg 500w\" sizes=\"(max-width: 179px) 100vw, 179px\" \/><\/a><strong>P<\/strong>otzblitz! Goethe im K\u00f6lner Karneval!? Der SR der F.U.F. traute seinen Augen nicht, doch da schien er leibhaftig auf der B\u00fchne zu stehen: In der TV-Live\u00fcbertragung vom Alter Markt in K\u00f6ln, wo der Stra\u00dfenkarneval traditionell auf Wieverfastelovend (Weiberfastnacht) er\u00f6ffnet wird, spielten die H\u00f6hner, und der zweite S\u00e4nger neben dem Frontmann der Band war &#8211; oder sah aus wie &#8211; der Dichterf\u00fcrst J.W.v.Goethe, in einem hellblauen Ausgehrock und mit Goethefrisur. Toll!<br \/>\nUnd als ich die Tageszeitung aufschlage, f\u00e4llt mir ein gro\u00dfer Artikel auf, der sich mit Goethes Beziehung zum K\u00f6lner Karneval besch\u00e4ftigt. (K\u00f6lner Stadt-Anzeiger, 12.02.2015, Kultur\/S. 23: &#8222;D\u00e4 Joethe &#8211; wie k\u00fctt mer an d\u00e4 ran?&#8220; von Wolfgang Oelsner)<br \/>\nDaraus ist zu entnehmen, dass Goethe seinerzeit den Organisatoren zuliebe, die sich bem\u00fchten, das Image von Saufgelagen durch einen Karneval mit Niveau zu ersetzen, lobende Worte \u00fcber den &#8222;C\u00f6lner Mummenschanz&#8220; fand &#8211; welcher damit dank der Expertise des &#8222;Kulturpapstes&#8220; 1825 zum anerkannten Kulturgut avancierte. Ein mehr als gelungener PR-Coup! Und einer mit weitreichenden Folgen&#8230; Der rheinische Karneval kam nun erst richtig in Schwung, und aktuell schwingt er sich (auch Goethe sei Dank!) auf die Antragsliste zum immateriellen Weltkulturerbe, will sagen: Liste der Traditionen, die als w\u00fcrdig gesch\u00e4tzt werden, zum Erbe der Menschheit zu z\u00e4hlen.<\/p>\n<p style=\"text-align: justify;\">SR <img decoding=\"async\" loading=\"lazy\" class=\"aligncenter  wp-image-256\" src=\"https:\/\/www.fu-frechen.de\/wp-content\/uploads\/2013\/06\/13g+-300x219.jpg\" alt=\"13g+\" width=\"90\" height=\"66\" srcset=\"https:\/\/www.fu-frechen.de\/wp-content\/uploads\/2013\/06\/13g+-300x219.jpg 300w, https:\/\/www.fu-frechen.de\/wp-content\/uploads\/2013\/06\/13g+-624x457.jpg 624w, https:\/\/www.fu-frechen.de\/wp-content\/uploads\/2013\/06\/13g+.jpg 864w\" sizes=\"(max-width: 90px) 100vw, 90px\" \/><\/p>\n","protected":false},"excerpt":{"rendered":"<p>Potzblitz! Goethe im K\u00f6lner Karneval!? Der SR der F.U.F. traute seinen Augen nicht, doch da schien er leibhaftig auf der B\u00fchne zu stehen: In der TV-Live\u00fcbertragung vom Alter Markt in K\u00f6ln, wo der Stra\u00dfenkarneval traditionell auf Wieverfastelovend (Weiberfastnacht) er\u00f6ffnet wird, spielten die H\u00f6hner, und der zweite S\u00e4nger neben dem Frontmann der Band war &#8211; oder [&hellip;]<\/p>\n","protected":false},"author":3,"featured_media":0,"comment_status":"closed","ping_status":"open","sticky":false,"template":"","format":"standard","meta":[],"categories":[1,11],"tags":[240,239,238,237,241,248],"_links":{"self":[{"href":"https:\/\/www.fu-frechen.de\/index.php?rest_route=\/wp\/v2\/posts\/2004"}],"collection":[{"href":"https:\/\/www.fu-frechen.de\/index.php?rest_route=\/wp\/v2\/posts"}],"about":[{"href":"https:\/\/www.fu-frechen.de\/index.php?rest_route=\/wp\/v2\/types\/post"}],"author":[{"embeddable":true,"href":"https:\/\/www.fu-frechen.de\/index.php?rest_route=\/wp\/v2\/users\/3"}],"replies":[{"embeddable":true,"href":"https:\/\/www.fu-frechen.de\/index.php?rest_route=%2Fwp%2Fv2%2Fcomments&post=2004"}],"version-history":[{"count":8,"href":"https:\/\/www.fu-frechen.de\/index.php?rest_route=\/wp\/v2\/posts\/2004\/revisions"}],"predecessor-version":[{"id":2076,"href":"https:\/\/www.fu-frechen.de\/index.php?rest_route=\/wp\/v2\/posts\/2004\/revisions\/2076"}],"wp:attachment":[{"href":"https:\/\/www.fu-frechen.de\/index.php?rest_route=%2Fwp%2Fv2%2Fmedia&parent=2004"}],"wp:term":[{"taxonomy":"category","embeddable":true,"href":"https:\/\/www.fu-frechen.de\/index.php?rest_route=%2Fwp%2Fv2%2Fcategories&post=2004"},{"taxonomy":"post_tag","embeddable":true,"href":"https:\/\/www.fu-frechen.de\/index.php?rest_route=%2Fwp%2Fv2%2Ftags&post=2004"}],"curies":[{"name":"wp","href":"https:\/\/api.w.org\/{rel}","templated":true}]}}