{"id":2765,"date":"2016-01-09T18:35:08","date_gmt":"2016-01-09T17:35:08","guid":{"rendered":"http:\/\/www.fu-frechen.de\/?p=2765"},"modified":"2017-04-30T12:30:00","modified_gmt":"2017-04-30T10:30:00","slug":"koeln-notizen-12016","status":"publish","type":"post","link":"https:\/\/www.fu-frechen.de\/?p=2765","title":{"rendered":"K\u00f6ln-Notizen 1\/2016"},"content":{"rendered":"<p style=\"text-align: justify;\"><a href=\"https:\/\/www.fu-frechen.de\/wp-content\/uploads\/2014\/01\/50+s.jpg\"><img decoding=\"async\" loading=\"lazy\" class=\"alignleft wp-image-1215\" src=\"https:\/\/www.fu-frechen.de\/wp-content\/uploads\/2014\/01\/50+s-300x191.jpg\" alt=\"50+s\" width=\"248\" height=\"158\" srcset=\"https:\/\/www.fu-frechen.de\/wp-content\/uploads\/2014\/01\/50+s-300x191.jpg 300w, https:\/\/www.fu-frechen.de\/wp-content\/uploads\/2014\/01\/50+s-1024x654.jpg 1024w, https:\/\/www.fu-frechen.de\/wp-content\/uploads\/2014\/01\/50+s-624x398.jpg 624w\" sizes=\"(max-width: 248px) 100vw, 248px\" \/><\/a><strong>K<\/strong>\u00f6ln in allen Nachrichtensendungen: &#8222;Die Ereignisse der Silvesternacht am K\u00f6lner Hauptbahnhof&#8230;&#8220; Keiner wei\u00df noch nix Genaues, aber in den Medien, bei den Politikern und \u2014 wie man h\u00f6rt \u2014 in den sozialen Netzwerken ist schwer &#8218;was los. Selten war soviel Rechtbaberei und Schaum-vor-dem-Mund zu h\u00f6ren und zu lesen, und verbale Kraftmeierei. Viele wollen, ehe sie rechts \u00fcberholt werden, auf den Lukas hauen und noch eins draufsetzen. Fast scheint es, als wollte kaum jemand noch belastbare Informationen zur Kenntnis nehmen, hat man doch l\u00e4ngst seine eigene Meinung, und diese auch schon herausposaunt. Sachliche Wortmeldungen gehen in der hochkochenden Aufregung fast unter.<\/p>\n<p style=\"text-align: justify;\">In diesem emotionalen Gebrodel beantwortet K\u00f6lns Oberb\u00fcrgermeisterin eine Frage und erntet einen pl\u00f6tzlichen Shitstorm. Was genau passierte, kann man diesem Kommentar entnehmen: <a href=\"http:\/\/www.berliner-zeitung.de\/politik\/-reker-sote-armlaenge-kommentar,10808018,33464382.html\">Kommentar zu #Armlaenge: Henriette Reker im Shitstorm der Ignoranten | Politik\u00a0&#8211; Berliner Zeitung<\/a><\/p>\n<p style=\"text-align: justify;\">Da sieht man wieder einmal, wie gedanken- und hemmungslos viele Menschen im Netz drauflos kommentieren. Man\/frau pr\u00fcgelt auf Frau Reker ein, die schlie\u00dflich aus eigener Erfahrung spricht: Sie selbst \u00fcberlebte k\u00fcrzlich das Messerattentat eines Gewaltt\u00e4ters nur knapp. Also, geht&#8217;s noch?<\/p>\n<p style=\"text-align: justify;\">Der S.R. der F.U.F. sieht da eine weitere Best\u00e4tigung seiner Ausf\u00fchrungen auf der Seite <em>&gt;Home\/Start<\/em> zur Frage: <span style=\"color: #ff0000;\">Warum keine Kommentarfunktion auf dieser Website?<\/span> Der Eindruck verst\u00e4rkt sich, dass viele Menschen glauben, im Netz nahezu alles \u00e4u\u00dfern und hinausrotzen zu k\u00f6nnen. Und sie tun das auch im Brustton der \u00dcberzeugung: Ich rotze, also habe ich recht.<\/p>\n<p style=\"text-align: justify;\">Wenn der S.R. mal (zum Gl\u00fcck selten) auf einer Online-Seite von Medien die Kommentare anliest, dann vergeht ihm die Lust am Lesen ziemlich schnell. Sp\u00e4testens beim dritten oder vierten dieser Kommentare hat jemand vergessen, sein Hirn einzuschalten, oder ignoriert fr\u00f6hlich Fakten und schleudert einfach Behauptungen als Tatsachen in die Welt, oder hat jeglichen Anstand vergessen, vergreift sich im Ton \u2014 wobei man bedenken muss, dass die schlimmsten Ausf\u00e4lle und Beleidigungen schon von der Redaktion gel\u00f6scht wurden. (Au\u00dferdem langweilen die Kommentarspalten, weil immer ein Schwall h\u00f6hnisch-hetzerischer M\u00fcll aus der Pegida\/AfD-Ecke dabei ist.)<\/p>\n<p style=\"text-align: justify;\">Der S.R. fragt sich manchmal auch, wieso es einer Erw\u00e4hnung in den seri\u00f6sen Nachrichten wert ist, wenn in den sozialen Netzwerken irgendein Shitstorm tobt oder eine Hetzkampagne rollt. Denn Vieles im Netz ist inszeniert \u2014 oder ist irgendjemand so blau\u00e4ugig zu glauben, da ert\u00f6ne &#8222;Volkes Stimme&#8220;? (vgl. &gt;<em>Start<\/em>, Fu\u00dfnote, sowie Fu\u00dfnoten hier unten)<\/p>\n<p style=\"text-align: justify;\">Wer will, organisiert sowas wie einen Shitstorm mit ein paar Helfern, no problem.* Oder wie kommt z.B. ein Flashmob zustande? Und wie hat jener Mob sich zusammengefunden, aus dem heraus in der o.a. Silvesternacht zahlreiche Diebst\u00e4hle und sexuelle \u00dcbergriffe ver\u00fcbt wurden? In wenn auch geringerem Umfang wurde so etwas \u00fcbrigens auch aus mehreren anderen St\u00e4dten in Deutschland gemeldet. Aber die Medien fokussierten sich auf K\u00f6ln.**<\/p>\n<p style=\"text-align: justify;\">Ach, fast h\u00e4tte ich&#8217;s vergessen: <span style=\"color: #ff0000;\">Allen Besuchern dieser Website ein frohes und gesegnetes Neues Jahr<\/span> \u2014 trotz einiger Chaoten und Idioten, die es auch schon im letzten Jahr gab. Mehr zu den allgemeinen Aussichten &gt;<a href=\"http:\/\/www.spiegel.de\/kultur\/gesellschaft\/zusammenleben-die-welt-wird-nicht-untergehen-kolumne-a-1070749.html\">Zusammenleben: Die Welt wird nicht untergehen &#8211; Kolumne &#8211; SPIEGEL ONLINE<\/a> \u2014 lesenswert und diskussionsw\u00fcrdig!<\/p>\n<p style=\"text-align: justify;\">S.R.<\/p>\n<p style=\"text-align: justify;\">____________________________<\/p>\n<p style=\"text-align: justify;\">* <strong>Man kann immer wieder dar\u00fcber staunen, wie naiv viele Menschen das Internet und seine Foren als eine Art &#8222;Gegen\u00f6ffentlichkeit&#8220; sehen (oder besser: missverstehen).<\/strong> Wer von &#8222;L\u00fcgenpresse&#8220; redet, ist <em>hoffentlich<\/em> so <strong><span style=\"color: #ff0000;\">medienkritisch<\/span><\/strong>, <em>auch das Internet<\/em> einzubeziehen! Was da herausgepostet und -gepustet wird, ist oft m\u00e4rchenhaft und bestenfalls am\u00fcsant, aber meist eher Gew\u00e4sch und <em>kein<\/em> Gegengewicht zu den etablierten, journalistischen Medien. Also Vorsicht: Es gibt im Internet nicht nur Qualit\u00e4tsseiten, z.B. <span style=\"text-decoration: underline;\">fu-frechen.de<\/span>, sondern auch eine Menge Schund und Hetze, die sich nicht scheut, Falschmeldungen und verf\u00e4lschte Videos in die Welt zu setzen \u2014 und zugleich auf &#8222;die Medien&#8220; schimpft, die angeblich &#8222;die Wahrheit&#8220; nicht berichten wollen.<\/p>\n<p style=\"text-align: justify;\">&#8222;Die Wahrheit&#8220; findet Mancher dann im Internet bei staatlich gelenkten Medien fremder L\u00e4nder. Ja, was soll man davon halten!! Und wer will sich von Kommentarlawinen beeindrucken lassen, die als getarnte Privatmeinungen von speziell eingerichteten Propaganda-Agenturen ins Netz geschwemmt werden? Wer &#8222;L\u00fcgenpresse&#8220; ruft und zugleich die L\u00fcgen-Posts und Fakes im Internet als Enth\u00fcllungen konsumiert, der sollte im K\u00f6lner Rosenmontagszug mitgehen: als Narr, der kein Narrenkost\u00fcm braucht.<\/p>\n<p style=\"text-align: justify;\">Das vermeintliche Argument &#8222;Schwarmintelligenz&#8220; zieht auch nicht mehr. Es erinnert mich fatal an den sarkastischer Spruch: &#8222;Sch&#8230; schmeckt gut, denn millionen Fliegen k\u00f6nnen nicht irren.&#8220; Kurzum \u2014 bei uns in der F.U.F. gilt immer noch und weiterhin: Selber denken bringt&#8217;s! ***<\/p>\n<p style=\"text-align: justify;\">Unter uns, und im Ernst: Wenn es an &#8222;den Medien&#8220; eins zu kritisieren gibt, dann wohl das Folgende. Aus Auflagen- oder Quotengr\u00fcnden sehen sich viele einigerma\u00dfen unabh\u00e4ngige Zeitungen, Sender etc. gen\u00f6tigt, dem Massengeschmack und den Konsumgewohnheiten der Mehrheit entgegenzukommen und mehr Emotionen und Boulevard-Elemente zu bringen, was zu der bekannten Erscheinung f\u00fchrt: Wie am Beispiel &#8222;Silvesternacht in K\u00f6ln&#8220; zu sehen, treiben alle dieselbe Sau durch&#8217;s Dorf und befeuern dabei die Emotionalisierung dieses Themas, das ohnehin schon zum Aufputschen von Emotionen ausgeschlachtet wird. Zugleich werden leider andere, auch wichtige Themen aus den Schlagzeilen nahezu verdr\u00e4ngt.<\/p>\n<p style=\"text-align: justify;\">Weniger beachtet wird z.B. dieses: <a href=\"http:\/\/www.tagesspiegel.de\/wirtschaft\/oxfam-studie-62-superreiche-besitzen-so-viel-wie-die-aermsten-3-6-milliarden\/12842630.html\">(2) Oxfam-Studie: 62 Superreiche besitzen so viel wie die \u00e4rmsten 3,6 Milliarden &#8211; Wirtschaft &#8211; Tagesspiegel <\/a>Aber auch diesem Thema sollte man sich nicht nur emotional stellen, sondern statt einer oberfl\u00e4chlichen Neiddebatte mit schnellen Spr\u00fcchen lieber eine sachliche, tiefer gehende Diskussion anstreben (und sich nat\u00fcrlich dazu erst einmal in Ruhe informieren). Ja, und zum obigen Thema sei, ohne schlimme Vorf\u00e4lle zu relativieren, noch angemerkt: So manche Frau hat quasi eine kleine &#8222;Silvesternacht&#8220; schon am hellen Tag, unter deutschen, hellh\u00e4utigen M\u00e4nnern, erleben m\u00fcssen. <em>Da muss auch noch einige &#8222;Integrationsarbeit&#8220; geleistet werden!<\/em><\/p>\n<p style=\"text-align: justify;\">Wo wir gerade beim Thema &#8222;Innere Mission&#8220; (wie das bei den Kirchen hei\u00dft) sind: Sind diese Kriminellen integrierbar, die Fl\u00fcchtlingsheime anz\u00fcnden, welche immerhin mit unseren Steuergeldern finanziert wurden? Wohin sollen die im Zweifel abgeschoben werden? In Russland hat man daf\u00fcr Arbeitslager\u00a0\u2014 bei uns nicht, solange wir einen demokratischen Rechtsstaat haben. Denkt mal dr\u00fcber nach.<\/p>\n<p style=\"text-align: justify;\">** So langsam reicht es mit dem &#8222;K\u00f6ln-Bashing&#8220;. Es reicht immer dann, wenn Leute nur noch draufkloppen, ohne vorher nachzudenken. Siehe auch: ***.<\/p>\n<p style=\"text-align: justify;\">*** Zur Schnellschuss-Kommentiererei im Netz fand ich am 20.01. einen sehr dezidierten Kommentar:\u00a0<a href=\"http:\/\/www.spiegel.de\/netzwelt\/web\/lobo-kolumne-hilferuf-an-die-mindestens-durchschnittlich-begabten-a-1072955.html\">Social Media und die Hetze: Mehr Dummheit als Hass (Lobo-Kolumne) &#8211; SPIEGEL ONLINE<\/a> Man\/frau bilde sich dazu selbst eine Meinung!<\/p>\n<p style=\"text-align: justify;\">S.R.<\/p>\n<p style=\"text-align: justify;\"><img decoding=\"async\" loading=\"lazy\" class=\" wp-image-256 aligncenter\" src=\"https:\/\/www.fu-frechen.de\/wp-content\/uploads\/2013\/06\/13g+-300x219.jpg\" alt=\"13g+\" width=\"101\" height=\"75\" srcset=\"https:\/\/www.fu-frechen.de\/wp-content\/uploads\/2013\/06\/13g+-300x219.jpg 300w, https:\/\/www.fu-frechen.de\/wp-content\/uploads\/2013\/06\/13g+-624x457.jpg 624w, https:\/\/www.fu-frechen.de\/wp-content\/uploads\/2013\/06\/13g+.jpg 864w\" sizes=\"(max-width: 101px) 100vw, 101px\" \/><\/p>\n","protected":false},"excerpt":{"rendered":"<p>K\u00f6ln in allen Nachrichtensendungen: &#8222;Die Ereignisse der Silvesternacht am K\u00f6lner Hauptbahnhof&#8230;&#8220; Keiner wei\u00df noch nix Genaues, aber in den Medien, bei den Politikern und \u2014 wie man h\u00f6rt \u2014 in den sozialen Netzwerken ist schwer &#8218;was los. Selten war soviel Rechtbaberei und Schaum-vor-dem-Mund zu h\u00f6ren und zu lesen, und verbale Kraftmeierei. Viele wollen, ehe sie [&hellip;]<\/p>\n","protected":false},"author":3,"featured_media":0,"comment_status":"closed","ping_status":"open","sticky":false,"template":"","format":"standard","meta":[],"categories":[1,11,453],"tags":[302,326,325,321,324,322,327,323,330],"_links":{"self":[{"href":"https:\/\/www.fu-frechen.de\/index.php?rest_route=\/wp\/v2\/posts\/2765"}],"collection":[{"href":"https:\/\/www.fu-frechen.de\/index.php?rest_route=\/wp\/v2\/posts"}],"about":[{"href":"https:\/\/www.fu-frechen.de\/index.php?rest_route=\/wp\/v2\/types\/post"}],"author":[{"embeddable":true,"href":"https:\/\/www.fu-frechen.de\/index.php?rest_route=\/wp\/v2\/users\/3"}],"replies":[{"embeddable":true,"href":"https:\/\/www.fu-frechen.de\/index.php?rest_route=%2Fwp%2Fv2%2Fcomments&post=2765"}],"version-history":[{"count":34,"href":"https:\/\/www.fu-frechen.de\/index.php?rest_route=\/wp\/v2\/posts\/2765\/revisions"}],"predecessor-version":[{"id":3656,"href":"https:\/\/www.fu-frechen.de\/index.php?rest_route=\/wp\/v2\/posts\/2765\/revisions\/3656"}],"wp:attachment":[{"href":"https:\/\/www.fu-frechen.de\/index.php?rest_route=%2Fwp%2Fv2%2Fmedia&parent=2765"}],"wp:term":[{"taxonomy":"category","embeddable":true,"href":"https:\/\/www.fu-frechen.de\/index.php?rest_route=%2Fwp%2Fv2%2Fcategories&post=2765"},{"taxonomy":"post_tag","embeddable":true,"href":"https:\/\/www.fu-frechen.de\/index.php?rest_route=%2Fwp%2Fv2%2Ftags&post=2765"}],"curies":[{"name":"wp","href":"https:\/\/api.w.org\/{rel}","templated":true}]}}