{"id":280,"date":"2013-06-17T18:18:37","date_gmt":"2013-06-17T16:18:37","guid":{"rendered":"http:\/\/www.fu-frechen.de\/?p=280"},"modified":"2017-03-02T22:14:43","modified_gmt":"2017-03-02T21:14:43","slug":"koln-notizen","status":"publish","type":"post","link":"https:\/\/www.fu-frechen.de\/?p=280","title":{"rendered":"K\u00f6ln-Notizen #1"},"content":{"rendered":"<p style=\"text-align: justify;\"><a href=\"https:\/\/www.fu-frechen.de\/wp-content\/uploads\/2013\/06\/50.jpg\"><img decoding=\"async\" loading=\"lazy\" class=\"size-medium wp-image-278 alignleft\" src=\"https:\/\/www.fu-frechen.de\/wp-content\/uploads\/2013\/06\/50-300x191.jpg\" alt=\"50\" width=\"280\" height=\"183\" \/><\/a><strong>I<\/strong>m K\u00f6lner Stadtrat wurde im April 2013 vorgeschlagen, die bereits beschlossene <em>Planung f\u00fcr den <\/em><strong><em>Archiv-Neubau<\/em> <\/strong>zu \u00fcberdenken, genauer: den Entwurf abzuspecken und eine billigere Version zu planen, in die die Kunst- und Museumsbibliothek nun doch nicht integriert werden soll.<\/p>\n<p style=\"text-align: justify;\">K\u00f6ln hat zwar einerseits Finanzprobleme, andererseits aber die Verpflichtung, das Stadtarchiv nach dem Desaster von 2009 in angemessener Weise wieder zu errichten und sich als Kulturstadt nicht selbst zu desavouieren. Die Initiative &#8222;Archivkomplex&#8220; hat gegen die Revisionsabsichten eine Petition verfasst, die alle interessierten B\u00fcrgerInnen im Internet lesen und ggf. unterschreiben k\u00f6nnen:<a href=\"http:\/\/www.archivkomplex.de\"> www.archivkomplex.de<\/a>. Der Autor W. R. hat dies nat\u00fcrlich bereits getan.<\/p>\n<p style=\"text-align: justify;\">Nach Umfragen sollen Anfang Juni 2013 die Mehrheit der K\u00f6lner B\u00fcrger f\u00fcr die Sparversion sein. Vermutlich steht das im Zusammenhang mit der Diskussion um die Arch\u00e4ologische Zone am Rathaus &#8211; ein v\u00f6llig anderes Projekt. Vielleicht sind es &#8222;der Kultur&#8220; weniger nahestehende Befragte, die lieber z.B. mehr Schlagl\u00f6cher auf den Stra\u00dfe K\u00f6lns repariert sehen wollen. (Umfrage siehe KStA 8.\/9.6.13, S. 36)<\/p>\n<p style=\"text-align: justify;\">Die Frage ist nur, ob man verschiedene Ausgabenbereiche so gegeneinander ausspielen kann; ebenso ist die Frage, ob die Stadt bei klammer Kasse &#8222;einfach&#8220; da Gelder streichen soll, wo es sich nicht um die sogenannten Pflichtaufgaben handelt &#8211; also bei &#8222;der Kultur&#8220;.<\/p>\n<p style=\"text-align: justify;\"><a href=\"https:\/\/www.fu-frechen.de\/wp-content\/uploads\/2013\/04\/01f.jpg\"><img decoding=\"async\" loading=\"lazy\" class=\"size-medium wp-image-31 alignleft\" src=\"https:\/\/www.fu-frechen.de\/wp-content\/uploads\/2013\/04\/01f-300x225.jpg\" alt=\"01f\" width=\"213\" height=\"160\" srcset=\"https:\/\/www.fu-frechen.de\/wp-content\/uploads\/2013\/04\/01f-300x225.jpg 300w, https:\/\/www.fu-frechen.de\/wp-content\/uploads\/2013\/04\/01f-1024x768.jpg 1024w, https:\/\/www.fu-frechen.de\/wp-content\/uploads\/2013\/04\/01f-624x468.jpg 624w\" sizes=\"(max-width: 213px) 100vw, 213px\" \/><\/a>Die Frage ist auch, ob sich K\u00f6ln einen (weiteren) Ansehensverlust leisten will, indem es vier Jahre nach dem Einsturz seines Stadtarchivs (schon wieder) langfristig wichtige kulturelle Institutionen stiefm\u00fctterlich behandelt, die \u00fcber K\u00f6ln hinaus von Bedeutung sind.<\/p>\n<p style=\"text-align: justify;\">Man kann hier nicht achselzuckend sagen: Jeder blamiert sich eben, so gut er kann. Hier geht es um Entscheidungen mit langfristiger Tragweite, die nicht im n\u00e4chsten Haushaltsjahr oder nach den n\u00e4chsten Kommunalwahlen einfach revidiert werden k\u00f6nnen.<\/p>\n<p><em>Die Entscheidung im K\u00f6lner Stadtrat ist vom 18.06. auf den 18.07.2013 verschoben worden. Also: Zeit, noch Proteste zu senden und ggf. an weiteren Protestaktionen teilzunehmen.<\/em><\/p>\n<p style=\"text-align: center;\">&#8212;&#8212;&#8212;&#8212;&#8212;&#8212;-<\/p>\n<p style=\"text-align: justify;\"><strong>W<\/strong>ie steht es eigentlich w\u00e4hrenddessen in den stillen Hallen, wo die materiellen Sch\u00e4den am K\u00f6lner Archivgut aufgearbeitet werden? In welcher Art die Archivalien Schaden genommen haben, und wie sie restauriert werden, kann man im \u00dcberblick auf\u00a0<a href=\"http:\/\/stadt-koeln.de\/historisches-archiv\">www.stadt-koeln.de\/kulturstadt\/historisches-archiv<\/a>\u00a0 lesen und anschauen.<\/p>\n<p style=\"text-align: justify;\">Bei einer F\u00fchrung durch das RDZ in K\u00f6ln-Porz konnte der SR der F.U.F. selbst sehen, wie viele Fachkr\u00e4fte mit Spezialpinseln und -schw\u00e4mmen etc.<a href=\"https:\/\/www.fu-frechen.de\/wp-content\/uploads\/2013\/06\/29-RDZ-10.10.2012.jpg\"><img decoding=\"async\" loading=\"lazy\" class=\" wp-image-885 alignright\" src=\"https:\/\/www.fu-frechen.de\/wp-content\/uploads\/2013\/06\/29-RDZ-10.10.2012-300x225.jpg\" alt=\"29-RDZ, 10.10.2012\" width=\"237\" height=\"178\" srcset=\"https:\/\/www.fu-frechen.de\/wp-content\/uploads\/2013\/06\/29-RDZ-10.10.2012-300x225.jpg 300w, https:\/\/www.fu-frechen.de\/wp-content\/uploads\/2013\/06\/29-RDZ-10.10.2012-1024x768.jpg 1024w, https:\/\/www.fu-frechen.de\/wp-content\/uploads\/2013\/06\/29-RDZ-10.10.2012-624x468.jpg 624w\" sizes=\"(max-width: 237px) 100vw, 237px\" \/><\/a> behutsam an der S\u00e4uberung und Restaurierung der geborgenen St\u00fccke arbeiten. Im RDZ steht auch eine gro\u00dfe Maschine, die die durchfeuchteten Akten und B\u00fccher, die nach der Bergung umgehend vereist worden waren, um Verfallsprozesse zu stoppen, langsam auftaut und zugleich trocknet, sodass kein Pilzbefall entsteht. Die Maschine ist enorm teuer, es gibt nur wenige davon.<\/p>\n<p style=\"text-align: justify;\">W. R.<\/p>\n<p style=\"text-align: center;\"><a href=\"https:\/\/www.fu-frechen.de\/wp-content\/uploads\/2013\/09\/55-Ornam.1b+.jpg\"><img decoding=\"async\" loading=\"lazy\" class=\" wp-image-828 aligncenter\" src=\"https:\/\/www.fu-frechen.de\/wp-content\/uploads\/2013\/09\/55-Ornam.1b+-272x300.jpg\" alt=\"55-Ornam.1b+\" width=\"60\" height=\"67\" srcset=\"https:\/\/www.fu-frechen.de\/wp-content\/uploads\/2013\/09\/55-Ornam.1b+-272x300.jpg 272w, https:\/\/www.fu-frechen.de\/wp-content\/uploads\/2013\/09\/55-Ornam.1b+.jpg 491w\" sizes=\"(max-width: 60px) 100vw, 60px\" \/><\/a><\/p>\n","protected":false},"excerpt":{"rendered":"<p>Im K\u00f6lner Stadtrat wurde im April 2013 vorgeschlagen, die bereits beschlossene Planung f\u00fcr den Archiv-Neubau zu \u00fcberdenken, genauer: den Entwurf abzuspecken und eine billigere Version zu planen, in die die Kunst- und Museumsbibliothek nun doch nicht integriert werden soll. K\u00f6ln hat zwar einerseits Finanzprobleme, andererseits aber die Verpflichtung, das Stadtarchiv nach dem Desaster von 2009 [&hellip;]<\/p>\n","protected":false},"author":3,"featured_media":0,"comment_status":"closed","ping_status":"open","sticky":false,"template":"","format":"standard","meta":[],"categories":[1,11,436],"tags":[170,114,171,169],"_links":{"self":[{"href":"https:\/\/www.fu-frechen.de\/index.php?rest_route=\/wp\/v2\/posts\/280"}],"collection":[{"href":"https:\/\/www.fu-frechen.de\/index.php?rest_route=\/wp\/v2\/posts"}],"about":[{"href":"https:\/\/www.fu-frechen.de\/index.php?rest_route=\/wp\/v2\/types\/post"}],"author":[{"embeddable":true,"href":"https:\/\/www.fu-frechen.de\/index.php?rest_route=\/wp\/v2\/users\/3"}],"replies":[{"embeddable":true,"href":"https:\/\/www.fu-frechen.de\/index.php?rest_route=%2Fwp%2Fv2%2Fcomments&post=280"}],"version-history":[{"count":30,"href":"https:\/\/www.fu-frechen.de\/index.php?rest_route=\/wp\/v2\/posts\/280\/revisions"}],"predecessor-version":[{"id":3545,"href":"https:\/\/www.fu-frechen.de\/index.php?rest_route=\/wp\/v2\/posts\/280\/revisions\/3545"}],"wp:attachment":[{"href":"https:\/\/www.fu-frechen.de\/index.php?rest_route=%2Fwp%2Fv2%2Fmedia&parent=280"}],"wp:term":[{"taxonomy":"category","embeddable":true,"href":"https:\/\/www.fu-frechen.de\/index.php?rest_route=%2Fwp%2Fv2%2Fcategories&post=280"},{"taxonomy":"post_tag","embeddable":true,"href":"https:\/\/www.fu-frechen.de\/index.php?rest_route=%2Fwp%2Fv2%2Ftags&post=280"}],"curies":[{"name":"wp","href":"https:\/\/api.w.org\/{rel}","templated":true}]}}