{"id":2848,"date":"2016-02-08T21:15:56","date_gmt":"2016-02-08T20:15:56","guid":{"rendered":"http:\/\/www.fu-frechen.de\/?p=2848"},"modified":"2020-07-28T23:03:02","modified_gmt":"2020-07-28T21:03:02","slug":"koeln-notizen-22016","status":"publish","type":"post","link":"https:\/\/www.fu-frechen.de\/?p=2848","title":{"rendered":"K\u00f6ln-Notizen 2\/2016"},"content":{"rendered":"<p style=\"text-align: justify;\"><strong><a href=\"https:\/\/www.fu-frechen.de\/wp-content\/uploads\/2016\/02\/5kk.jpg\" rel=\"attachment wp-att-2857\"><img decoding=\"async\" loading=\"lazy\" class=\"alignleft wp-image-2857\" src=\"https:\/\/www.fu-frechen.de\/wp-content\/uploads\/2016\/02\/5kk-300x280.jpg\" alt=\"5k+k\" width=\"200\" height=\"187\" srcset=\"https:\/\/www.fu-frechen.de\/wp-content\/uploads\/2016\/02\/5kk-300x280.jpg 300w, https:\/\/www.fu-frechen.de\/wp-content\/uploads\/2016\/02\/5kk-768x718.jpg 768w, https:\/\/www.fu-frechen.de\/wp-content\/uploads\/2016\/02\/5kk-1024x957.jpg 1024w, https:\/\/www.fu-frechen.de\/wp-content\/uploads\/2016\/02\/5kk-624x583.jpg 624w, https:\/\/www.fu-frechen.de\/wp-content\/uploads\/2016\/02\/5kk.jpg 1287w\" sizes=\"(max-width: 200px) 100vw, 200px\" \/><\/a>A<\/strong>lso doch, es gibt sie, die <strong><span style=\"color: #0000ff;\">ausgleichende Gerechtigkeit<\/span><\/strong>. \u00dcber Wochen war K\u00f6ln wegen Silvester in den Negativ-Schlagzeilen, immer hie\u00df es &#8222;K\u00f6ln&#8220;, kaum einmal wurde erw\u00e4hnt, dass auch andere St\u00e4dte von den \u00dcbergriffen betroffen waren. Das Image von K\u00f6ln litt darunter.<br \/>\nNun hatte &#8222;h\u00f6here Gewalt&#8220; ein Einsehen. Sturmwarnungen f\u00fcr Rosenmontag f\u00fchrten in vielen St\u00e4dten zu Absagen des Rosenmontagszuges, die Fernseh-\u00dcbertragungen fielen ins Wasser&#8230;<br \/>\n<em>Nicht so<\/em><strong><em> in K\u00f6ln!<\/em> <\/strong>Man entschied, den Zug mit ein paar Sicherheits-Einschr\u00e4nkungen (keine Wagen mit allzu hohen Papp-Aufbauten, keine Pferde) losgehen zu lassen. Das WDR-Fernsehen \u00fcbertrug live aus K\u00f6ln, w\u00e4hrend andere &#8222;Karnevals-Hochburgen&#8220; am Rhein (D\u00fcsseldorf, Mainz) passen mussten. Und die \u00dcbertragung aus K\u00f6ln war f\u00fcr Karnevals-Jecke und -Interessierte durchaus sehenswert: ein Lob f\u00fcr den WDR! Die Kameraleute gaben ihr Bestes und lieferten gute Bilder, die abwechlungsreich gemischt wurden. Und dazu schien zeitweise sogar die Sonne, und blauer Himmel lachte \u00fcber den K\u00f6lner Karnevalisten!<br \/>\nIm Vorfeld hatte auch der K\u00f6lner Stadt-Anzeiger schon am 26.1. wieder die &#8222;K\u00f6lner Rosenmontagszeitung&#8220; als Beilage herausgebracht und damit quasi die &#8222;Fachliteratur&#8220; bereitgestellt, mit Karte des Zugweges, mit Informationen zu den im Zug laufenden Gruppen bzw. Karnevalsgesellschaften und zu ihren Motto-Wagen. Auch daf\u00fcr ein Lob!<br \/>\nApropos: Wie auch die Kommentatoren bei der Live-\u00dcbertragung des WDR betonten, fu\u00dft sehr viel im Karneval auf unentgeltlich geleisteter Arbeit, die Karnevals-Begeisterte in ihrer Freizeit aufbringen, oft \u00fcber Monate hinweg. Was Karnevals-Ver\u00e4chter gern \u00fcbersehen: Hier kann man wirklich von Brauchtum reden, weil es fest in der Bev\u00f6lkerung verankert ist und Viele sich daf\u00fcr engagieren, ohne materiellen Lohn zu erwarten. Im Gegenteil, die Aktivisten bezahlen Kost\u00fcme und \u2014 als Teilnehmer an einem Karnevalszug \u2014 das Wurfmaterial aus eigener Tasche. Hier gilt: Dabeisein ist alles! \u2014<\/p>\n<p style=\"text-align: justify;\"><strong><a href=\"https:\/\/www.fu-frechen.de\/wp-content\/uploads\/2016\/02\/85.jpg\" rel=\"attachment wp-att-2859\"><img decoding=\"async\" loading=\"lazy\" class=\"alignleft wp-image-2859\" src=\"https:\/\/www.fu-frechen.de\/wp-content\/uploads\/2016\/02\/85-234x300.jpg\" alt=\"85\" width=\"81\" height=\"104\" srcset=\"https:\/\/www.fu-frechen.de\/wp-content\/uploads\/2016\/02\/85-234x300.jpg 234w, https:\/\/www.fu-frechen.de\/wp-content\/uploads\/2016\/02\/85-768x985.jpg 768w, https:\/\/www.fu-frechen.de\/wp-content\/uploads\/2016\/02\/85-798x1024.jpg 798w, https:\/\/www.fu-frechen.de\/wp-content\/uploads\/2016\/02\/85-624x800.jpg 624w, https:\/\/www.fu-frechen.de\/wp-content\/uploads\/2016\/02\/85.jpg 1567w\" sizes=\"(max-width: 81px) 100vw, 81px\" \/><\/a>L<\/strong>eider haben an diesem Tag anderenorts Menschen etwas wiederaufgelegt, was man in K\u00f6ln als schlimme Entgleisung in den Geschichts-Annalen finden kann: Im Rosenmontagszug 1935 etwa fuhr ein von Nazis gestalteter Wagen mit judenfeindlicher Aussage.* Mit Entsetzen konnte man am Rosenmontag 2016 in den Abendnachrichten des Fernsehens einen Wagen in einer th\u00fcringischen Stadt und einen in einem bayrischen Ort sehen, die im menschenverachtenden Geist vergangener Zeiten (die man vergangen glaubte) gestaltet waren und sich gegen Fl\u00fcchtlinge richteten.<\/p>\n<p style=\"text-align: justify;\">Es wird Zeit zu erkennen: <em>Viele, die sagen, sie seien keine Nazis, haben in ihrem Kopf Ansichten \u00fcber Menschen, die das Gegenteil sagen<\/em>. Ein Beispiel: &gt;<a href=\"http:\/\/www.ksta.de\/koeln\/kommentar-sote-pro-nrw-hetzt-gegen-blaeck-foeoess,15187530,33742142.html\">Kommentar zur H\u00e4me f\u00fcr Alica Trovatello und Bl\u00e4ck F\u00f6\u00f6ss: Widerlicher als Dominik Roeselers Reaktion geht es nicht | K\u00f6ln&nbsp;&#8211; K\u00f6lner Stadt-Anzeiger<\/a>&nbsp; Und sie \u00e4u\u00dfern diese Ansichten jetzt \u00f6fter, und meinen, sich in einer Mehrheitsmeinung suhlen zu k\u00f6nnen, wenn ihnen nicht sofort jemand widerspricht und ihnen sagt, was von ihren \u00c4u\u00dferungen zu halten ist.**<\/p>\n<p style=\"text-align: justify;\">Erst gestern konnte man auf Phoenix eine Fernsehsendung mit dem Titel &#8222;Die Suche nach Hitlers Volk&#8220; sehen. Da erz\u00e4hlte z.B. eine Lehrerin (!) im Jahr 1945, sie sei ein unpolitischer Mensch&nbsp;\u2014 aber ihre ge\u00e4u\u00dferten Ansichten gaben genau die politische Propaganda der Nazis wieder. Und eine andere Frau \u00e4u\u00dferte sinngem\u00e4\u00df, Deutsche seien etwas Besseres als Andere&#8230; Und diese Leute glaubten in aller &#8222;Unschuld&#8220;, dass ihre Ansichten nichts mit dem b\u00f6sen Hitler (an den sie vorher geglaubt hatten) und nichts mit dem Krieg zu tun h\u00e4tten, sondern dass sie einfach nur &#8222;gute Deutsche&#8220; w\u00e4ren.***<\/p>\n<p style=\"text-align: justify;\">Und wenn sie nicht gestorben sind, dann glauben wohl Viele das noch heute (auch wenn sie an Klapperstorch und Weihnachtsmann nicht mehr glauben). Man sollte immer wieder daran erinnern, wohin so etwas f\u00fchrt, denn diese <span style=\"color: #ff0000;\"><em>teuer erkauften<\/em><\/span> historischen Erfahrungen sind keine Hirngespinste!<\/p>\n<p style=\"text-align: justify;\">W. R.<\/p>\n<p>___________________<\/p>\n<p>* Vgl. Carl Dietmar, Die Chronik K\u00f6lns, 1991, S. 386; mehr zum Thema &gt;<a href=\"http:\/\/www.koelner-karneval.info\/Historie\/Koelner-Karneval-Nationalsozialismus.html\">K\u00f6lner Karneval im Nationalsozialismus<\/a><\/p>\n<p>** Nachtrag dazu vom 21.02.16: &#8222;<span style=\"text-decoration: underline; color: #993366;\"><a style=\"color: #993366; text-decoration: underline;\" href=\"https:\/\/www.fu-frechen.de\/wp-content\/uploads\/2016\/02\/5kk.jpg\" rel=\"attachment wp-att-2857\">Gerade die Meinungsmacher m\u00fcssten klarstellen, dass Europa eine emanzipatorische Utopie war, ist, sein k\u00f6nnte, sein muss, sonst versinkt dieser Kontinent wieder in seiner Vergangenheit, ein kleiner Fleck auf der Erde, zerkl\u00fcftet, zersplittert, verloren. Aber seit Monaten tun die reaktion\u00e4ren deutschen Eliten genau das Gegenteil, sie betreiben eine Rhetorik des permanenten Notstands, und zwar nicht irgendwo weit rechts, sondern dort, wo sie die Mitte sehen: Da lassen Leitartikler die Schranken runter, da verwandeln sich Feuilletonisten in Grenzpfosten, da sind auf einmal die Menschenrechte keine Realit\u00e4t mehr, sondern nur noch &#8222;Rhetorik&#8220;.<\/a><\/span>&nbsp; zitiert aus: &gt;<a href=\"http:\/\/www.spiegel.de\/kultur\/gesellschaft\/fluechtlinge-was-clausnitz-ueber-unsere-gesellschaft-sagt-a-1078523.html\">Fl\u00fcchtlinge: Was Clausnitz \u00fcber unsere Gesellschaft sagt &#8211; SPIEGEL ONLINE<\/a><\/p>\n<p>*** zum Thema Nation und Nationalismus vgl. ausf\u00fchrlich &gt;<em>Clio<\/em> \/ 5.<\/p>\n<p style=\"text-align: justify;\"><a href=\"https:\/\/www.fu-frechen.de\/wp-content\/uploads\/2013\/06\/13g+.jpg\" rel=\"attachment wp-att-256\"><img decoding=\"async\" loading=\"lazy\" class=\"aligncenter wp-image-256\" src=\"https:\/\/www.fu-frechen.de\/wp-content\/uploads\/2013\/06\/13g+-300x219.jpg\" alt=\"13g+\" width=\"118\" height=\"86\" srcset=\"https:\/\/www.fu-frechen.de\/wp-content\/uploads\/2013\/06\/13g+-300x219.jpg 300w, https:\/\/www.fu-frechen.de\/wp-content\/uploads\/2013\/06\/13g+-624x457.jpg 624w, https:\/\/www.fu-frechen.de\/wp-content\/uploads\/2013\/06\/13g+.jpg 864w\" sizes=\"(max-width: 118px) 100vw, 118px\" \/><\/a><\/p>\n<p style=\"text-align: justify;\">\n","protected":false},"excerpt":{"rendered":"<p>Also doch, es gibt sie, die ausgleichende Gerechtigkeit. \u00dcber Wochen war K\u00f6ln wegen Silvester in den Negativ-Schlagzeilen, immer hie\u00df es &#8222;K\u00f6ln&#8220;, kaum einmal wurde erw\u00e4hnt, dass auch andere St\u00e4dte von den \u00dcbergriffen betroffen waren. Das Image von K\u00f6ln litt darunter. Nun hatte &#8222;h\u00f6here Gewalt&#8220; ein Einsehen. Sturmwarnungen f\u00fcr Rosenmontag f\u00fchrten in vielen St\u00e4dten zu Absagen [&hellip;]<\/p>\n","protected":false},"author":3,"featured_media":0,"comment_status":"closed","ping_status":"open","sticky":false,"template":"","format":"standard","meta":[],"categories":[1,11],"tags":[576,332,134,333,331],"_links":{"self":[{"href":"https:\/\/www.fu-frechen.de\/index.php?rest_route=\/wp\/v2\/posts\/2848"}],"collection":[{"href":"https:\/\/www.fu-frechen.de\/index.php?rest_route=\/wp\/v2\/posts"}],"about":[{"href":"https:\/\/www.fu-frechen.de\/index.php?rest_route=\/wp\/v2\/types\/post"}],"author":[{"embeddable":true,"href":"https:\/\/www.fu-frechen.de\/index.php?rest_route=\/wp\/v2\/users\/3"}],"replies":[{"embeddable":true,"href":"https:\/\/www.fu-frechen.de\/index.php?rest_route=%2Fwp%2Fv2%2Fcomments&post=2848"}],"version-history":[{"count":23,"href":"https:\/\/www.fu-frechen.de\/index.php?rest_route=\/wp\/v2\/posts\/2848\/revisions"}],"predecessor-version":[{"id":6612,"href":"https:\/\/www.fu-frechen.de\/index.php?rest_route=\/wp\/v2\/posts\/2848\/revisions\/6612"}],"wp:attachment":[{"href":"https:\/\/www.fu-frechen.de\/index.php?rest_route=%2Fwp%2Fv2%2Fmedia&parent=2848"}],"wp:term":[{"taxonomy":"category","embeddable":true,"href":"https:\/\/www.fu-frechen.de\/index.php?rest_route=%2Fwp%2Fv2%2Fcategories&post=2848"},{"taxonomy":"post_tag","embeddable":true,"href":"https:\/\/www.fu-frechen.de\/index.php?rest_route=%2Fwp%2Fv2%2Ftags&post=2848"}],"curies":[{"name":"wp","href":"https:\/\/api.w.org\/{rel}","templated":true}]}}