{"id":2940,"date":"2016-03-13T14:20:47","date_gmt":"2016-03-13T13:20:47","guid":{"rendered":"http:\/\/www.fu-frechen.de\/?p=2940"},"modified":"2017-09-26T17:28:21","modified_gmt":"2017-09-26T15:28:21","slug":"es-mueffelt","status":"publish","type":"post","link":"https:\/\/www.fu-frechen.de\/?p=2940","title":{"rendered":"Es m\u00fcffelt!"},"content":{"rendered":"<p style=\"text-align: justify;\"><strong><a href=\"https:\/\/www.fu-frechen.de\/wp-content\/uploads\/2016\/03\/EU-Rechts.jpg\" rel=\"attachment wp-att-2946\"><img decoding=\"async\" loading=\"lazy\" class=\"alignleft wp-image-2946\" src=\"https:\/\/www.fu-frechen.de\/wp-content\/uploads\/2016\/03\/EU-Rechts-300x295.jpg\" alt=\"EU-Rechts\" width=\"219\" height=\"215\" srcset=\"https:\/\/www.fu-frechen.de\/wp-content\/uploads\/2016\/03\/EU-Rechts-300x295.jpg 300w, https:\/\/www.fu-frechen.de\/wp-content\/uploads\/2016\/03\/EU-Rechts-768x756.jpg 768w, https:\/\/www.fu-frechen.de\/wp-content\/uploads\/2016\/03\/EU-Rechts-1024x1008.jpg 1024w, https:\/\/www.fu-frechen.de\/wp-content\/uploads\/2016\/03\/EU-Rechts-624x614.jpg 624w, https:\/\/www.fu-frechen.de\/wp-content\/uploads\/2016\/03\/EU-Rechts.jpg 1943w\" sizes=\"(max-width: 219px) 100vw, 219px\" \/><\/a>\u00dc<\/strong>ber den Tag und die Tagespolitik hinaus lohnt es sich f\u00fcr die helle B\u00fcrgerin und den aufgeweckten B\u00fcrger, einmal einen Blick auf die Thesen und Vorschl\u00e4ge zu richten, die Rechtspopulisten hierzulande (wie auch in anderen EU-L\u00e4ndern) ihren Anh\u00e4ngern, Mitl\u00e4ufern und potentiellen W\u00e4hlerInnen anbieten.<br \/>\nDas wollen Sie gar nicht erst h\u00f6ren oder lesen? Sie wehren nur mit beiden H\u00e4nden ab und rufen &#8222;Igitt!&#8220;? Nun, das bleibt selbstverst\u00e4ndlich Ihnen \u00fcberlassen. Wer aber den Rechtspopulisten mehr als nur ein &#8222;Igitt&#8220; entgegensetzen will, sollte schon zur Kenntnis nehmen, welche Vorstellungen und Ideen sich im rechtspopulistischen Milieu tummeln. Dazu biete sich z.B. hier Gelegenheit: &gt;<br \/>\n<a href=\"https:\/\/blog.campact.de\/2016\/03\/steuern-bildung-hartz-iv-was-die-afd-wirklich-will\/?utm_campaign=%2Fcampact%2F&amp;utm_term=link1&amp;utm_content=random-b&amp;utm_source=%2Fcampact%2Floeschen%2F&amp;utm_medium=Email\">https:\/\/blog.campact.de\/2016\/03\/steuern-bildung-hartz-iv-was-die-afd-wirklich-will\/?utm_campaign=%2Fcampact%2F&amp;utm_term=link1&amp;utm_content=random-b&amp;utm_source=%2Fcampact%2Floeschen%2F&amp;utm_medium=Email<\/a><br \/>\nGrunds\u00e4tzlich haben Populisten (also Leute, die dem Volk nach dem Munde reden und auf popul\u00e4ren Stimmungen surfen wollen, anstatt die Leute aufzukl\u00e4ren) kein Interesse daran, den Menschen, ihren potentiellen W\u00e4hlerinnen und W\u00e4hlern, in allem die Wahrheit zu sagen, obwohl sie genau das behaupten. Sie stellen sich als ehrliche Alternative zum pauschal &#8222;verlogenen&#8220; oder &#8222;korrupten&#8220; Politikbetrieb dar, ihre Glaubw\u00fcrdigkeit besteht f\u00fcr wenig Informierte aber darin, dass sie Vorurteile und Aversionen des &#8222;einfachen Volkes&#8220; best\u00e4tigen und verst\u00e4rken, und sie unterstreichen das mit einer deftigen Sprache. Das verwechseln die &#8222;einfachen&#8220; Leute dann mit Ehrlichkeit und Glaubw\u00fcrdigkeit.<br \/>\nWer sich mit der deutschen Geschichte bis 1945 gr\u00fcndlich genug besch\u00e4ftigt hat, erkennt die demagogischen Spr\u00fcche und Vereinfachungen der Wirklichkeit wieder, die schon in der Propaganda der Nazis ihren festen Platz hatten. Gerade darum fordern heutige Rechtspopulisten ja auch, man sollte in den Schulen nicht mehr soviel \u00fcber die Nazizeit reden, sondern mehr von glorreicher deutscher Geschichte, um den Nationalstolz zu f\u00f6rdern&#8230;<br \/>\nMit anderen Worten: AfD und andere, weit rechts stehende Kreise wollen unser Land herunterziehen auf ein r\u00fcckst\u00e4ndiges Entwicklungsniveau, auf nationalistisches Denken und eine latent rassistische Gesellschaft mit sozialdarwinistischer Haltung gegen\u00fcber Minderheiten und Schwachen. Wir sollen uns von rechtskonservativen Regierungen \u2014 wie derzeit in Ungarn und Polen \u2014 reaktion\u00e4ren Schwachsinn von vorgestern als neues Rezept verordnen lassen!<br \/>\nIn einer Welt, in der Globalisierung l\u00e4ngst real ist und internationale Konzerne nationale Regierungen am Nasenring vorf\u00fchren, wollen uns diese nationalistischen Hassprediger geistig verdummen und verzwergen. In einer Welt. in der europ\u00e4ische Staaten nur noch in einem europ\u00e4ischen Verbund weltpolitisch etwas zu melden haben k\u00f6nnen, predigen diese Volksverdummer &#8222;nationale St\u00e4rke&#8220;, Abschottung und nationale Alleing\u00e4nge. Ja, geht&#8217;s noch??!<br \/>\nGerade Deutschland kann sich solchen R\u00fcckschritt \u00fcberhaupt nicht leisten, schon allein wegen seiner stark exportorientierten Wirtschaft. Bedauerlich, dass trotzdem viele ZeitgenossInnen r\u00fcckw\u00e4rtsgerichtete Parolen beklatschen, die f\u00fcr das 21. Jahrhundert v\u00f6llig untauglich sind und stark nach Moder m\u00fcffeln.*<\/p>\n<p style=\"text-align: justify;\">W.R.<\/p>\n<p style=\"text-align: justify;\"><span style=\"text-decoration: underline;\">&#8222;The day after&#8220;, oder: Das Resultat des Wahltags vom 13.03.2016 (3 Landtagswahlen):<\/span><\/p>\n<p style=\"text-align: justify;\"><a href=\"https:\/\/www.fu-frechen.de\/wp-content\/uploads\/2016\/03\/EU-Rechts-2.jpg\" rel=\"attachment wp-att-2951\"><img decoding=\"async\" loading=\"lazy\" class=\"alignleft size-medium wp-image-2951\" src=\"https:\/\/www.fu-frechen.de\/wp-content\/uploads\/2016\/03\/EU-Rechts-2-300x167.jpg\" alt=\"EU-Rechts 2\" width=\"300\" height=\"167\" srcset=\"https:\/\/www.fu-frechen.de\/wp-content\/uploads\/2016\/03\/EU-Rechts-2-300x167.jpg 300w, https:\/\/www.fu-frechen.de\/wp-content\/uploads\/2016\/03\/EU-Rechts-2-768x428.jpg 768w, https:\/\/www.fu-frechen.de\/wp-content\/uploads\/2016\/03\/EU-Rechts-2-1024x570.jpg 1024w, https:\/\/www.fu-frechen.de\/wp-content\/uploads\/2016\/03\/EU-Rechts-2-624x347.jpg 624w\" sizes=\"(max-width: 300px) 100vw, 300px\" \/><\/a>Wie nach Umfragen erwartet, zog die AfD mit zweistelligen Prozentzahlen in die Landtage ein. Bemerkenswert auch: Die FDP schaffte den Wiedereinzug in 2 Landesparlamente. In den Talkrunden im Fernsehen diskutierte man am Abend u.a. die Frage: Ist das nun eine Best\u00e4tigung f\u00fcr Angela Merkels Fl\u00fcchtlingspolitik, oder das Gegenteil? Nicht verwunderlich ist, dass aus der CSU verlautet: im Gegenteil, Merkel muss nun ihre Politik \u00e4ndern. Andere meinten: Gerade die Spitzenkandidaten der CDU in Rheinland-Pfalz und Baden-W\u00fcrttemberg hatten mit ihrer Distanz zu Merkels Politik keinen Erfolg.<\/p>\n<p>W.R.<\/p>\n<p style=\"text-align: justify;\">*Nachtrag am 25.03.2016: Leider best\u00e4tigen die Terroranschl\u00e4ge der letzten Zeit sehr drastisch die Untauglichkeit nationaler Eigenbr\u00f6telei und Abschottung! Aufgrund mangelnder Kooperation nationaler Polizeibeh\u00f6rden und Geheimdienste finden sogar gesuchte Terroristen noch L\u00fccken, durch die sie der Fahndung entgehen. Obwohl bereits erkannt, werden diese L\u00fccken von den meisten EU-Staaten immer noch nicht geschlossen, weil sie mit Europol und der zentralen Terrorismus-Bek\u00e4mpfungsstelle nicht kooperieren. Gibt es ein besseres Beispiel daf\u00fcr, wie ein in Nationen zersplittertes Europa von international operierenden Organisationen ausgespielt und zum Narren gehalten wird?<\/p>\n<p style=\"text-align: justify;\">Fr\u00fcher kannte man den Spruch: &#8222;Allein\u00a0\u2014 machen sie dich ein!&#8220; In der Globalisierung gilt das f\u00fcr eigenbr\u00f6tlerische Nationen auch. Nationale Regierungen werden von multinationalen Konzernen wie auch von Terroristen (s.o.) leichter an die Wand gespielt als international vernetzte Organisationen.<\/p>\n<p style=\"text-align: justify;\">Eine Lach- (oder Wein-) nummer ist die j\u00fcngste Verlautbarung der polnischen Regierung nach den Anschl\u00e4gen in Br\u00fcssel: Polen sei derzeit nicht in der Lage, die zugesagten 4700 Fl\u00fcchtlinge im Land aufzunehmen, nicht einmal die zuvor zugesagten 400! Wovor hat diese Regierung Angst, oder womit ist sie \u00fcberfordert? Ist sie zu sehr damit besch\u00e4ftigt, den Rechtsstaat abzubauen und ihren Gefolgsleuten alle m\u00f6glichen Posten in \u00c4mtern und Organisationen zuzuschanzen? Was da in Polen abgeht, spottet schon jeder Beschreibung&#8230;<\/p>\n<p>W.R.<\/p>\n<p style=\"text-align: justify;\"><a href=\"https:\/\/www.fu-frechen.de\/wp-content\/uploads\/2013\/06\/13g+.jpg\" rel=\"attachment wp-att-256\"><img decoding=\"async\" loading=\"lazy\" class=\"aligncenter wp-image-256\" src=\"https:\/\/www.fu-frechen.de\/wp-content\/uploads\/2013\/06\/13g+-300x219.jpg\" alt=\"13g+\" width=\"91\" height=\"66\" srcset=\"https:\/\/www.fu-frechen.de\/wp-content\/uploads\/2013\/06\/13g+-300x219.jpg 300w, https:\/\/www.fu-frechen.de\/wp-content\/uploads\/2013\/06\/13g+-624x457.jpg 624w, https:\/\/www.fu-frechen.de\/wp-content\/uploads\/2013\/06\/13g+.jpg 864w\" sizes=\"(max-width: 91px) 100vw, 91px\" \/><\/a><\/p>\n","protected":false},"excerpt":{"rendered":"<p>\u00dcber den Tag und die Tagespolitik hinaus lohnt es sich f\u00fcr die helle B\u00fcrgerin und den aufgeweckten B\u00fcrger, einmal einen Blick auf die Thesen und Vorschl\u00e4ge zu richten, die Rechtspopulisten hierzulande (wie auch in anderen EU-L\u00e4ndern) ihren Anh\u00e4ngern, Mitl\u00e4ufern und potentiellen W\u00e4hlerInnen anbieten. Das wollen Sie gar nicht erst h\u00f6ren oder lesen? Sie wehren nur [&hellip;]<\/p>\n","protected":false},"author":3,"featured_media":0,"comment_status":"closed","ping_status":"open","sticky":false,"template":"","format":"standard","meta":[],"categories":[1,483],"tags":[345,342,346,341,344,340,343,339],"_links":{"self":[{"href":"https:\/\/www.fu-frechen.de\/index.php?rest_route=\/wp\/v2\/posts\/2940"}],"collection":[{"href":"https:\/\/www.fu-frechen.de\/index.php?rest_route=\/wp\/v2\/posts"}],"about":[{"href":"https:\/\/www.fu-frechen.de\/index.php?rest_route=\/wp\/v2\/types\/post"}],"author":[{"embeddable":true,"href":"https:\/\/www.fu-frechen.de\/index.php?rest_route=\/wp\/v2\/users\/3"}],"replies":[{"embeddable":true,"href":"https:\/\/www.fu-frechen.de\/index.php?rest_route=%2Fwp%2Fv2%2Fcomments&post=2940"}],"version-history":[{"count":18,"href":"https:\/\/www.fu-frechen.de\/index.php?rest_route=\/wp\/v2\/posts\/2940\/revisions"}],"predecessor-version":[{"id":3939,"href":"https:\/\/www.fu-frechen.de\/index.php?rest_route=\/wp\/v2\/posts\/2940\/revisions\/3939"}],"wp:attachment":[{"href":"https:\/\/www.fu-frechen.de\/index.php?rest_route=%2Fwp%2Fv2%2Fmedia&parent=2940"}],"wp:term":[{"taxonomy":"category","embeddable":true,"href":"https:\/\/www.fu-frechen.de\/index.php?rest_route=%2Fwp%2Fv2%2Fcategories&post=2940"},{"taxonomy":"post_tag","embeddable":true,"href":"https:\/\/www.fu-frechen.de\/index.php?rest_route=%2Fwp%2Fv2%2Ftags&post=2940"}],"curies":[{"name":"wp","href":"https:\/\/api.w.org\/{rel}","templated":true}]}}