{"id":2962,"date":"2016-03-23T18:49:39","date_gmt":"2016-03-23T17:49:39","guid":{"rendered":"http:\/\/www.fu-frechen.de\/?p=2962"},"modified":"2018-10-21T21:33:19","modified_gmt":"2018-10-21T19:33:19","slug":"2962","status":"publish","type":"post","link":"https:\/\/www.fu-frechen.de\/?p=2962","title":{"rendered":"Vereint&#8230;"},"content":{"rendered":"<p style=\"text-align: justify;\"><a href=\"https:\/\/www.fu-frechen.de\/wp-content\/uploads\/2016\/03\/IMG_5380.jpg\" rel=\"attachment wp-att-2961\"><img decoding=\"async\" loading=\"lazy\" class=\"alignleft wp-image-2961\" src=\"https:\/\/www.fu-frechen.de\/wp-content\/uploads\/2016\/03\/IMG_5380-300x288.jpg\" alt=\"IMG_5380\" width=\"281\" height=\"270\" srcset=\"https:\/\/www.fu-frechen.de\/wp-content\/uploads\/2016\/03\/IMG_5380-300x288.jpg 300w, https:\/\/www.fu-frechen.de\/wp-content\/uploads\/2016\/03\/IMG_5380-768x737.jpg 768w, https:\/\/www.fu-frechen.de\/wp-content\/uploads\/2016\/03\/IMG_5380-1024x982.jpg 1024w, https:\/\/www.fu-frechen.de\/wp-content\/uploads\/2016\/03\/IMG_5380-624x598.jpg 624w, https:\/\/www.fu-frechen.de\/wp-content\/uploads\/2016\/03\/IMG_5380.jpg 1977w\" sizes=\"(max-width: 281px) 100vw, 281px\" \/><\/a><strong>B<\/strong>r\u00fcssel, 23.03.2016, am Tag nach den Terroranschl\u00e4gen in Flughafen und U-Bahn der belgischen Hauptstadt: Im Fernsehen sieht man eine Menge Leute, die dem Terror trotzen wollen, Blumen f\u00fcr die Opfer ablegen, Kerzen aufstellen, und demonstrieren. Ein Schild ragt heraus: \u00abUNIS CONTRE LA HA\u00eeNE\u00bb. Zu deutsch: &#8222;Vereint gegen den Hass.&#8220;<\/p>\n<p style=\"text-align: justify;\">Diesem Appell kann man sich nur anschlie\u00dfen \u2014 sollte man meinen. Ein paar Hassprediger in Deutschland sind da ganz anderer Meinung und nutzen die Anschl\u00e4ge f\u00fcr Hasskommentare in &#8222;sozialen&#8220; Netzwerken des Internets. Schwer zu glauben: Einige verhetzte Gem\u00fcter (Der Herr erbarme sich ihrer) sehen hier eine scheinbar passende Gelegenheit, um antisoziale Hassparolen zu verbreiten.<\/p>\n<p style=\"text-align: justify;\">Manche verstecken ihre braun angehauchten Ansichten hinter angeblicher Sorge um die deutsche Nation, um das Vaterland, usw. Manche geben sich (noch) gro\u00dfe M\u00fche, Vokabeln wie &#8222;Reinheit deutschen Blutes&#8220; und \u00e4hnliche in der \u00d6ffentlichkeit zu vermeiden. Vielen in Deutschland scheint immer noch nicht klar zu sein, dass sie sich mit Teilen von NS-Gedankengut gemein machen, wenn sie kaum verh\u00fcllten Rassismus zeigen. Und Einige glauben sogar, dass es nun an der Zeit sei, sowas salonf\u00e4hig zu machen. Dass sich dabei ein paar Leute ermutigt f\u00fchlen, &#8222;\u00fcber die Str\u00e4nge schlagen&#8220;, gewaltt\u00e4tig zu werden oder Br\u00e4nde zu legen, wird verharmlost und heruntergespielt.<\/p>\n<p style=\"text-align: justify;\">N\u00e4hern sich Brandanschl\u00e4ge auf Fl\u00fcchtlingsunterk\u00fcnfte nicht gef\u00e4hrlich der Grenze zum Terrorismus? Geh\u00f6ren Einsch\u00fcchterung und Verbreiten von Angst etwa nicht zu den Mitteln von Terroristen? Wer da nicht Gemeinsamkeiten sieht, ist auf dem rechten Auge blind. Wer von &#8222;Terrorismusbek\u00e4mpfung&#8220; redet,\u00a0 muss in alle Richtungen schauen und ermitteln.<\/p>\n<p style=\"text-align: justify;\">Vereint gegen Hass, das bedeutet nat\u00fcrlich, gegen Hassprediger <em>aller<\/em> Richtungen sowie gegen die gewaltt\u00e4tigen Vollstrecker von Hassparolen Front zu machen. Ist doch ganz einfach. Nur so erhalten wir eine Gesellschaft, die ihre Meinungsverschiedenheiten und Konflikte friedlich austr\u00e4gt und beilegt.<\/p>\n<p style=\"text-align: justify;\">W.R.<\/p>\n<p style=\"text-align: justify;\">Nachtrag am 31.03.2016: Deutsche Politiker sollten sich mit Kritik an belgischem Beh\u00f6rdenversagen zur\u00fcckhalten, da auch hierzulande Datenabgleich und -zusammenf\u00fchrung sehr l\u00fcckenhaft stattfinden mit der Folge, dass auch hier gesuchte Islamisten durch die Lappen gehen. Au\u00dferdem f\u00f6rdert der uns\u00e4gliche NSU-Skandal schon seit Jahren immer neues Beh\u00f6rdenversagen zutage. Das kann man ausf\u00fchrlicher und sehr pointiert in diesem Kommentar lesen: &gt; <a href=\"http:\/\/www.spiegel.de\/netzwelt\/netzpolitik\/sascha-lobo-ueber-is-terror-ueberwachung-ist-die-falsche-antwort-a-1084629.html\">Terror und Datenwahn: \u00dcberwachung ist die falsche Antwort (Kolumne) &#8211; SPIEGEL ONLINE <\/a><\/p>\n<p style=\"text-align: justify;\">Angesichts dieser Sachlage fragt man sich, ob diverse Politiker in der Vergangenheit ihrem Amtseid gefolgt sind, &#8222;Schaden vom Volke abzuwenden&#8220;. Das sollte nicht mit wohlfeiler, pauschaler Politikerschelte verwechselt werden, vielmehr richtet sich diese Kritik gegen konkrete Fehlentscheidungen, die u.a. in letzter Zeit zu einer hohen Rate nicht aufgekl\u00e4rter Wohnungseinbr\u00fcche beigetragen haben \u2014 bzw. zu einer weithin \u00fcberforderten Polizei. Denn nicht nur in Belgien, auch hierzulande wurde massiv Personal abgebaut bei Polizei und Justiz.<\/p>\n<p style=\"text-align: justify;\"><a href=\"https:\/\/www.fu-frechen.de\/wp-content\/uploads\/2013\/06\/13g+.jpg\" rel=\"attachment wp-att-256\"><img decoding=\"async\" loading=\"lazy\" class=\"aligncenter wp-image-256\" src=\"https:\/\/www.fu-frechen.de\/wp-content\/uploads\/2013\/06\/13g+-300x219.jpg\" alt=\"13g+\" width=\"119\" height=\"87\" srcset=\"https:\/\/www.fu-frechen.de\/wp-content\/uploads\/2013\/06\/13g+-300x219.jpg 300w, https:\/\/www.fu-frechen.de\/wp-content\/uploads\/2013\/06\/13g+-624x457.jpg 624w, https:\/\/www.fu-frechen.de\/wp-content\/uploads\/2013\/06\/13g+.jpg 864w\" sizes=\"(max-width: 119px) 100vw, 119px\" \/><\/a><\/p>\n","protected":false},"excerpt":{"rendered":"<p>Br\u00fcssel, 23.03.2016, am Tag nach den Terroranschl\u00e4gen in Flughafen und U-Bahn der belgischen Hauptstadt: Im Fernsehen sieht man eine Menge Leute, die dem Terror trotzen wollen, Blumen f\u00fcr die Opfer ablegen, Kerzen aufstellen, und demonstrieren. Ein Schild ragt heraus: \u00abUNIS CONTRE LA HA\u00eeNE\u00bb. Zu deutsch: &#8222;Vereint gegen den Hass.&#8220; Diesem Appell kann man sich nur [&hellip;]<\/p>\n","protected":false},"author":3,"featured_media":0,"comment_status":"closed","ping_status":"open","sticky":false,"template":"","format":"standard","meta":[],"categories":[1],"tags":[515,348,350,352,349,351,353,347,354],"_links":{"self":[{"href":"https:\/\/www.fu-frechen.de\/index.php?rest_route=\/wp\/v2\/posts\/2962"}],"collection":[{"href":"https:\/\/www.fu-frechen.de\/index.php?rest_route=\/wp\/v2\/posts"}],"about":[{"href":"https:\/\/www.fu-frechen.de\/index.php?rest_route=\/wp\/v2\/types\/post"}],"author":[{"embeddable":true,"href":"https:\/\/www.fu-frechen.de\/index.php?rest_route=\/wp\/v2\/users\/3"}],"replies":[{"embeddable":true,"href":"https:\/\/www.fu-frechen.de\/index.php?rest_route=%2Fwp%2Fv2%2Fcomments&post=2962"}],"version-history":[{"count":9,"href":"https:\/\/www.fu-frechen.de\/index.php?rest_route=\/wp\/v2\/posts\/2962\/revisions"}],"predecessor-version":[{"id":2987,"href":"https:\/\/www.fu-frechen.de\/index.php?rest_route=\/wp\/v2\/posts\/2962\/revisions\/2987"}],"wp:attachment":[{"href":"https:\/\/www.fu-frechen.de\/index.php?rest_route=%2Fwp%2Fv2%2Fmedia&parent=2962"}],"wp:term":[{"taxonomy":"category","embeddable":true,"href":"https:\/\/www.fu-frechen.de\/index.php?rest_route=%2Fwp%2Fv2%2Fcategories&post=2962"},{"taxonomy":"post_tag","embeddable":true,"href":"https:\/\/www.fu-frechen.de\/index.php?rest_route=%2Fwp%2Fv2%2Ftags&post=2962"}],"curies":[{"name":"wp","href":"https:\/\/api.w.org\/{rel}","templated":true}]}}