{"id":3011,"date":"2016-07-22T23:05:45","date_gmt":"2016-07-22T21:05:45","guid":{"rendered":"http:\/\/www.fu-frechen.de\/?p=3011"},"modified":"2016-10-13T14:44:25","modified_gmt":"2016-10-13T12:44:25","slug":"gewalt-verstehen","status":"publish","type":"post","link":"https:\/\/www.fu-frechen.de\/?p=3011","title":{"rendered":"Gewalt verstehen?"},"content":{"rendered":"<p style=\"text-align: justify;\"><strong><a href=\"https:\/\/www.fu-frechen.de\/wp-content\/uploads\/2016\/07\/IMG_5949.jpg\"><img decoding=\"async\" loading=\"lazy\" class=\"alignleft wp-image-3105\" src=\"https:\/\/www.fu-frechen.de\/wp-content\/uploads\/2016\/07\/IMG_5949-278x300.jpg\" alt=\"IMG_5949\" width=\"169\" height=\"182\" srcset=\"https:\/\/www.fu-frechen.de\/wp-content\/uploads\/2016\/07\/IMG_5949-278x300.jpg 278w, https:\/\/www.fu-frechen.de\/wp-content\/uploads\/2016\/07\/IMG_5949-768x829.jpg 768w, https:\/\/www.fu-frechen.de\/wp-content\/uploads\/2016\/07\/IMG_5949-949x1024.jpg 949w, https:\/\/www.fu-frechen.de\/wp-content\/uploads\/2016\/07\/IMG_5949-624x673.jpg 624w\" sizes=\"(max-width: 169px) 100vw, 169px\" \/><\/a>W<\/strong>as ist los in Europa, in der Welt? Sind es nur die Sensationsnachrichten, die dieses Bild vermitteln, oder nimmt die <strong><span style=\"color: #000000;\"><em>Bereitschaft zur Gewaltt\u00e4tigkeit<\/em><\/span><\/strong> unter den Menschen wirklich zu?<br \/>\nMan\u00a0 gewinnt den Eindruck: Jeder durchgeknallte Wirrkopf glaubt inzwischen, er k\u00f6nne seine Aggressivit\u00e4t willk\u00fcrlich an irgendwem abreagieren, und jeder Versager versucht mit einer Gewalttat in den Medien gro\u00df rauszukommen, und weil es mehr Beachtung bringt, bekennt er sich zu irgendeiner Terror-Ideologie.<br \/>\nEs sind gar keine politischen oder religi\u00f6sen Motive, die die meisten Terror-Mordtaten ausl\u00f6sen, es sind vielmehr emotional gest\u00f6rte Seelen, die ihre Gef\u00fchle nicht mehr kontrollieren k\u00f6nnen und ein beliebiges Objekt suchen, um sich abzureagieren.<br \/>\nDie meisten der in den Medien als Aufreger gemeldeten Gewalttaten haben einen gemeinsamen Hintergrund, egal ob es diese Einzelt\u00e4ter-Attentate oder jene Gruppengewalt von Hooligans ist. Es sind kranke Seelen, oft von erlittener Gewalt gepr\u00e4gt, die von der Vorstellung beherrscht werden, ihr Dasein habe den einzigen Zweck, ihre angestaute Aggressivit\u00e4t in Gewalt zu entladen, koste es, was es wolle.<br \/>\nHooligans best\u00e4rken und befeuern ihre Idee in der Gruppe und mit Alkohol (der bekanntlich enthemmt), politische oder religi\u00f6se Fanatiker heizen ihre Menschenfeindlichkeit oft im Internet auf, wo sie sich, wie wir h\u00f6ren, radikalisieren, d.h. wo sie eine passende Ideologie f\u00fcr ihre Gewaltbereitschaft finden, sodass sie bald selbst glauben, im Namen einer h\u00f6heren Sache zu handeln. Das gibt dem M\u00f6rder ein besonderes Hochgef\u00fchl: Ich lande im Paradies, oder wenigstens f\u00fcr kurze Zeit im Focus der medialen Aufmerksamkeit &#8211; was f\u00fcr ein H\u00f6hepunkt, was f\u00fcr ein spektakul\u00e4rer Abgang!<br \/>\nUrsprung dieser Gewaltbereitschaft ist eine aus pers\u00f6nlichen Kr\u00e4nkungen und Ohnmachtserfahrungen geborene Zerst\u00f6rung ihres Glaubens an das Gute in der Welt, ein aus pers\u00f6nlicher Versagenserfahrung und Hoffnungslosigkeit gezeugter Glaube an die Verderbtheit der sie umgebenden Gesellschaft bzw. der Welt \u00fcberhaupt \u2014 woraus die Folgerung gezogen wird, es sei eh alles egal, und es spiele keine Rolle mehr, wen und wieviele es treffe.<br \/>\nSo sammelt sich ein Hass an, der nur noch danach trachtet, loszuschlagen und m\u00f6glichst Vielen viel Leid zuzuf\u00fcgen. Der aus Versagensgef\u00fchlen geborene Selbsthass l\u00e4sst dabei jede R\u00fccksicht auf das eigene Leben vergessen\u00a0\u2014 und fertig ist der ideale Selbstmordattent\u00e4ter.<br \/>\nWer sich mit den politischen oder religi\u00f6sen Deklamationen in Bekennerschreiben etc. aufh\u00e4lt, sieht also am entscheidenden Tatmotiv vorbei. Da hilft kein &#8222;Verst\u00e4ndnis&#8220; f\u00fcr die (angeblichen) Motive der M\u00f6rder oder Terroristen, denn damit versteht man nicht wirklich, was solche T\u00e4ter antreibt. Und damit versteht man auch nicht, warum noch lange nicht jeder zum Gewaltt\u00e4ter und Amokl\u00e4ufer wird, der sich gegen Unrecht ausspricht und auflehnt.<br \/>\nMan kann auch nicht mit einem Hooligan \u00fcber angeblich ungerechtes Vorgehen der Polizei diskutieren, wenn der doch ohnehin in eine Gewalt-Kultur hineingewachsen ist und gerne Gewalt-Eskalationen provoziert. <span style=\"color: #ff0000;\">Es gibt Milieus, wo Gewalt die erste Wahl als Probleml\u00f6sung ist, es gibt Kreise, in denen Gewalttaten gefeiert und die T\u00e4ter aus den eigenen Reihen zu Helden gemacht werden.<\/span> Das muss man n\u00fcchtern zur Kenntnis nehmen, auch wenn man selbst solchen Kreisen fern steht.<\/p>\n<p style=\"text-align: justify;\"><strong><span style=\"color: #993300;\">Kann man Gewalt verstehen?<\/span><\/strong> Ja, man kann im Einzelfall ihre Ursache verstehen, aber: verstehen bedeutet noch lange nicht entschuldigen und verzeihen. Und auf gar keinen Fall: tolerieren.<\/p>\n<p style=\"text-align: justify;\">Wer zu Gewaltt\u00e4tigkeit neigt, m\u00f6chte trotzdem moralisch in gutem Licht erscheinen, und Menschen finden meist Gr\u00fcnde, Vorw\u00e4nde oder Ausreden, um ihr Handeln (zumindest vor sich selbst) zu rechtfertigen. Gewaltbereite Menschen legen sich eine Begr\u00fcndung zurecht, die z.B. auf der Grundannahme <a href=\"https:\/\/www.fu-frechen.de\/wp-content\/uploads\/2016\/07\/IMG_5950.jpg\"><img decoding=\"async\" loading=\"lazy\" class=\"alignleft wp-image-3108\" src=\"https:\/\/www.fu-frechen.de\/wp-content\/uploads\/2016\/07\/IMG_5950-284x300.jpg\" alt=\"IMG_5950\" width=\"162\" height=\"172\" srcset=\"https:\/\/www.fu-frechen.de\/wp-content\/uploads\/2016\/07\/IMG_5950-284x300.jpg 284w, https:\/\/www.fu-frechen.de\/wp-content\/uploads\/2016\/07\/IMG_5950-768x813.jpg 768w, https:\/\/www.fu-frechen.de\/wp-content\/uploads\/2016\/07\/IMG_5950-968x1024.jpg 968w, https:\/\/www.fu-frechen.de\/wp-content\/uploads\/2016\/07\/IMG_5950-624x660.jpg 624w, https:\/\/www.fu-frechen.de\/wp-content\/uploads\/2016\/07\/IMG_5950.jpg 1893w\" sizes=\"(max-width: 162px) 100vw, 162px\" \/><\/a>fu\u00dft, die Welt sei nun mal von st\u00e4ndigem Kampf bestimmt, es gelte das Recht des St\u00e4rkeren, und man m\u00fcsse sich st\u00e4ndig mit Gewalt durchsetzen. Darauf fu\u00dft auch die Weltanschauung von <span style=\"color: #ff0000;\">Faschisten<\/span>: Sie meinen, Gespr\u00e4chsbereitschaft und Kompromisse seien etwas f\u00fcr Schw\u00e4chlinge. Daher verachten sie Demokratie und V\u00f6lkerverst\u00e4ndigung, setzen vielmehr auf Machteroberung und Machtpolitik, und \u2014 einmal an der Macht \u2014 planen sie Krieg gegen andere V\u00f6lker&#8230; einfach aus Prinzip, denn Frieden langweilt sie.<\/p>\n<p style=\"text-align: justify;\">Auch heute gibt es Menschen, die in pubert\u00e4ren und sp\u00e4tpubert\u00e4ren Machtfantasien z.B. an die nationalsozialistische Ideologie ankn\u00fcpfen \u2014 oder sich von Propaganda des Terror-Machtapparates IS beeindrucken und faszinieren lassen. Wer charakterlich nicht so gefestigt ist,\u00a0 wer die Identifikation mit Machokultur und gro\u00dfspurige Machtdemonstration braucht, um sich nicht als unsicheres W\u00fcrstchen zu f\u00fchlen, der schlie\u00dft sich leicht solchen Gruppen oder Organisationen an, f\u00fchlt sich als Teil von etwas Gr\u00f6\u00dferem, H\u00f6herem, und wird dabei meist unmerklich zum Werkzeug fremder Interessen.<\/p>\n<p style=\"text-align: justify;\">Manchmal sind es die einfachen Erkl\u00e4rungen einer komplizierten Welt, gepaart mit emotionalen Parolen und der Nestw\u00e4rme in der Gruppe oder Masse, die eine unwiderstehliche Anziehung auf verunsicherte, verst\u00f6rte Geister und Gem\u00fcter aus\u00fcben. In wohliger \u00dcbereinstimmung mit der Masse lassen sich die zuvor friedlichen Mitl\u00e4ufer zu Ausschreitungen hinrei\u00dfen, f\u00fcr die sie allein nicht die Traute h\u00e4tten. Man braucht Beispiele nicht in der Geschichte zu suchen, die Gegenwart bietet daf\u00fcr genug Anschauung.*<\/p>\n<p style=\"text-align: justify;\">Gewaltt\u00e4tigkeit l\u00e4sst sich schwer aus der Welt schaffen, wenn Menschen schon als Kinder in einem gewaltbereiten Umfeld aufwachsen, wenn sie Gewalt als nat\u00fcrliche Begleiterscheinung ihres Lebens akzeptiert haben, wenn sie nicht gelernt haben, Konflikte auch durch Gespr\u00e4ch, Kompromiss und Interessenausgleich zu l\u00f6sen. Was in Familie und Gesellschaft f\u00fcr friedliche <a href=\"https:\/\/www.fu-frechen.de\/wp-content\/uploads\/2013\/07\/10e.jpg\"><img decoding=\"async\" loading=\"lazy\" class=\"alignright wp-image-2269\" src=\"https:\/\/www.fu-frechen.de\/wp-content\/uploads\/2013\/07\/10e-300x225.jpg\" alt=\"10e\" width=\"191\" height=\"143\" srcset=\"https:\/\/www.fu-frechen.de\/wp-content\/uploads\/2013\/07\/10e-300x225.jpg 300w, https:\/\/www.fu-frechen.de\/wp-content\/uploads\/2013\/07\/10e-1024x768.jpg 1024w, https:\/\/www.fu-frechen.de\/wp-content\/uploads\/2013\/07\/10e-624x468.jpg 624w\" sizes=\"(max-width: 191px) 100vw, 191px\" \/><\/a>Konfliktl\u00f6sungen sorgt, kann und muss auch zwischen Staaten funktionieren. Die <em>Geschichte Europas<\/em> sollte doch <a href=\"https:\/\/www.fu-frechen.de\/wp-content\/uploads\/2013\/11\/26b.jpg\"><img decoding=\"async\" loading=\"lazy\" class=\"alignleft wp-image-1700\" src=\"https:\/\/www.fu-frechen.de\/wp-content\/uploads\/2013\/11\/26b-300x109.jpg\" alt=\"26b\" width=\"292\" height=\"106\" srcset=\"https:\/\/www.fu-frechen.de\/wp-content\/uploads\/2013\/11\/26b-300x109.jpg 300w, https:\/\/www.fu-frechen.de\/wp-content\/uploads\/2013\/11\/26b-1024x374.jpg 1024w, https:\/\/www.fu-frechen.de\/wp-content\/uploads\/2013\/11\/26b-624x228.jpg 624w, https:\/\/www.fu-frechen.de\/wp-content\/uploads\/2013\/11\/26b.jpg 1405w\" sizes=\"(max-width: 292px) 100vw, 292px\" \/><\/a><em>Abschreckung<\/em> genug sein: Sie zeigt, welche Folgen es haben kann, wenn man lieber auf nationalistische \u00dcberheblichkeit, Gr\u00f6\u00dfenwahn, Gewalt und milit\u00e4rische Macht setzt: Das Ding entwickelt eine unheilvolle Eigendynamik, und am Schluss f\u00e4hrt die gr\u00f6\u00dfte Ernte der Sensenmann ein.<\/p>\n<p style=\"text-align: justify;\">Leider lernen andere Regionen und Kontinente nicht aus unserer Geschichte, z.B. aktuell in Syrien: Der dortige Krieg, der das Land ruiniert, erinnert an den uns\u00e4glichen Drei\u00dfigj\u00e4hrigen Krieg in Europa (1618-48), dessen Schauplatz haupts\u00e4chlich Deutschland war. Damals mischten mehrere ausl\u00e4ndische M\u00e4chte mit und griffen in ihrem eigenen Interesse in den Krieg ein \u2014 ohne R\u00fccksicht auf die Bev\u00f6lkerung. Lest die Folgen nach in den Geschichtsb\u00fcchern!<\/p>\n<p style=\"text-align: justify;\">W. R., im Juli 2016<\/p>\n<p style=\"text-align: justify;\">* Nach Ortega y Gasset gibt es eine typische Charakterstruktur, die den Menschen zum Element der Masse macht und ihn bewegt, seine Individualit\u00e4t aufzugeben; er schwimmt gern in der Masse, wo er scheinbar als Mitl\u00e4ufer keine Verantwortung hat, sich aber immer in der Masse geborgen f\u00fchlt. &#8222;Masse&#8220; wird hier zum Kennzeichen auch des Einzelnen, der nicht individuell denken, f\u00fchlen, beurteilen und entscheiden will, sondern sich meist der Herde anschlie\u00dft.<\/p>\n<p style=\"text-align: justify;\">Menschen treten (egal in welcher Anzahl) als &#8222;Masse&#8220; auf, wenn sie z.B. einem Verkehrsunfall, einer Vergewaltigung in der Fu\u00dfg\u00e4ngerzone, einer Schl\u00e4gerei gaffend zuschauen, ohne selbst in irgendeiner Weise helfend einzugreifen, ohne die Polizei zu rufen, ohne den Rettungskr\u00e4ften Platz zu machen, etc.<\/p>\n<p style=\"text-align: justify;\"><a href=\"https:\/\/www.fu-frechen.de\/wp-content\/uploads\/2013\/06\/13g+.jpg\"><img decoding=\"async\" loading=\"lazy\" class=\"aligncenter wp-image-256\" src=\"https:\/\/www.fu-frechen.de\/wp-content\/uploads\/2013\/06\/13g+-300x219.jpg\" alt=\"13g+\" width=\"126\" height=\"92\" srcset=\"https:\/\/www.fu-frechen.de\/wp-content\/uploads\/2013\/06\/13g+-300x219.jpg 300w, https:\/\/www.fu-frechen.de\/wp-content\/uploads\/2013\/06\/13g+-624x457.jpg 624w, https:\/\/www.fu-frechen.de\/wp-content\/uploads\/2013\/06\/13g+.jpg 864w\" sizes=\"(max-width: 126px) 100vw, 126px\" \/><\/a><\/p>\n<p>&nbsp;<\/p>\n","protected":false},"excerpt":{"rendered":"<p>Was ist los in Europa, in der Welt? Sind es nur die Sensationsnachrichten, die dieses Bild vermitteln, oder nimmt die Bereitschaft zur Gewaltt\u00e4tigkeit unter den Menschen wirklich zu? Man\u00a0 gewinnt den Eindruck: Jeder durchgeknallte Wirrkopf glaubt inzwischen, er k\u00f6nne seine Aggressivit\u00e4t willk\u00fcrlich an irgendwem abreagieren, und jeder Versager versucht mit einer Gewalttat in den Medien [&hellip;]<\/p>\n","protected":false},"author":3,"featured_media":0,"comment_status":"closed","ping_status":"open","sticky":false,"template":"","format":"standard","meta":[],"categories":[1],"tags":[374,369,363,373,372,370,371],"_links":{"self":[{"href":"https:\/\/www.fu-frechen.de\/index.php?rest_route=\/wp\/v2\/posts\/3011"}],"collection":[{"href":"https:\/\/www.fu-frechen.de\/index.php?rest_route=\/wp\/v2\/posts"}],"about":[{"href":"https:\/\/www.fu-frechen.de\/index.php?rest_route=\/wp\/v2\/types\/post"}],"author":[{"embeddable":true,"href":"https:\/\/www.fu-frechen.de\/index.php?rest_route=\/wp\/v2\/users\/3"}],"replies":[{"embeddable":true,"href":"https:\/\/www.fu-frechen.de\/index.php?rest_route=%2Fwp%2Fv2%2Fcomments&post=3011"}],"version-history":[{"count":18,"href":"https:\/\/www.fu-frechen.de\/index.php?rest_route=\/wp\/v2\/posts\/3011\/revisions"}],"predecessor-version":[{"id":3223,"href":"https:\/\/www.fu-frechen.de\/index.php?rest_route=\/wp\/v2\/posts\/3011\/revisions\/3223"}],"wp:attachment":[{"href":"https:\/\/www.fu-frechen.de\/index.php?rest_route=%2Fwp%2Fv2%2Fmedia&parent=3011"}],"wp:term":[{"taxonomy":"category","embeddable":true,"href":"https:\/\/www.fu-frechen.de\/index.php?rest_route=%2Fwp%2Fv2%2Fcategories&post=3011"},{"taxonomy":"post_tag","embeddable":true,"href":"https:\/\/www.fu-frechen.de\/index.php?rest_route=%2Fwp%2Fv2%2Ftags&post=3011"}],"curies":[{"name":"wp","href":"https:\/\/api.w.org\/{rel}","templated":true}]}}