{"id":3030,"date":"2016-06-24T12:26:16","date_gmt":"2016-06-24T10:26:16","guid":{"rendered":"http:\/\/www.fu-frechen.de\/?p=3030"},"modified":"2019-06-02T14:18:10","modified_gmt":"2019-06-02T12:18:10","slug":"rabenschwarzer-tag-fuer-die-eu","status":"publish","type":"post","link":"https:\/\/www.fu-frechen.de\/?p=3030","title":{"rendered":"Rabenschwarzer Tag f\u00fcr die EU"},"content":{"rendered":"<p style=\"text-align: justify;\"><strong><a href=\"https:\/\/www.fu-frechen.de\/wp-content\/uploads\/2016\/06\/3h-2.jpg\"><img decoding=\"async\" loading=\"lazy\" class=\" wp-image-3031 alignleft\" src=\"https:\/\/www.fu-frechen.de\/wp-content\/uploads\/2016\/06\/3h-2-300x270.jpg\" alt=\"3h (2)\" width=\"185\" height=\"166\" srcset=\"https:\/\/www.fu-frechen.de\/wp-content\/uploads\/2016\/06\/3h-2-300x270.jpg 300w, https:\/\/www.fu-frechen.de\/wp-content\/uploads\/2016\/06\/3h-2-768x691.jpg 768w, https:\/\/www.fu-frechen.de\/wp-content\/uploads\/2016\/06\/3h-2-1024x921.jpg 1024w, https:\/\/www.fu-frechen.de\/wp-content\/uploads\/2016\/06\/3h-2-624x561.jpg 624w, https:\/\/www.fu-frechen.de\/wp-content\/uploads\/2016\/06\/3h-2.jpg 1556w\" sizes=\"(max-width: 185px) 100vw, 185px\" \/><\/a>D<\/strong>a haben wir&#8217;s: Die Briten stimmen mit knapper Mehrheit f\u00fcr den <span style=\"color: #ff0000;\"><strong>&#8222;Brexit&#8220;<\/strong><\/span>, den Austritt aus der Europ\u00e4ischen Union (EU). Im Fernsehen sieht man die Anh\u00e4nger des Austritts jubeln, als das Ergebnis bekannt wird.<br \/>\nAls Freund der Briten frage ich mich allerdings etwas beklommen: Werden diese Menschen in ein paar Jahren auch noch jubeln k\u00f6nnen, wenn sie an den 23. Juni 2016 zur\u00fcckdenken, den Tag des Referendums?<br \/>\nEin zweiter Blick auf die Ergebnisse zeigt, dass Gro\u00dfbritannien keineswegs einheitlich abgestimmt hat. Mehr&gt;<a href=\"http:\/\/www.spiegel.de\/politik\/ausland\/brexit-die-ergebnisse-in-einer-karte-a-1099133.html\">Brexit: Die Ergebnisse in einer Karte &#8211; SPIEGEL ONLINE<\/a><\/p>\n<p style=\"text-align: justify;\">Mal abgesehen von wirtschaftlichen Folgen&nbsp;\u2014 das Referendum, vor Jahren aus innenpolitischen Gr\u00fcnden von Premierminister Cameron losgetreten (mehr &gt;<a href=\"http:\/\/www.welt.de\/politik\/ausland\/article156514452\/Wie-David-Cameron-versehentlich-Europa-opferte.html\">Wie David Cameron versehentlich die Europ\u00e4ische Union opferte &#8211; DIE WELT)<\/a> , beschert dem Land nun <em>versch\u00e4rfte<\/em> innenpolitische Probleme. Im \u00fcberwiegend EU-freundlichen Schottland stehen Kr\u00e4fte in den Startl\u00f6chern, die vor Kurzem erst einen Austritt aus GB herbeif\u00fchren wollten und damals mit einem Referendum (noch?) scheiterten. Was die Brexit-Marktschreier den &#8222;Independence-Day&#8220; nennen, k\u00f6nnte zum Startschuss f\u00fcr eine Independence-Aktion Schottlands werden und zu einem geschw\u00e4chten Britannien f\u00fchren. Damit w\u00fcrde das Gegenteil von dem erreicht, was sich vor allem \u00e4ltere Briten vom EU-Austritt versprechen.<\/p>\n<p style=\"text-align: justify;\">\u00dcberhaupt scheint mir die Brexit-Kampagne ein <strong>Lehrbeispiel f\u00fcr nationalistischen Populismus<\/strong> zu sein, wie er in vielen Teilen Europas aufkommt: Statt mit rationalen Argumenten operierte die Brexit-Kampagne mit emotionalen Appellen an Nationalstolz und nationalen Egoismus, vermischt mit ausl\u00e4nderfeindlichen Ressentiments, und scheute auch nicht Verdrehung von Tatsachen und freche L\u00fcgen, womit sich auch einige Bl\u00e4tter der Boulevardpresse hervortaten (In <em>diesem<\/em> Fall liegt es einmal nahe, von &#8222;L\u00fcgenpresse&#8220; zu sprechen). Alles diente nur dem Aufputschen von Emotionen, um den Verstand zu vernebeln: W\u00e4hlt mit dem Bauch! (Egal, ob ihr damit hinterher auf denselben fallt&#8230;)<\/p>\n<p style=\"text-align: justify;\">Was Populisten <em>nicht<\/em> wollen, ist sachliche Aufkl\u00e4rung und Appelle an den Verstand. Das w\u00e4re nur hinderlich, wenn man Stimmvieh zusammentreibt. Wohlgemerkt: Nichts gegen Gef\u00fchle, aber dazu hat uns der Herrgott doch auch noch ein Denkverm\u00f6gen geschenkt. Und er hat nicht verboten, diese Gottesgabe zu benutzen! Das sollte man gerade dann bedenken, wenn es um politische Entscheidungen mit weitreichenden Folgen geht.<\/p>\n<p style=\"text-align: justify;\">Das Foto oben erinnert mich daran, dass ein alter Spruch sagt: &#8222;Solange die Raben um den Tower fliegen, geht das Empire (oder das United Kingdom) nicht unter.&#8220; Wer die Raben am Tower of London beobachtet, stellt fest, dass sie viel \u00fcber den Rasen schreiten, doch kaum fliegen \u2014 weil man ihnen vorsichtshaber die Fl\u00fcgel gestutzt hat, damit sie den Bestand des Empire bzw. United Kingdom sichern und nicht davonfliegen. Auch das passt symbolhaft zu der Brexit-Kampagne: Vorspiegelung falscher Tatsachen. In Wahrheit sind die Raben am Tower kein Zeichen mehr f\u00fcr den Fortbestand Gro\u00dfbritanniens.<\/p>\n<p style=\"text-align: justify;\">Einige Brexit-Bef\u00fcrworter riefen in Fernsehkameras: &#8222;Freedom!&#8220; Wie, durch den Brexit? Wenn das mal kein Aberglaube ist&#8230; Hier zitiert sich W. R. einmal selbst mit einem selten gebrauchten Spruch: &#8222;Volkes Mund tut Unsinn kund.&#8220; (Trifft zumindest auf ein desinformiertes Volk zu.)<\/p>\n<p style=\"text-align: justify;\">W. R. 24.06.2016<\/p>\n<p style=\"text-align: justify;\">Nachtrag: Am Tag, an dem das Abstimmungsergebnis bekannt wurde, trat Boris Johnson, &#8222;das Gesicht der Brexit-Kampagne&#8220;, vor die Medien und s\u00e4uselte S\u00e4tze von &#8222;Alle m\u00fcssen jetzt wieder zusammenstehen&#8220; und &#8222;Wir sind trotzdem alle Europ\u00e4er.&#8220; Mann, dachte ich, hast Du pl\u00f6tzlich Kreide gefressen? Boris will Premier Cameron beerben, doch in diesem Moment erschien er mir wie jemand, der Schiss in der Hose hat, weil er als Premier den ganzen Mist \u00fcbernehmen und verantworten m\u00fcsste, den er angerichtet hat. Daher versucht er sofort, \u00d6l auf die Wogen zu gie\u00dfen, die er wochenlang mit aufgepeitscht hat. Dann taucht er erstmal ab in sein Landhaus, um mit seinen Beratern in Klausur zu gehen.<\/p>\n<p style=\"text-align: justify;\">Derweil erregen sich vor allem junge Briten \u2014 die wird er wohl kaum bei zuk\u00fcnftigen Unterhauswahlen f\u00fcr sich mobilisieren k\u00f6nnen. Und die Mehrheit der Schotten auch nicht. Die Tories werden sich also \u00fcberlegen m\u00fcssen, ob sie mit so einem Spitzenkandidaten Wahlen gewinnen k\u00f6nnten&#8230;<\/p>\n<p style=\"text-align: justify;\">Nachtrag am 30.06.: Offenbar lag ich richtig, Boris J. hat erkl\u00e4rt, er werde nicht f\u00fcr den Parteivorsitz der Konservativen und das Amt des Premiers kandidieren. Damit verliert das Brexit-Lager seine popul\u00e4rste F\u00fchrungsfigur. &#8212;<\/p>\n<p style=\"text-align: justify;\">Nachtrag am 05.07.: Nun hat auch noch der UKIP-Vorsitzende Nigel Farage hingeschmissen. Auch ihm ist es wohl zu hei\u00df, den Brexit zu verantworten, f\u00fcr den er vor dem Referendum jahrelang Stimmung gemacht hat. Ein Tollhaus, die britische Innenpolitik derzeit! Aber Farage kann es nicht ganz lassen, er will in Europa f\u00fcr weitere Austritte aus der EU werben. Mich beschleicht langsam das Gef\u00fchl: Diese Politiker gefallen sich in Volkstribun-Posen, putschen Emotionen auf und treiben Stimmvieh-Herden zu Wahlurnen, haben aber keine langfristigen politischen Konzepte und daher auch keine Lust, langfristig ernsthafte politische Arbeit zu machen \u2014 mit dem m\u00fchsamen &#8222;Bohren dicker Bretter&#8220;.<\/p>\n<p style=\"text-align: justify;\">Schaut man sich in Europa um, so sieht man einige Chaoten dieser Art, vor allem im rechten, nationalistischen Lager. Dort schreiben sie sich Sabotage gegen &#8222;das System&#8220; auf die Fahnen, k\u00f6nnen mit Demokratie wenig anfangen und streben mehr oder weniger autorit\u00e4re Machtapparate an. Zielvorgabe: Wir brauchen kein Sachprogramm und keine sachliche Mitarbeit in Parlamenten, wir wollen einfach nur an die Macht!<\/p>\n<p style=\"text-align: justify;\">Und da man in diesem Lager gern Verschw\u00f6rungstheorien h\u00f6rt, sage ich: Das alles ist Putins Werk, er f\u00f6rdert alles, was die EU st\u00f6rt und Unruhe macht. Typisch waren die Schl\u00e4gertrupps, die zur Fu\u00dfball-EM nach Frankreich geschickt wurden und bei ihrer R\u00fcckkehr fast wie Kriegsheimkehrer begr\u00fc\u00dft wurden.<\/p>\n<p style=\"text-align: justify;\">Ich kenne einen, der einen kennt, der geh\u00f6rt hat, wie russische Agenten in einem Hinterzimmer in London&#8230;&#8230;. <span style=\"color: #ff0000;\"><em>Stop:<\/em><\/span> Wer wei\u00df, ob diese Fantasie nicht schon von der Wirklichkeit \u00fcberholt wurde? Wer wei\u00df \u00fcberhaupt noch irgendetwas sicher? Am besten baue ich die Fantasie von der Unterwanderung der EU noch etwas abenteuerlicher aus, stelle sie in sozialen Netzwerken ein, und mit Sicherheit verbreitet sich auch diese &#8222;Wahrheit&#8220; im Netz! Da wimmelt es ohnehin schon von Desinformation und Schein-Enth\u00fcllungen.<\/p>\n<p style=\"text-align: justify;\">W. R.<\/p>\n<p><img decoding=\"async\" loading=\"lazy\" class=\"aligncenter wp-image-256\" src=\"https:\/\/www.fu-frechen.de\/wp-content\/uploads\/2013\/06\/13g+-300x219.jpg\" sizes=\"(max-width: 119px) 100vw, 119px\" srcset=\"https:\/\/www.fu-frechen.de\/wp-content\/uploads\/2013\/06\/13g+-300x219.jpg 300w, https:\/\/www.fu-frechen.de\/wp-content\/uploads\/2013\/06\/13g+-624x457.jpg 624w, https:\/\/www.fu-frechen.de\/wp-content\/uploads\/2013\/06\/13g+.jpg 864w\" alt=\"13g+\" width=\"119\" height=\"87\"><\/p>\n","protected":false},"excerpt":{"rendered":"<p>Da haben wir&#8217;s: Die Briten stimmen mit knapper Mehrheit f\u00fcr den &#8222;Brexit&#8220;, den Austritt aus der Europ\u00e4ischen Union (EU). Im Fernsehen sieht man die Anh\u00e4nger des Austritts jubeln, als das Ergebnis bekannt wird. Als Freund der Briten frage ich mich allerdings etwas beklommen: Werden diese Menschen in ein paar Jahren auch noch jubeln k\u00f6nnen, wenn [&hellip;]<\/p>\n","protected":false},"author":3,"featured_media":0,"comment_status":"closed","ping_status":"open","sticky":false,"template":"","format":"standard","meta":[],"categories":[1,530],"tags":[360,355,357,356,358,359,368],"_links":{"self":[{"href":"https:\/\/www.fu-frechen.de\/index.php?rest_route=\/wp\/v2\/posts\/3030"}],"collection":[{"href":"https:\/\/www.fu-frechen.de\/index.php?rest_route=\/wp\/v2\/posts"}],"about":[{"href":"https:\/\/www.fu-frechen.de\/index.php?rest_route=\/wp\/v2\/types\/post"}],"author":[{"embeddable":true,"href":"https:\/\/www.fu-frechen.de\/index.php?rest_route=\/wp\/v2\/users\/3"}],"replies":[{"embeddable":true,"href":"https:\/\/www.fu-frechen.de\/index.php?rest_route=%2Fwp%2Fv2%2Fcomments&post=3030"}],"version-history":[{"count":23,"href":"https:\/\/www.fu-frechen.de\/index.php?rest_route=\/wp\/v2\/posts\/3030\/revisions"}],"predecessor-version":[{"id":5365,"href":"https:\/\/www.fu-frechen.de\/index.php?rest_route=\/wp\/v2\/posts\/3030\/revisions\/5365"}],"wp:attachment":[{"href":"https:\/\/www.fu-frechen.de\/index.php?rest_route=%2Fwp%2Fv2%2Fmedia&parent=3030"}],"wp:term":[{"taxonomy":"category","embeddable":true,"href":"https:\/\/www.fu-frechen.de\/index.php?rest_route=%2Fwp%2Fv2%2Fcategories&post=3030"},{"taxonomy":"post_tag","embeddable":true,"href":"https:\/\/www.fu-frechen.de\/index.php?rest_route=%2Fwp%2Fv2%2Ftags&post=3030"}],"curies":[{"name":"wp","href":"https:\/\/api.w.org\/{rel}","templated":true}]}}