{"id":3091,"date":"2016-11-03T00:12:51","date_gmt":"2016-11-02T23:12:51","guid":{"rendered":"http:\/\/www.fu-frechen.de\/?p=3091"},"modified":"2020-02-16T20:59:56","modified_gmt":"2020-02-16T19:59:56","slug":"mehr-schein-als-sein","status":"publish","type":"post","link":"https:\/\/www.fu-frechen.de\/?p=3091","title":{"rendered":"Kraftmeier am Bosporus"},"content":{"rendered":"<p style=\"text-align: justify;\"><strong><a href=\"https:\/\/www.fu-frechen.de\/wp-content\/uploads\/2016\/11\/8da.png\"><img decoding=\"async\" loading=\"lazy\" class=\"alignleft wp-image-3261\" src=\"https:\/\/www.fu-frechen.de\/wp-content\/uploads\/2016\/11\/8da-251x300.png\" alt=\"8da\" width=\"213\" height=\"255\" srcset=\"https:\/\/www.fu-frechen.de\/wp-content\/uploads\/2016\/11\/8da-251x300.png 251w, https:\/\/www.fu-frechen.de\/wp-content\/uploads\/2016\/11\/8da-768x916.png 768w, https:\/\/www.fu-frechen.de\/wp-content\/uploads\/2016\/11\/8da-858x1024.png 858w, https:\/\/www.fu-frechen.de\/wp-content\/uploads\/2016\/11\/8da-624x745.png 624w\" sizes=\"(max-width: 213px) 100vw, 213px\" \/><\/a>I<\/strong>n <em>Deutschland<\/em> tritt eine Parlaments-Abgeordnete von ihren politischen \u00c4mtern zur\u00fcck, nachdem \u00f6ffentlich bekannt geworden ist, dass sie einen Teil ihrer offiziellen Biografie (Abitur, Jurastudium, Staatsexamina) gef\u00e4lscht hat. \u00c4hnliches geschah mehreren Politikern, nachdem ihre Doktorarbeiten einer Plagiats\u00fcberpr\u00fcfung nicht standgehalten hatten.<\/p>\n<p style=\"text-align: justify;\">In der <em>T\u00fcrkei<\/em> ist man da offenbar gro\u00dfz\u00fcgiger: Staatspr\u00e4sident Erdogan hat anscheinend auch seine offizielle Biografie mit einem Hochschulabschluss gesch\u00f6nt, dabei aber \u00fcbersehen, dass die Urkunde von einer Akademie ausgestellt wurde, die erst im Folgejahr gegr\u00fcndet wurde, und von Leuten unterzeichnet ist, die erst im folgenden Jahr ihre \u00c4mter an dieser Hochschule antraten. Genau genommen h\u00e4tte er ohne diesen akademischen Abschluss (laut Verfassung) nicht t\u00fcrkischer Staatspr\u00e4sident werden d\u00fcrfen (mehr &gt;<a href=\"http:\/\/www.spiegel.de\/unispiegel\/studium\/recep-tayyip-erdogan-hat-er-sein-diplom-gefaelscht-a-1098259.html\">Recep Tayyip Erdogan: Hat er sein Diplom gef\u00e4lscht? &#8211; SPIEGEL ONLINE<\/a> ).<br \/>\nDas versch\u00e4rfte offenbar nur seinen \u00f6ffentlichen Ton gegen Akademiker, die es sich angeblich auf Staatskosten gut gehen lassen, und gegen kritische Journalisten.<\/p>\n<p style=\"text-align: justify;\">Dann kam der niedergeschlagene <em>Putschversuch vom Juli 2016<\/em>, das &#8222;Gottesgeschenk&#8220; (so sein Kommentar). Nun w\u00fctete Erdogan ungebremst los gegen Gebildete im Staatsdienst und kritische Medien. Er scheint ein pers\u00f6nliches Problem damit zu haben, dass es Leute gibt, die ihn oder seine Politik kritisieren.<br \/>\nDas k\u00f6nnte sich bei ihm so abspielen: Die wollen mir was, die g\u00f6nnen mir meinen Aufstieg aus einfachen Verh\u00e4ltnissen an die Staatsspitze nicht. Das Mittel meiner Wahl: &#8222;S\u00e4uberungen&#8220; im Staat, weg mit all den Klugschei\u00dfern, die mir als F\u00fchrer der T\u00fcrkei nicht zujubeln, die nicht f\u00fcr mich auf die Stra\u00dfe gehen.<br \/>\nViele Gebildete kommen aus den Schulen der G\u00fclen-Bewegung, die er fr\u00fcher zum Verb\u00fcndeten hatte und nun zum Staatsfeind und Putsch-Anstifter erkl\u00e4rt hat. Nicht, dass man diese religi\u00f6s gepr\u00e4gte Bewegung sympathisch finden m\u00fcsste \u2014 sie scheint ein wenig wie Scientology auf islamisch zu sein. Aber die &#8222;Machtergreifung&#8220; Erdogans durch einen Putsch von oben, als Reaktion auf das oben erw\u00e4hnte &#8222;Gottesgeschenk&#8220;, macht ihn keineswegs sympathischer.<br \/>\nFolge seiner &#8222;S\u00e4uberungen&#8220; wird ein Chaos in Justiz, Verwaltung und im Bildungswesen sein, die vielen suspendierten, entlassenen und verhafteten Leute wird er mittelfristig nur unzureichend durch andere, teils weniger qualifizierte K\u00f6pfe ersetzen k\u00f6nnen, zumal die erw\u00fcnschte Gesinnung wichtiger ist als Qualifikation. (Eine Personalpolitik nach Parteibuch statt Qualifikation hat auf Dauer noch keiner Organisation gut getan.)<br \/>\nUnd das t\u00fcrkische Milit\u00e4r d\u00fcrfte auch geschw\u00e4cht sein\u00a0\u2014 nicht unwichtig bei der Gr\u00f6\u00dfe dieser Armee. Die ist immerhin Teil der Nato. Auch deshalb kann der Zustand der T\u00fcrkei anderen\u00a0 Nato-Staaten nicht egal sein. Dass auch noch die Wirtschaftsentwicklung der T\u00fcrkei in Turbulenzen kommt, macht die Lage nicht einfacher. Jedenfalls kann Erdogan mit seiner Innenpolitik nicht auf einen baldigen Beitritt zur EU hoffen. Es scheint ihm viel wichtiger zu sein, weiter zu kraftmeiern, gegen Kritiker Amok zu laufen und sich f\u00fcr die Wiedereinf\u00fchrung der Todesstrafe in der T\u00fcrkei auszusprechen, als dem Land den Weg in die EU offenzuhalten.<\/p>\n<p style=\"text-align: justify;\">Im Laufe des Oktober 2016 zeichnet sich ab, dass Erdogan auch au\u00dfenpolitisch nicht von der Kraftmeierei lassen kann. Hei\u00dft konkret: Er nimmt gro\u00dft\u00fcrkische Expansionstr\u00e4ume auf und greift milit\u00e4risch in den B\u00fcrgerkrieg in Syrien und im Irak ein. Der Nordirak mit der Stadt Mossul wird als fr\u00fcherer Teil des Osmanischen Reiches (das es nicht mehr gibt) nun f\u00fcr die T\u00fcrkei beansprucht (Putin l\u00e4sst gr\u00fc\u00dfen). Auch andere Machthaber und Diktatoren versuchten in der Geschichte, Gebiete &#8222;heim ins Reich&#8220; zu holen&#8230; Das ist ein so abgestandenes Rechtfertigungsmuster von Expansionspolitik, dass es einen Historiker schon an\u00f6den kann. &gt;<a href=\"http:\/\/www.spiegel.de\/politik\/ausland\/tuerkei-recep-tayyip-erdogan-traeumt-vom-osmanischen-reich-a-1118342.html\">T\u00fcrkei:\u00a0Recep Tayyip Erdogan tr\u00e4umt vom Osmanischen Reich &#8211; SPIEGEL ONLINE<\/a><\/p>\n<p style=\"text-align: justify;\"><a href=\"https:\/\/www.fu-frechen.de\/wp-content\/uploads\/2016\/11\/8db.jpg\"><img decoding=\"async\" loading=\"lazy\" class=\"alignleft wp-image-3263\" src=\"https:\/\/www.fu-frechen.de\/wp-content\/uploads\/2016\/11\/8db-300x280.jpg\" alt=\"8db\" width=\"177\" height=\"165\" srcset=\"https:\/\/www.fu-frechen.de\/wp-content\/uploads\/2016\/11\/8db-300x280.jpg 300w, https:\/\/www.fu-frechen.de\/wp-content\/uploads\/2016\/11\/8db-768x716.jpg 768w, https:\/\/www.fu-frechen.de\/wp-content\/uploads\/2016\/11\/8db-1024x954.jpg 1024w, https:\/\/www.fu-frechen.de\/wp-content\/uploads\/2016\/11\/8db-624x582.jpg 624w\" sizes=\"(max-width: 177px) 100vw, 177px\" \/><\/a>Ebenso altbekannt ist das Muster, bei Schwierigkeiten im Inneren die Unzufriedenheit u.a. dadurch einzud\u00e4mmen, dass man einen \u00e4u\u00dferen Feind aufbaut und nationale Geschlossenheit im Inneren einfordert. Dieses Mittel hat sogar Margaret Thatcher als Regierungschefin einer westlichen Demokatie nicht verschm\u00e4ht: W\u00e4hrend des Falkland-Krieges (1982) bezeichnete sie die Kritiker im Lande als &#8222;the enemy within&#8220;. Auch George W. Bush jr verfuhr so mit Kritikern seines Krieges gegen den Irak (2002). Dieses Muster kopiert derzeit Erdogan, der ja Krieg gegen die PKK, gegen kurdische Peschmerga in Syrien und im Irak, und gegen den IS f\u00fchrt.<\/p>\n<p style=\"text-align: justify;\"><strong>Was geht das uns an<\/strong>, die wir als Deutsche <strong>in Deutschland<\/strong> leben? Haben wir uns nicht aus &#8222;innert\u00fcrkischen Angelegenheiten&#8220; herauszuhalten? Kann es uns nicht egal sein, wenn &#8222;weit hinten in der T\u00fcrkei die V\u00f6lker aufeinanderschlagen&#8220;, wie Goethe eine Figur in seinem &#8222;Faust&#8220; sagen lie\u00df? Erstens nein, weil in Zeiten der Globalisierung nicht einmal egal ist, ob im fernen China der sprichw\u00f6rtliche Sack Reis umf\u00e4llt; zweitens nein, weil die T\u00fcrkei, wie gesagt, Nato-Partner ist, und ein Handelspartner Deutschlands; drittens nein, weil die aktuelle Fl\u00fcchtlingsproblematik auch mit der Politik der t\u00fcrkischen Regierung verbunden ist; viertens (und eigentlich am wichtigsten) nein, weil viele T\u00fcrken und t\u00fcrkischst\u00e4mmige Menschen in Deutschland leben und ein gro\u00dfer Teil von ihnen die Politik Erdogans lautstark guthei\u00dft und unterst\u00fctzt.<\/p>\n<p style=\"text-align: justify;\">Was das f\u00fcr die Mentalit\u00e4t und das Selbstverst\u00e4ndnis vieler T\u00fcrken und T\u00fcrkinnen hier bedeutet, bringt eine Deutscht\u00fcrkin mutig und unverbl\u00fcmt auf den Punkt: &gt;<a href=\"http:\/\/weltbewohner.com\/\">Tuba Sarica | Integration \u00b7 Islamkritik \u00b7 Weltgeschehen<\/a><\/p>\n<p style=\"text-align: justify;\">Vielleicht sollte man auch erw\u00e4hnen, dass man Erdogan gew\u00e4hren lie\u00df, als er zum innert\u00fcrkischen Wahlkampf nach Deutschland kam und in Gro\u00dfveranstaltungen seinen Landsleuten zurief, sie seien nach wie vor T\u00fcrken und brauchten sich nicht in die deutsche Gesellschaft zu integrieren. Das war zwar vorrangig als Stimmenfang f\u00fcr den Wahlkampf in der T\u00fcrkei gedacht, man konnte es aber zugleich als eine de-facto-Einmischung in die inneren Angelegenheiten der Bundesrepublik Deutschland sehen. (Wohlgemerkt: Das war <em>lange<\/em> <em>vor<\/em> dem Fl\u00fcchtlings-Deal!)<\/p>\n<p style=\"text-align: justify;\"><a href=\"https:\/\/www.fu-frechen.de\/wp-content\/uploads\/2016\/11\/9e.png\"><img decoding=\"async\" loading=\"lazy\" class=\"alignleft wp-image-3266\" src=\"https:\/\/www.fu-frechen.de\/wp-content\/uploads\/2016\/11\/9e-300x258.png\" alt=\"9e\" width=\"245\" height=\"211\" srcset=\"https:\/\/www.fu-frechen.de\/wp-content\/uploads\/2016\/11\/9e-300x258.png 300w, https:\/\/www.fu-frechen.de\/wp-content\/uploads\/2016\/11\/9e-768x661.png 768w, https:\/\/www.fu-frechen.de\/wp-content\/uploads\/2016\/11\/9e-1024x882.png 1024w, https:\/\/www.fu-frechen.de\/wp-content\/uploads\/2016\/11\/9e-624x537.png 624w\" sizes=\"(max-width: 245px) 100vw, 245px\" \/><\/a>Derzeit ist deutlich zu erkennen, dass Erdogan seine Machtpolitik trotz aller Kritik aus dem Ausland fortsetzt und sogar verst\u00e4rkt. \u00c4hnliches sehen wir auch bei anderen Machtpolitikern, die in ihren L\u00e4ndern autorit\u00e4re Regime auf- und ausbauen. Kritik aus dem Ausland wird zu einer Verschw\u00f6rung umgedeutet, Kritik im Inland niedergekn\u00fcppelt. Der Staatspr\u00e4sident erkl\u00e4rt: Hier wird die &#8222;fortgeschrittene Demokratie&#8220; (!) verteidigt. Wie bitte? Das ist doch eher die fortgeschredderte Demokratie: Kritiker werden in &#8222;Schutzhaft&#8220; genommen, die Medien gleichgeschaltet.<\/p>\n<p style=\"text-align: justify;\">Dazu noch eine weitere Stimme: &gt;<a href=\"http:\/\/www.tagesspiegel.de\/politik\/offener-brief-von-shermin-langhoff-in-berlin-das-ende-der-demokratie-in-der-tuerkei\/14797090.html\">Offener Brief von Shermin Langhoff in Berlin: &#8222;Das Ende der Demokratie in der T\u00fcrkei&#8220; &#8211; Politik &#8211; Tagesspiegel<\/a><\/p>\n<p style=\"text-align: justify;\">W\u00e4hrend Erdogan so tut, als lie\u00dfe ihn alle Kritik an seinem autorit\u00e4ren Regime kalt, sammelt er doch flei\u00dfig Ehrendoktor-Titel, um sich mit einer Aura akademischer Weihe zu umgeben und damit die Fragen nach seinem Universit\u00e4tsabschluss in den Hintergrund zu dr\u00e4ngen. Hauptsache, er erscheint seinen Anh\u00e4ngern weiter als der vielgeehrte, gro\u00dfe, starke Mann. Die Anderen werden eingesch\u00fcchtert und mundtot gemacht.<\/p>\n<p style=\"text-align: justify;\">W. R.<\/p>\n","protected":false},"excerpt":{"rendered":"<p>In Deutschland tritt eine Parlaments-Abgeordnete von ihren politischen \u00c4mtern zur\u00fcck, nachdem \u00f6ffentlich bekannt geworden ist, dass sie einen Teil ihrer offiziellen Biografie (Abitur, Jurastudium, Staatsexamina) gef\u00e4lscht hat. \u00c4hnliches geschah mehreren Politikern, nachdem ihre Doktorarbeiten einer Plagiats\u00fcberpr\u00fcfung nicht standgehalten hatten. In der T\u00fcrkei ist man da offenbar gro\u00dfz\u00fcgiger: Staatspr\u00e4sident Erdogan hat anscheinend auch seine offizielle Biografie [&hellip;]<\/p>\n","protected":false},"author":3,"featured_media":0,"comment_status":"closed","ping_status":"open","sticky":false,"template":"","format":"standard","meta":[],"categories":[1],"tags":[392,390,394,393,389],"_links":{"self":[{"href":"https:\/\/www.fu-frechen.de\/index.php?rest_route=\/wp\/v2\/posts\/3091"}],"collection":[{"href":"https:\/\/www.fu-frechen.de\/index.php?rest_route=\/wp\/v2\/posts"}],"about":[{"href":"https:\/\/www.fu-frechen.de\/index.php?rest_route=\/wp\/v2\/types\/post"}],"author":[{"embeddable":true,"href":"https:\/\/www.fu-frechen.de\/index.php?rest_route=\/wp\/v2\/users\/3"}],"replies":[{"embeddable":true,"href":"https:\/\/www.fu-frechen.de\/index.php?rest_route=%2Fwp%2Fv2%2Fcomments&post=3091"}],"version-history":[{"count":18,"href":"https:\/\/www.fu-frechen.de\/index.php?rest_route=\/wp\/v2\/posts\/3091\/revisions"}],"predecessor-version":[{"id":6216,"href":"https:\/\/www.fu-frechen.de\/index.php?rest_route=\/wp\/v2\/posts\/3091\/revisions\/6216"}],"wp:attachment":[{"href":"https:\/\/www.fu-frechen.de\/index.php?rest_route=%2Fwp%2Fv2%2Fmedia&parent=3091"}],"wp:term":[{"taxonomy":"category","embeddable":true,"href":"https:\/\/www.fu-frechen.de\/index.php?rest_route=%2Fwp%2Fv2%2Fcategories&post=3091"},{"taxonomy":"post_tag","embeddable":true,"href":"https:\/\/www.fu-frechen.de\/index.php?rest_route=%2Fwp%2Fv2%2Ftags&post=3091"}],"curies":[{"name":"wp","href":"https:\/\/api.w.org\/{rel}","templated":true}]}}