{"id":3158,"date":"2016-09-01T22:09:19","date_gmt":"2016-09-01T20:09:19","guid":{"rendered":"http:\/\/www.fu-frechen.de\/?p=3158"},"modified":"2017-05-08T15:21:51","modified_gmt":"2017-05-08T13:21:51","slug":"koeln-notizen-42016","status":"publish","type":"post","link":"https:\/\/www.fu-frechen.de\/?p=3158","title":{"rendered":"K\u00f6ln-Notizen 4\/2016"},"content":{"rendered":"<p style=\"text-align: justify;\"><a href=\"https:\/\/www.fu-frechen.de\/wp-content\/uploads\/2013\/06\/50.jpg\"><img decoding=\"async\" loading=\"lazy\" class=\"alignleft wp-image-278\" src=\"https:\/\/www.fu-frechen.de\/wp-content\/uploads\/2013\/06\/50-300x191.jpg\" alt=\"50\" width=\"269\" height=\"171\" srcset=\"https:\/\/www.fu-frechen.de\/wp-content\/uploads\/2013\/06\/50-300x191.jpg 300w, https:\/\/www.fu-frechen.de\/wp-content\/uploads\/2013\/06\/50-1024x654.jpg 1024w, https:\/\/www.fu-frechen.de\/wp-content\/uploads\/2013\/06\/50-624x398.jpg 624w\" sizes=\"(max-width: 269px) 100vw, 269px\" \/><\/a><strong>Z<\/strong>un\u00e4chst: Wir erinnern uns (oder lesen nach), was zum <em>Blog<\/em> auf der &gt;<em>Start<\/em>seite von <span style=\"text-decoration: underline;\">fu-frechen.de<\/span> geschrieben steht. Darum verweisen wir erstmal auf den Kalender der FUF (&gt;<em>FUF \u2013 der Club<\/em>\/Gedenk- und Feier-Kalender der FUF) zum heutigen 01.09. Gestern allerdings wollten unsere Medien gern den Jahrestag von Merkels &#8222;Wir schaffen das!&#8220; thematisieren, wobei nicht mehr herauskam als die bekannten Pro- und Kontra-Standpunkte. Mir ist dabei l\u00e4ngst klar, dass Merkel ihre Politik gar nicht seit dem 31.08.2015 stur verfolgt hat, wie Gegner ihr gern vorhalten, vielmehr sah ich danach verschiedene Anzeichen einer realpolitischen Anpassung an die sich \u00e4ndernde Lage. Das wurde leicht \u00fcbersehen wegen Horst Seehofers Get\u00f6se um Obergrenze und Grenzendichtmachen. Aber das nur am Rande, denn ich sehe mich nicht berufen, hier zur gro\u00dfen Verteidigung von Merkel bzw. ihrer Politik auszuholen oder zum gro\u00dfen CSU-Bashing. Letztlich geht es da auch um Verhinderung weiterer Wahlerfolge der AfD.<br \/>\nUnd so sehr ich manche <em>sachlich<\/em> begr\u00fcndete Kritik an der Regierung verstehen kann, so sehr widerstrebt es mir, gewissen Kotzbrocken der AfD Geh\u00f6r zu schenken, allen voran jenem Geschichtslehrer H. (eine Schande f\u00fcr seine Zunft!), der in meinen Augen einige Disziplinarverfahren und Anzeigen wegen Volksverhetzung verdient. Es f\u00e4llt mir auch sehr schwer, Leute <em>nicht<\/em> als Nazis zu bezeichnen, die sich rassistisch \u00e4u\u00dfern. Dieselben emp\u00f6ren sich aber, dass sie &#8222;in die rechte Ecke gestellt&#8220; werden.<\/p>\n<p style=\"text-align: justify;\">Nat\u00fcrlich ist Rassismus auch ein wesentlicher Kernpunkt der NS-Ideologie, ganz klar! Wie geschichtsvergessen muss man denn sein, das nicht zu wissen (oder sich dumm zu stellen) und sich ganz naiv als braven Demokraten zu bezeichnen?! Wie wenig vom Grundgesetz wei\u00df so ein Mensch? Wie fremd sind ihm die Menschenrechte?<\/p>\n<p style=\"text-align: justify;\">Mich erstaunt oder erschreckt oft, wie Menschen neue Nachrichten einfach in ihr altes Weltbild einordnen oder, wenn das nicht geht, diese schlicht ignorieren. Klar, der Mensch h\u00e4ngt am Gewohnten, aber muss er deshalb sein Weltbild mit einer Mauer aus Vorurteilen sch\u00fctzen, muss er deshalb wider besseres Wissen-K\u00f6nnen an falschen Behauptungen kleben bleiben?<\/p>\n<p style=\"text-align: justify;\">Da wir oben das Signet &#8222;K\u00f6ln-Notizen&#8220; haben, will ich auch aus K\u00f6ln ein Beispiel anf\u00fchren: Die Ursache f\u00fcr den Einsturz des Stadtarchivs (2003) wird immer noch untersucht. Einige Leute unkten bereits: Das zieht sich ja ewig hin, das wird solange verschleppt, bis keiner mehr schuld ist&#8230; Das passt sch\u00f6n in das Weltbild, das sich kritisch gibt und \u00fcberall nur Machenschaften wittert. Wahr hingegen scheint mir, dass die technische Ermittlung der Einsturzursache (die gerichtsfest sein muss \u2014 und mit hohen Schadenersatzforderungen verbunden ist!) gr\u00f6\u00dftm\u00f6gliche Sorgfalt erfordert und nicht beliebig beschleunigt werden kann. Also dauert das eben \u2014 in einem Rechtsstaat.<\/p>\n<p style=\"text-align: justify;\">Beim Neubau des Stadtarchivs am Eifelwall gibt es auch Verz\u00f6gerungen und Kostensteigerungen. Das passt wiederum ins Bild f\u00fcr diejenigen, die inzwischen gewohnheitsm\u00e4\u00dfig auf die Stadt K\u00f6ln bzw. die Stadtverwaltung einpr\u00fcgeln. Dabei sind diese Verz\u00f6gerungen u.a. auf die erh\u00f6hte Vorsicht bei der Kampfmittelr\u00e4umung zur\u00fcckzuf\u00fchren, denn K\u00f6ln ist im Zweiten Weltkrieg ziemlich plattgebombt worden und hat seither eine Menge Blindg\u00e4nger im Boden.<\/p>\n<p style=\"text-align: justify;\">Das nochmal als Erinnerung, auch an den 1. September. Jedem sind hoffentlich noch die Fotos der K\u00f6lner Ruinenlandschaft von 1945 im Ged\u00e4chtnis (&gt;<a href=\"https:\/\/de.wikipedia.org\/wiki\/K%C3%B6ln#\/media\/File:Koeln_1945.jpg\">Koeln 1945 &#8211; K\u00f6ln \u2013 Wikipedia)<\/a> , auch wenn aktuell \u00e4hnliche Bilder z.B. aus Syrien in den Fernsehnachrichten zu sehen sind. Hier in K\u00f6ln, in ganz Deutschland hoffentlich ist das eine bleibende Erinnerung und Erfahrung: <em>Krieg ist das schlimmste, was uns passieren kann.<\/em> Und das f\u00e4ngt damit an, dass man sich zerstreitet und den Streit eskalieren l\u00e4sst, anstatt friedliche Mittel zum Gespr\u00e4ch und zum Interessenausgleich zu nutzen \u2014 und fest zu etablieren. Dazu gibt es auch eine EU.<\/p>\n<p style=\"text-align: justify;\">Doch manche Polit-Clowns wollen uns die \u00fcberholte Vorstellung auftischen, dass NATIONAL das allein seligmachende Prinzip der Politik sein sollte. Schmarrn! Ein &#8222;Europa der Vaterl\u00e4nder&#8220; hatten wir schon, z. B. vor dem Ersten Weltkrieg, und vor dem Zweiten. Unsere blutig und teuer erkauften Erfahrungen sollten uns eine Lehre sein! Wer das f\u00fcr eine billige Phrase h\u00e4lt und nichts davon wissen will, wie Krieg entsteht, kann sich gern hier \u00fcber die konkrete Wahrheit informieren: <a href=\"http:\/\/www.spiegel.de\/einestages\/krieg-in-jugoslawien-ein-filmemacher-aus-sarajevo-erzaehlt-a-1108285.html\">Krieg in Jugoslawien: Ein Filmemacher aus Sarajevo erz\u00e4hlt &#8211; SPIEGEL ONLINE<\/a><\/p>\n<p style=\"text-align: justify;\">Doch diese <strong><span style=\"color: #ff0000;\">Erfahrungen<\/span><\/strong> muss man eben auch <strong><span style=\"color: #ff0000;\">zur Kenntnis nehmen!<\/span><\/strong> Das hei\u00dft vor allem: nicht mit der Zuspitzung von Konflikten spielen, erst recht nicht mit Gewalt und Krieg als M\u00f6glichkeit der Auseinandersetzung. Damit sollte man nicht einmal drohen. Doch dazu muss man mental auch in diesem Jahrhundert ankommen und nicht Vorstellungen anh\u00e4ngen oder nachtrauern, die uns fr\u00fcher in Kriegstreiberei und Kriegswahn gef\u00fchrt haben. Dazu muss man auch die alten Illusionen vom Nationalstaat mit homogenem Staatsvolk ablegen und sich die <em>Wirklichkeit<\/em> anschauen: Wo man versucht hat, mit Gewalt ein uniformes Staatsvolk zu schaffen, gab es unterdr\u00fcckte Minderheiten, Konflikte, Aufst\u00e4nde. Am besten fahren Staaten oder Staatenb\u00fcnde, die von vorneherein Vielfalt zulassen und den Staat nicht v\u00f6lkisch definieren, sondern \u00fcber das, was alle wollen: das gemeinsame Wohl.<\/p>\n<p style=\"text-align: justify;\">Damit hat man beispielsweise in K\u00f6ln auch weniger ein Problem. So war es kein Zufall, dass ein Pegida-Ableger &#8222;K\u00f6gida&#8220; sich in K\u00f6ln nicht etablieren konnte (mehr &gt;<em>Blog \/ K\u00f6ln-Notizen #17, vom 09.01.2015). <\/em>Ein rechtsradikal gesinnter Mann, verzweifelt \u00fcber mangelnden Rassismus in K\u00f6ln, glaubte sich daraufhin berechtigt, zur Mordtat zu schreiten in der verblendeten Hoffnung, damit seinen politischen Vorstellungen Realit\u00e4t zu geben &gt;<em>Blog \/ DD in K\u00f6ln, vom 17.10.2015. <\/em>Wie bei anderen Terroristen auch, steht da Gewalt und Blutvergie\u00dfen als Mittel an erster Stelle. Wer so etwas guthei\u00dft, verl\u00e4sst nicht nur den Boden unserer Verfassung, er stellt sich vielmehr auch au\u00dferhalb der menschlichen Gesellschaft.<em><br \/>\n<\/em><\/p>\n<p style=\"text-align: justify;\">Wie sagt eine k\u00f6lnische Redensart: &#8222;Levve un levve losse.&#8220; (Leben und leben lassen.) &#8230;!<\/p>\n<p style=\"text-align: justify;\">W. R.<\/p>\n<p style=\"text-align: justify;\"><strong><em>Kurzer Nachtrag:<\/em><\/strong> Der erwartete Erfolg der AfD bei der Landtagswahl in Mecklenburg-Vorpommern verst\u00e4rkt leider auch den Eindruck, dass Menschen am (geografischen) Rande der Republik, anscheinend wenig beleckt von politischem Grundwissen, mit dem Bauch ihr Kreuz in der Wahlkabine gemacht haben: Wo fast keine Fl\u00fcchtlinge oder \u00fcberhaupt Ausl\u00e4nder gesichtet werden, ist die Abwehr und Angst am gr\u00f6\u00dften!<\/p>\n<p style=\"text-align: justify;\">Die wenigsten W\u00e4hler wissen \u00fcberhaupt, was die aus verschwommener Protest-Haltung gew\u00e4hlte AfD an konkreten programmatischen Zielen nennt. Das ist geradezu die St\u00e4rke der AfD-Propaganda: drastische Spr\u00fcche klopfen, aber im Ungef\u00e4hren bleiben. Damit wird keiner der o.g. W\u00e4hler \u00fcberfordert, oder abgeschreckt, oder gar zum Denken verleitet. Na dann: Viel Spa\u00df im Deutschen-Getto! Eines ist leider auch zu erwarten: Ausl\u00e4ndische Investoren werden sich nicht darum rei\u00dfen, in diesem Landstrich Arbeitspl\u00e4tze zu schaffen. Das ist das Traurigste an diesem W\u00e4hlerverhalten (nicht nur in MV): Sie sehen keine Zusammenh\u00e4nge, wo sie sie sehen sollten. Mehr zu MeckPomm &gt;<a href=\"http:\/\/www.spiegel.de\/politik\/deutschland\/mecklenburg-vorpommern-das-passiv-aggressive-bundesland-a-1109409.html\">Mecklenburg-Vorpommern: Das passiv-aggressive Bundesland &#8211; SPIEGEL ONLINE<\/a> &#8211; (Ja, hat nicht direkt mit &#8222;K\u00f6ln-Notizen&#8220; zu tun. Sollte man aber mal anschauen, damit man sich in Deutschland besser auskennt.)<\/p>\n<p style=\"text-align: justify;\">Der Nachtrag war doch nicht so kurz. Tschuldigung, aber man will ja den BesucherInnen dieser Website ein m\u00f6glichst fundiertes Informationsangebot liefern \u2014 \u00fcber den Tag hinaus. F\u00fcr&#8217;s geifernde Schnellkommentieren sind Andere zust\u00e4ndig.<\/p>\n<p style=\"text-align: justify;\">W. R. 05.09.2016<\/p>\n<p style=\"text-align: justify;\"><a href=\"https:\/\/www.fu-frechen.de\/wp-content\/uploads\/2013\/06\/13g+.jpg\"><img decoding=\"async\" loading=\"lazy\" class=\"aligncenter wp-image-256\" src=\"https:\/\/www.fu-frechen.de\/wp-content\/uploads\/2013\/06\/13g+-300x219.jpg\" alt=\"13g+\" width=\"125\" height=\"91\" srcset=\"https:\/\/www.fu-frechen.de\/wp-content\/uploads\/2013\/06\/13g+-300x219.jpg 300w, https:\/\/www.fu-frechen.de\/wp-content\/uploads\/2013\/06\/13g+-624x457.jpg 624w, https:\/\/www.fu-frechen.de\/wp-content\/uploads\/2013\/06\/13g+.jpg 864w\" sizes=\"(max-width: 125px) 100vw, 125px\" \/><\/a><\/p>\n","protected":false},"excerpt":{"rendered":"<p>Zun\u00e4chst: Wir erinnern uns (oder lesen nach), was zum Blog auf der &gt;Startseite von fu-frechen.de geschrieben steht. Darum verweisen wir erstmal auf den Kalender der FUF (&gt;FUF \u2013 der Club\/Gedenk- und Feier-Kalender der FUF) zum heutigen 01.09. Gestern allerdings wollten unsere Medien gern den Jahrestag von Merkels &#8222;Wir schaffen das!&#8220; thematisieren, wobei nicht mehr herauskam [&hellip;]<\/p>\n","protected":false},"author":3,"featured_media":0,"comment_status":"closed","ping_status":"open","sticky":false,"template":"","format":"standard","meta":[],"categories":[1,11],"tags":[384,342,388,279,356,315,290,387,385,234,351,386],"_links":{"self":[{"href":"https:\/\/www.fu-frechen.de\/index.php?rest_route=\/wp\/v2\/posts\/3158"}],"collection":[{"href":"https:\/\/www.fu-frechen.de\/index.php?rest_route=\/wp\/v2\/posts"}],"about":[{"href":"https:\/\/www.fu-frechen.de\/index.php?rest_route=\/wp\/v2\/types\/post"}],"author":[{"embeddable":true,"href":"https:\/\/www.fu-frechen.de\/index.php?rest_route=\/wp\/v2\/users\/3"}],"replies":[{"embeddable":true,"href":"https:\/\/www.fu-frechen.de\/index.php?rest_route=%2Fwp%2Fv2%2Fcomments&post=3158"}],"version-history":[{"count":21,"href":"https:\/\/www.fu-frechen.de\/index.php?rest_route=\/wp\/v2\/posts\/3158\/revisions"}],"predecessor-version":[{"id":3670,"href":"https:\/\/www.fu-frechen.de\/index.php?rest_route=\/wp\/v2\/posts\/3158\/revisions\/3670"}],"wp:attachment":[{"href":"https:\/\/www.fu-frechen.de\/index.php?rest_route=%2Fwp%2Fv2%2Fmedia&parent=3158"}],"wp:term":[{"taxonomy":"category","embeddable":true,"href":"https:\/\/www.fu-frechen.de\/index.php?rest_route=%2Fwp%2Fv2%2Fcategories&post=3158"},{"taxonomy":"post_tag","embeddable":true,"href":"https:\/\/www.fu-frechen.de\/index.php?rest_route=%2Fwp%2Fv2%2Ftags&post=3158"}],"curies":[{"name":"wp","href":"https:\/\/api.w.org\/{rel}","templated":true}]}}