{"id":3274,"date":"2016-11-09T18:42:10","date_gmt":"2016-11-09T17:42:10","guid":{"rendered":"http:\/\/www.fu-frechen.de\/?p=3274"},"modified":"2019-07-29T19:22:58","modified_gmt":"2019-07-29T17:22:58","slug":"wetterleuchten-in-gods-own-country","status":"publish","type":"post","link":"https:\/\/www.fu-frechen.de\/?p=3274","title":{"rendered":"Wetterleuchten in &#8222;God&#8217;s own country&#8220;"},"content":{"rendered":"<p style=\"text-align: justify;\"><a href=\"https:\/\/www.fu-frechen.de\/wp-content\/uploads\/2016\/11\/13b-2.jpg\"><img decoding=\"async\" loading=\"lazy\" class=\"alignleft wp-image-3282\" src=\"https:\/\/www.fu-frechen.de\/wp-content\/uploads\/2016\/11\/13b-2-300x266.jpg\" alt=\"13b-2\" width=\"196\" height=\"174\" srcset=\"https:\/\/www.fu-frechen.de\/wp-content\/uploads\/2016\/11\/13b-2-300x266.jpg 300w, https:\/\/www.fu-frechen.de\/wp-content\/uploads\/2016\/11\/13b-2-768x682.jpg 768w, https:\/\/www.fu-frechen.de\/wp-content\/uploads\/2016\/11\/13b-2-624x554.jpg 624w, https:\/\/www.fu-frechen.de\/wp-content\/uploads\/2016\/11\/13b-2.jpg 788w\" sizes=\"(max-width: 196px) 100vw, 196px\" \/><\/a>\u00d6GE Gott ihn erleuchten&#8220;, verlautet der Vatikan nach Trumps Sieg im Pr\u00e4sidentschaftswahlkampf in den USA. <a href=\"http:\/\/www.europeonline-magazine.eu\/vatikan-zu-trump-wahl-moege-gott-ihn-erleuchten_494165.html\">http:\/\/www.europeonline-magazine.eu\/vatikan-zu-trump-wahl-moege-gott-ihn-erleuchten_494165.html<\/a><br \/>\nDiesem Wunsch k\u00f6nnen sich Viele weltweit nur anschlie\u00dfen.<br \/>\nAls W.R. wenige Tage vor der Wahl ein paar Ausz\u00fcge aus Donald Trumps Wahlreden sah, konnte er kaum glauben, dass 1. ein Mensch, der sich um ein hohes Staatsamt bewirbt, derart <span style=\"color: #ff00ff;\"><em>widerliche<\/em><\/span> Dinge ins Mikrofon sagt, und dass 2. ein solcher Kandidat mit geh\u00e4uften <span style=\"color: #ff00ff;\"><em>L\u00fcgen und Beleidigungen<\/em><\/span> derma\u00dfen viele W\u00e4hlerstimmen sammeln w\u00fcrde.<br \/>\nWie das vor sich ging, erkl\u00e4rt vielleicht dieser Artikel: <a href=\"http:\/\/www.sueddeutsche.de\/digital\/us-wahl-praesident-troll-1.3241266\">http:\/\/www.sueddeutsche.de\/digital\/us-wahl-praesident-troll-1.3241266 <\/a>*<\/p>\n<p style=\"text-align: justify;\">Was soll man von diesen W\u00e4hlerInnen halten? Geht es da \u00fcberhaupt noch um Politik im eigentlichen Sinne? <em>Ist Amerika noch zu retten?<\/em> Es wird wohl nicht reichen, nur Trump als Pr\u00e4sidenten zu erleuchten, da wird mehr Arbeit f\u00fcr IHN anfallen in &#8222;God&#8217;s own country.&#8220;<\/p>\n<p style=\"text-align: justify;\">W. R.<\/p>\n<p style=\"text-align: justify;\"><a href=\"https:\/\/www.fu-frechen.de\/wp-content\/uploads\/2016\/11\/1ub-2.jpg\"><img decoding=\"async\" loading=\"lazy\" class=\" wp-image-3283 aligncenter\" src=\"https:\/\/www.fu-frechen.de\/wp-content\/uploads\/2016\/11\/1ub-2-300x111.jpg\" alt=\"1ub-2\" width=\"106\" height=\"39\" srcset=\"https:\/\/www.fu-frechen.de\/wp-content\/uploads\/2016\/11\/1ub-2-300x111.jpg 300w, https:\/\/www.fu-frechen.de\/wp-content\/uploads\/2016\/11\/1ub-2-768x284.jpg 768w, https:\/\/www.fu-frechen.de\/wp-content\/uploads\/2016\/11\/1ub-2-624x231.jpg 624w, https:\/\/www.fu-frechen.de\/wp-content\/uploads\/2016\/11\/1ub-2.jpg 801w\" sizes=\"(max-width: 106px) 100vw, 106px\" \/><\/a><em>Nachtrag am 11.11.2016<\/em> &nbsp; Wer eine Interpretationshilfe braucht, dem sei gesagt, dass der Vatikan mit der oben zitierten Verlautbarung meint: Da hilft nur noch beten (wenn \u00fcberhaupt etwas).&nbsp; &#8212;&nbsp; Die AfD, die Brexit-Kampagne und Donald Trumps Wahlreden haben uns vor Ohren gef\u00fchrt, dass wir im &#8222;postfaktischen Zeitalter&#8220; leben: Fakten und Wahrheit sind beliebig austauschbar geworden durch Behauptungen und L\u00fcgen; statt Faktenrecherche von Journalisten ist bei vielen Leuten nur noch Gew\u00e4sch und Gepolter auf ihren Lieblings-Internetseiten gefragt, die die eigenen Ansichten und Vorurteile best\u00e4rken. So erkl\u00e4rt sich der gro\u00dfe Zulauf von Trump in den USA, meinen einige Analysten; andere sehen als Hauptgrund die Entt\u00e4uschung der vom globalisierten Kapitalismus Abgeh\u00e4ngten und Verarmten.&nbsp; &#8212;&nbsp; Es wird jetzt viel Kaffeesatz gelesen: Was hat Trump wohl vor? Ja was wird er wohl tun, wenn er als Minister, Berater und Zuarbeiter \u00fcberwiegend Hardliner aus dem republikanischen Lager holt? Am wahrscheinlichsten ist ein Retro-Kurs des &#8222;Law-and-Order&#8220;, denn sch\u00e4rfere Gesetze signalisieren h\u00e4rteres Durchgreifen und St\u00e4rke, ohne dass damit schon etwas getan oder viel Geld in die Hand genommen werden muss. Hauptsache, es macht erstmal Eindruck bei der Bev\u00f6lkerung, auch wenn es real nichts verbessert. Am Ende k\u00f6nnten die USA einem Gottesstaat \u00e4hneln, wo statt der Scharia ein alttestamentarischer Rigorismus das \u00f6ffentliche Leben bestimmt&#8230; \u2014 Jetzt kneife mich mal jemand, dass ich aus dem Alptraum aufwache, denn schwarzsehende Kommentare gibt es schon genug, und drau\u00dfen ist auch schon wieder finsteres Novemberwetter! Vielleicht hilft manchen Rheinl\u00e4ndern die Flucht in den Sessionsauftakt des Karnevals; andere m\u00f6gen einen Anlass sehen, sich die Welt zu Hause sch\u00f6n zu trinken; und einige werfen vielleicht eine der guten alten Cognacbohnen ein, und noch eine, und nochmal eine, und tr\u00f6sten sich mit Nostalgie: Fr\u00fcher war nicht alles schlechter&#8230;<\/p>\n<p style=\"text-align: justify;\"><a href=\"https:\/\/www.fu-frechen.de\/wp-content\/uploads\/2014\/01\/020-3-Weinbrandbohnen.jpg\"><img decoding=\"async\" loading=\"lazy\" class=\"aligncenter wp-image-1319\" src=\"https:\/\/www.fu-frechen.de\/wp-content\/uploads\/2014\/01\/020-3-Weinbrandbohnen-300x236.jpg\" alt=\"020-3 Weinbrandbohnen\" width=\"165\" height=\"130\" srcset=\"https:\/\/www.fu-frechen.de\/wp-content\/uploads\/2014\/01\/020-3-Weinbrandbohnen-300x236.jpg 300w, https:\/\/www.fu-frechen.de\/wp-content\/uploads\/2014\/01\/020-3-Weinbrandbohnen-1024x806.jpg 1024w, https:\/\/www.fu-frechen.de\/wp-content\/uploads\/2014\/01\/020-3-Weinbrandbohnen-624x491.jpg 624w\" sizes=\"(max-width: 165px) 100vw, 165px\" \/><\/a>* Erg\u00e4nzung am 27.11.2016: Nach viel Kritik an Facebook liest man auch von der Bedeutung des Fernsehens in jenem Wahlkampf, insbesondere vom konservativen US-Sender Fox. Die in den l\u00e4ndlichen Bezirken wahlentscheidenden \u00e4lteren wei\u00dfen M\u00e4nner, hei\u00dft es, h\u00e4tten nach Umfragen \u00fcberwiegend aus dem TV ihre politischen Informationen bezogen, w\u00e4hrend das Internet eher f\u00fcr j\u00fcngere Leute als Informationsquelle von Bedeutung war (N\u00e4heres &gt;<a href=\"http:\/\/www.zeit.de\/politik\/ausland\/2016-11\/us-wahlkampf-donald-trump-facebook-fake-news-bundestagswahlkampf\">US-Wahlkampf: Nicht Fake News auf Facebook haben die Wahl entschieden |&nbsp;ZEIT ONLINE<\/a> ). Wie auch immer: Auch in Europa werden diese Vorg\u00e4nge aufmerksam analysiert&#8230;<\/p>\n<p style=\"text-align: justify;\"><a href=\"https:\/\/www.fu-frechen.de\/wp-content\/uploads\/2016\/11\/1ub-2.jpg\"><img decoding=\"async\" loading=\"lazy\" class=\" wp-image-3283 aligncenter\" src=\"https:\/\/www.fu-frechen.de\/wp-content\/uploads\/2016\/11\/1ub-2-300x111.jpg\" alt=\"1ub-2\" width=\"106\" height=\"39\" srcset=\"https:\/\/www.fu-frechen.de\/wp-content\/uploads\/2016\/11\/1ub-2-300x111.jpg 300w, https:\/\/www.fu-frechen.de\/wp-content\/uploads\/2016\/11\/1ub-2-768x284.jpg 768w, https:\/\/www.fu-frechen.de\/wp-content\/uploads\/2016\/11\/1ub-2-624x231.jpg 624w, https:\/\/www.fu-frechen.de\/wp-content\/uploads\/2016\/11\/1ub-2.jpg 801w\" sizes=\"(max-width: 106px) 100vw, 106px\" \/><\/a><\/p>\n","protected":false},"excerpt":{"rendered":"<p>\u00d6GE Gott ihn erleuchten&#8220;, verlautet der Vatikan nach Trumps Sieg im Pr\u00e4sidentschaftswahlkampf in den USA. http:\/\/www.europeonline-magazine.eu\/vatikan-zu-trump-wahl-moege-gott-ihn-erleuchten_494165.html Diesem Wunsch k\u00f6nnen sich Viele weltweit nur anschlie\u00dfen. Als W.R. wenige Tage vor der Wahl ein paar Ausz\u00fcge aus Donald Trumps Wahlreden sah, konnte er kaum glauben, dass 1. ein Mensch, der sich um ein hohes Staatsamt bewirbt, derart [&hellip;]<\/p>\n","protected":false},"author":3,"featured_media":0,"comment_status":"closed","ping_status":"open","sticky":false,"template":"","format":"standard","meta":[],"categories":[1,534],"tags":[396,400,395,399,397,401,398],"_links":{"self":[{"href":"https:\/\/www.fu-frechen.de\/index.php?rest_route=\/wp\/v2\/posts\/3274"}],"collection":[{"href":"https:\/\/www.fu-frechen.de\/index.php?rest_route=\/wp\/v2\/posts"}],"about":[{"href":"https:\/\/www.fu-frechen.de\/index.php?rest_route=\/wp\/v2\/types\/post"}],"author":[{"embeddable":true,"href":"https:\/\/www.fu-frechen.de\/index.php?rest_route=\/wp\/v2\/users\/3"}],"replies":[{"embeddable":true,"href":"https:\/\/www.fu-frechen.de\/index.php?rest_route=%2Fwp%2Fv2%2Fcomments&post=3274"}],"version-history":[{"count":17,"href":"https:\/\/www.fu-frechen.de\/index.php?rest_route=\/wp\/v2\/posts\/3274\/revisions"}],"predecessor-version":[{"id":5487,"href":"https:\/\/www.fu-frechen.de\/index.php?rest_route=\/wp\/v2\/posts\/3274\/revisions\/5487"}],"wp:attachment":[{"href":"https:\/\/www.fu-frechen.de\/index.php?rest_route=%2Fwp%2Fv2%2Fmedia&parent=3274"}],"wp:term":[{"taxonomy":"category","embeddable":true,"href":"https:\/\/www.fu-frechen.de\/index.php?rest_route=%2Fwp%2Fv2%2Fcategories&post=3274"},{"taxonomy":"post_tag","embeddable":true,"href":"https:\/\/www.fu-frechen.de\/index.php?rest_route=%2Fwp%2Fv2%2Ftags&post=3274"}],"curies":[{"name":"wp","href":"https:\/\/api.w.org\/{rel}","templated":true}]}}