{"id":3358,"date":"2016-12-07T22:35:47","date_gmt":"2016-12-07T21:35:47","guid":{"rendered":"http:\/\/www.fu-frechen.de\/?p=3358"},"modified":"2020-02-16T20:46:45","modified_gmt":"2020-02-16T19:46:45","slug":"am-7-dezember","status":"publish","type":"post","link":"https:\/\/www.fu-frechen.de\/?p=3358","title":{"rendered":"Am 7. Dezember&#8230;"},"content":{"rendered":"<p style=\"text-align: justify;\">&#8230; geschah so Manches in der Geschichte. In Deutschland war es der Tag im Jahre <strong>1835<\/strong>, als am Gleis der neuen Eisenbahnstrecke <strong>N\u00fcrnberg-F\u00fcrth<\/strong> eine gro\u00dfe Menschenmenge die erste Fahrt eines mit einer Dampflokomotive bewegten Eisenbahnzuges sehen wollte. Die Lok war eigens aus England importiert worden, die Kisten mit den Einzelteilen brauchten Wochen f\u00fcr ihren Weg. \u00dcber Land mussten sie mit Fuhrwerken transportiert werden und etliche Zollgrenzen passieren. Auch der Lokf\u00fchrer war aus England eingereist.<\/p>\n<div id=\"attachment_3361\" style=\"width: 383px\" class=\"wp-caption alignleft\"><a href=\"https:\/\/www.fu-frechen.de\/wp-content\/uploads\/2016\/12\/Die_Gartenlaube_1885_b_797.jpg\"><img aria-describedby=\"caption-attachment-3361\" decoding=\"async\" loading=\"lazy\" class=\" wp-image-3361\" src=\"https:\/\/www.fu-frechen.de\/wp-content\/uploads\/2016\/12\/Die_Gartenlaube_1885_b_797-300x205.jpg\" alt=\"Er\u00f6ffnung der Eisenbahnstrecke N\u00fcrnberg-F\u00fcrth am 7.12.1835 (Abb. aus der &quot;Gartelaube&quot;, 1885; Wikipedia, gemeinfrei)\" width=\"373\" height=\"255\" srcset=\"https:\/\/www.fu-frechen.de\/wp-content\/uploads\/2016\/12\/Die_Gartenlaube_1885_b_797-300x205.jpg 300w, https:\/\/www.fu-frechen.de\/wp-content\/uploads\/2016\/12\/Die_Gartenlaube_1885_b_797-768x524.jpg 768w, https:\/\/www.fu-frechen.de\/wp-content\/uploads\/2016\/12\/Die_Gartenlaube_1885_b_797-1024x699.jpg 1024w, https:\/\/www.fu-frechen.de\/wp-content\/uploads\/2016\/12\/Die_Gartenlaube_1885_b_797-624x426.jpg 624w, https:\/\/www.fu-frechen.de\/wp-content\/uploads\/2016\/12\/Die_Gartenlaube_1885_b_797.jpg 1280w\" sizes=\"(max-width: 373px) 100vw, 373px\" \/><\/a><p id=\"caption-attachment-3361\" class=\"wp-caption-text\">Er\u00f6ffnung der Eisenbahnstrecke N\u00fcrnberg-F\u00fcrth am 7.12.1835 (Abb. aus der &#8222;Gartenlaube&#8220;, 1885; Wikipedia, gemeinfrei)<\/p><\/div>\n<p style=\"text-align: justify;\">Es herrschte gro\u00dfer Andrang, viele Menschen wollten mit diesem Personenzug fahren. In mehreren Stichen und Lithografien wurde das Ereignis festgehalten\u00a0\u2014 siehe unser Beispiel, eine Darstellung, die in der &#8222;Gartenlaube&#8220; erschien.<\/p>\n<p style=\"text-align: justify;\">Eine gro\u00dfe Nachfrage beim Publikum rief auch der erste Personenzug hervor, der im Jahre <strong>1839 <\/strong>von<strong> K\u00f6ln nach M\u00fcngersdorf<\/strong> fuhr.<\/p>\n<p style=\"text-align: justify;\">Dort an der Bahnstrecke war ein sch\u00f6nes Geb\u00e4ude als Bahnhof und Ausflugslokal errichtet worden, von wo man bis K\u00f6ln und ins Bergische Land blicken konnte.\u00a0 Dieses Geb\u00e4ude ist der einzige noch erhaltene von den fr\u00fchen Bahnh\u00f6fen in Deutschland und steht heute unter Denkmalschutz.<br \/>\nMehr \u00fcber dieses Geb\u00e4ude mit Garten sowie Vieles \u00fcber fr\u00fche Eisenbahngeschichte erf\u00e4hrt man hier auf <span style=\"text-decoration: underline;\">fu-frechen.de<\/span> \/ <em>Clio<\/em>, 8.2.<\/p>\n<div id=\"attachment_3369\" style=\"width: 366px\" class=\"wp-caption aligncenter\"><a href=\"https:\/\/www.fu-frechen.de\/wp-content\/uploads\/2016\/12\/14c.jpg\"><img aria-describedby=\"caption-attachment-3369\" decoding=\"async\" loading=\"lazy\" class=\" wp-image-3369\" src=\"https:\/\/www.fu-frechen.de\/wp-content\/uploads\/2016\/12\/14c-300x200.jpg\" alt=\"Bahnhof Belvedere in K\u00f6ln-M\u00fcngersdorf, Gartenseite 2016\" width=\"356\" height=\"237\" srcset=\"https:\/\/www.fu-frechen.de\/wp-content\/uploads\/2016\/12\/14c-300x200.jpg 300w, https:\/\/www.fu-frechen.de\/wp-content\/uploads\/2016\/12\/14c-768x512.jpg 768w, https:\/\/www.fu-frechen.de\/wp-content\/uploads\/2016\/12\/14c-1024x683.jpg 1024w, https:\/\/www.fu-frechen.de\/wp-content\/uploads\/2016\/12\/14c-624x416.jpg 624w\" sizes=\"(max-width: 356px) 100vw, 356px\" \/><\/a><p id=\"caption-attachment-3369\" class=\"wp-caption-text\">Bahnhof Belvedere in K\u00f6ln-M\u00fcngersdorf, Gartenseite Sept. 2016<\/p><\/div>\n<p style=\"text-align: justify;\">W. R.<\/p>\n<p style=\"text-align: justify;\"><a href=\"https:\/\/www.fu-frechen.de\/wp-content\/uploads\/2013\/06\/13g+.jpg\"><img decoding=\"async\" loading=\"lazy\" class=\"aligncenter wp-image-256\" src=\"https:\/\/www.fu-frechen.de\/wp-content\/uploads\/2013\/06\/13g+-300x219.jpg\" alt=\"13g+\" width=\"129\" height=\"94\" srcset=\"https:\/\/www.fu-frechen.de\/wp-content\/uploads\/2013\/06\/13g+-300x219.jpg 300w, https:\/\/www.fu-frechen.de\/wp-content\/uploads\/2013\/06\/13g+-624x457.jpg 624w, https:\/\/www.fu-frechen.de\/wp-content\/uploads\/2013\/06\/13g+.jpg 864w\" sizes=\"(max-width: 129px) 100vw, 129px\" \/><\/a><\/p>\n","protected":false},"excerpt":{"rendered":"<p>&#8230; geschah so Manches in der Geschichte. In Deutschland war es der Tag im Jahre 1835, als am Gleis der neuen Eisenbahnstrecke N\u00fcrnberg-F\u00fcrth eine gro\u00dfe Menschenmenge die erste Fahrt eines mit einer Dampflokomotive bewegten Eisenbahnzuges sehen wollte. Die Lok war eigens aus England importiert worden, die Kisten mit den Einzelteilen brauchten Wochen f\u00fcr ihren Weg. [&hellip;]<\/p>\n","protected":false},"author":3,"featured_media":0,"comment_status":"closed","ping_status":"open","sticky":false,"template":"","format":"standard","meta":[],"categories":[1],"tags":[404,403,405,402],"_links":{"self":[{"href":"https:\/\/www.fu-frechen.de\/index.php?rest_route=\/wp\/v2\/posts\/3358"}],"collection":[{"href":"https:\/\/www.fu-frechen.de\/index.php?rest_route=\/wp\/v2\/posts"}],"about":[{"href":"https:\/\/www.fu-frechen.de\/index.php?rest_route=\/wp\/v2\/types\/post"}],"author":[{"embeddable":true,"href":"https:\/\/www.fu-frechen.de\/index.php?rest_route=\/wp\/v2\/users\/3"}],"replies":[{"embeddable":true,"href":"https:\/\/www.fu-frechen.de\/index.php?rest_route=%2Fwp%2Fv2%2Fcomments&post=3358"}],"version-history":[{"count":14,"href":"https:\/\/www.fu-frechen.de\/index.php?rest_route=\/wp\/v2\/posts\/3358\/revisions"}],"predecessor-version":[{"id":6214,"href":"https:\/\/www.fu-frechen.de\/index.php?rest_route=\/wp\/v2\/posts\/3358\/revisions\/6214"}],"wp:attachment":[{"href":"https:\/\/www.fu-frechen.de\/index.php?rest_route=%2Fwp%2Fv2%2Fmedia&parent=3358"}],"wp:term":[{"taxonomy":"category","embeddable":true,"href":"https:\/\/www.fu-frechen.de\/index.php?rest_route=%2Fwp%2Fv2%2Fcategories&post=3358"},{"taxonomy":"post_tag","embeddable":true,"href":"https:\/\/www.fu-frechen.de\/index.php?rest_route=%2Fwp%2Fv2%2Ftags&post=3358"}],"curies":[{"name":"wp","href":"https:\/\/api.w.org\/{rel}","templated":true}]}}