{"id":3377,"date":"2016-12-29T00:09:27","date_gmt":"2016-12-28T23:09:27","guid":{"rendered":"http:\/\/www.fu-frechen.de\/?p=3377"},"modified":"2020-07-28T23:10:37","modified_gmt":"2020-07-28T21:10:37","slug":"koeln-notizen-dez-2016","status":"publish","type":"post","link":"https:\/\/www.fu-frechen.de\/?p=3377","title":{"rendered":"K\u00f6ln-Notizen Dez. 2016"},"content":{"rendered":"<p style=\"text-align: justify;\"><a href=\"https:\/\/www.fu-frechen.de\/wp-content\/uploads\/2013\/06\/50.jpg\"><img decoding=\"async\" loading=\"lazy\" class=\"alignleft wp-image-278\" src=\"https:\/\/www.fu-frechen.de\/wp-content\/uploads\/2013\/06\/50-300x191.jpg\" alt=\"50\" width=\"283\" height=\"180\" srcset=\"https:\/\/www.fu-frechen.de\/wp-content\/uploads\/2013\/06\/50-300x191.jpg 300w, https:\/\/www.fu-frechen.de\/wp-content\/uploads\/2013\/06\/50-1024x654.jpg 1024w, https:\/\/www.fu-frechen.de\/wp-content\/uploads\/2013\/06\/50-624x398.jpg 624w\" sizes=\"(max-width: 283px) 100vw, 283px\" \/><\/a><strong>W<\/strong>ollen wir einen vorausschauenden Blick in den bevorstehenden Jahreswechsel wagen? Was sehen wir in der Kristallkugel? Zumindest eins: Nach dem gro\u00dfen Medien-Hype &#8222;Silvesternacht 2015 in K\u00f6ln&#8220; werden soviele Polizisten und andere Ordnungsh\u00fcter Dom und Hauptbahnhof umschwirren, dass jeder trotzdem noch hergekommene \u00dcbergriffige f\u00fcrchten muss, eine unerkannte Polizistin in Zivil anzupacken, die ihn gleich auf&#8217;s Kreuz und in Handschellen legen wird. Seine &#8222;Heldentat&#8220; kann er sich anschlie\u00dfend auf der Wache im Videobeweis gestochen scharf ansehen.<\/p>\n<p style=\"text-align: justify;\">Ein Bekannter erz\u00e4hlte mir vor Jahren, dass er in einer gerammelt vollen Kneipe an Karneval mit einer attraktiven Frau tanzte und sie im Gedr\u00e4nge am Hintern begrapschte. Das gefiel ihr wohl nicht, denn unvermittelt griff sie ihm in den Schritt und dr\u00fcckte fest zu. Er kriegte kaum Luft vor Schmerz, die Frau verschwand im Gew\u00fchl. K\u00f6nnte das nicht eine Alternative sein f\u00fcr diejenigen, die einen \u00dcbergriffigen nicht auf Arml\u00e4nge halten k\u00f6nnen?<\/p>\n<p style=\"text-align: justify;\">Was bringt das Jahr 2017 f\u00fcr K\u00f6ln? Die Zeitungen unken bereits: Da wird es nicht weniger, eher mehr Staus auf den Stra\u00dfen in und um K\u00f6ln geben. Wenn man dem etwas Positives abgewinnen kann, dann dies: schlecht f\u00fcr Kriminelle, die schnell das Weite suchen wollen. Folglich positiver Nebeneffekt: weniger Einbr\u00fcche in K\u00f6ln, und damit rechnerisch eine h\u00f6here Aufkl\u00e4rungsquote, sofern die Polizei nicht Unmengen von \u00dcberstunden abfeiern muss. \u00dcberall wurde in letzter Zeit mehr Polizei-Pr\u00e4senz gefordert; da man aber jahrelang Personal abgebaut hat, k\u00f6nnen die zus\u00e4tzlichen Polizisten nun nicht aus dem Hut gezaubert werden. Sie m\u00fcssen erst einmal ausgebildet werden, und solange muss das vorhandene Personal vermehrt \u00dcberstunden machen. \u2014<\/p>\n<p style=\"text-align: justify;\">Was wird es sonst im Neuen Jahr 2017 geben? &#8222;Reichsb\u00fcrger&#8220; aufgemerkt: Wer nicht in diesem Staat, sondern in einer echten GmbH leben will, der wandere nach der Inauguration des neuen Pr\u00e4sidenten Donald Trump (20.Januar) flugs in die USA aus! Jetzt schon zeichnet sich ab, dass er sein Kabinett gro\u00dfenteils aus Gesch\u00e4ftsleuten bildet, die wie er selbst im Geldmachen gro\u00df sind, und denen er wegen ihres &#8222;Verhandlungsgeschicks&#8220; im Big Business zutraut, das bisschen Politik flott zu erledigen.<\/p>\n<p style=\"text-align: justify;\">Und wenn es mit der USA-GmbH nicht so laufen sollte, wie er es seinen W\u00e4hlern (oder Kunden?) versprochen hat, dann&#8230; ja meine G\u00fcte, Leute, dann macht Trump eben keine 2. Amtszeit und entzieht sich den Konsequenzen, schlie\u00dflich bedeutet GmbH doch &#8222;Gesellschaft mit beschr\u00e4nkter Haftung&#8220;! Dann wird Amerika eben nicht &#8222;great again&#8220;, die Mittelschicht wird ganz abgeh\u00e4ngt, \u00d6lkonzerne ruinieren weitere Landstriche, und China als gro\u00dfer Gl\u00e4ubiger \u00fcbernimmt am Ende den \u00fcberschuldeten Laden, w\u00e4hrend Trump twittert, dass er dann mal weg ist, n\u00e4mlich ins Exil nach Russland, zu seinem G\u00f6nner Putin. Und der \u00fcbern\u00e4chste Pr\u00e4sident der US-GmbH hat wom\u00f6glich einen chinesisch klingenden Namen und macht die USA zu einem Sonderverwaltungsgebiet Chinas \u2014 wie Hongkong.<\/p>\n<p style=\"text-align: justify;\">\u00dcbrigens haben die Chinesen ein Sprichwort, das sagt: &#8222;Wenn der Wind der Ver\u00e4nderung weht, bauen die Einen Mauern, die Anderen Windm\u00fchlen.&#8220; Denkt mal dr\u00fcber nach.<\/p>\n<p style=\"text-align: justify;\">W. R.<\/p>\n<p><a href=\"https:\/\/www.fu-frechen.de\/wp-content\/uploads\/2013\/06\/13g+.jpg\"><img decoding=\"async\" loading=\"lazy\" class=\"aligncenter wp-image-256\" src=\"https:\/\/www.fu-frechen.de\/wp-content\/uploads\/2013\/06\/13g+-300x219.jpg\" alt=\"13g+\" width=\"114\" height=\"83\" srcset=\"https:\/\/www.fu-frechen.de\/wp-content\/uploads\/2013\/06\/13g+-300x219.jpg 300w, https:\/\/www.fu-frechen.de\/wp-content\/uploads\/2013\/06\/13g+-624x457.jpg 624w, https:\/\/www.fu-frechen.de\/wp-content\/uploads\/2013\/06\/13g+.jpg 864w\" sizes=\"(max-width: 114px) 100vw, 114px\" \/><\/a><\/p>\n","protected":false},"excerpt":{"rendered":"<p>Wollen wir einen vorausschauenden Blick in den bevorstehenden Jahreswechsel wagen? Was sehen wir in der Kristallkugel? Zumindest eins: Nach dem gro\u00dfen Medien-Hype &#8222;Silvesternacht 2015 in K\u00f6ln&#8220; werden soviele Polizisten und andere Ordnungsh\u00fcter Dom und Hauptbahnhof umschwirren, dass jeder trotzdem noch hergekommene \u00dcbergriffige f\u00fcrchten muss, eine unerkannte Polizistin in Zivil anzupacken, die ihn gleich auf&#8217;s Kreuz [&hellip;]<\/p>\n","protected":false},"author":3,"featured_media":0,"comment_status":"closed","ping_status":"open","sticky":false,"template":"","format":"standard","meta":[],"categories":[1,534,11],"tags":[411,395,406,410,407,458,408],"_links":{"self":[{"href":"https:\/\/www.fu-frechen.de\/index.php?rest_route=\/wp\/v2\/posts\/3377"}],"collection":[{"href":"https:\/\/www.fu-frechen.de\/index.php?rest_route=\/wp\/v2\/posts"}],"about":[{"href":"https:\/\/www.fu-frechen.de\/index.php?rest_route=\/wp\/v2\/types\/post"}],"author":[{"embeddable":true,"href":"https:\/\/www.fu-frechen.de\/index.php?rest_route=\/wp\/v2\/users\/3"}],"replies":[{"embeddable":true,"href":"https:\/\/www.fu-frechen.de\/index.php?rest_route=%2Fwp%2Fv2%2Fcomments&post=3377"}],"version-history":[{"count":13,"href":"https:\/\/www.fu-frechen.de\/index.php?rest_route=\/wp\/v2\/posts\/3377\/revisions"}],"predecessor-version":[{"id":6614,"href":"https:\/\/www.fu-frechen.de\/index.php?rest_route=\/wp\/v2\/posts\/3377\/revisions\/6614"}],"wp:attachment":[{"href":"https:\/\/www.fu-frechen.de\/index.php?rest_route=%2Fwp%2Fv2%2Fmedia&parent=3377"}],"wp:term":[{"taxonomy":"category","embeddable":true,"href":"https:\/\/www.fu-frechen.de\/index.php?rest_route=%2Fwp%2Fv2%2Fcategories&post=3377"},{"taxonomy":"post_tag","embeddable":true,"href":"https:\/\/www.fu-frechen.de\/index.php?rest_route=%2Fwp%2Fv2%2Ftags&post=3377"}],"curies":[{"name":"wp","href":"https:\/\/api.w.org\/{rel}","templated":true}]}}