{"id":3398,"date":"2017-01-01T14:38:37","date_gmt":"2017-01-01T13:38:37","guid":{"rendered":"http:\/\/www.fu-frechen.de\/?p=3398"},"modified":"2020-07-28T23:22:50","modified_gmt":"2020-07-28T21:22:50","slug":"zum-neuen-jahr-2017","status":"publish","type":"post","link":"https:\/\/www.fu-frechen.de\/?p=3398","title":{"rendered":"Zum Neuen Jahr 2017"},"content":{"rendered":"<p style=\"text-align: justify;\"><strong><a href=\"https:\/\/www.fu-frechen.de\/wp-content\/uploads\/2014\/01\/80a.jpg\"><img decoding=\"async\" loading=\"lazy\" class=\"alignleft wp-image-1200\" src=\"https:\/\/www.fu-frechen.de\/wp-content\/uploads\/2014\/01\/80a-300x237.jpg\" alt=\"80a\" width=\"181\" height=\"143\" srcset=\"https:\/\/www.fu-frechen.de\/wp-content\/uploads\/2014\/01\/80a-300x237.jpg 300w, https:\/\/www.fu-frechen.de\/wp-content\/uploads\/2014\/01\/80a.jpg 589w\" sizes=\"(max-width: 181px) 100vw, 181px\" \/><\/a>J<\/strong>ahresr\u00fcckblicke 2016 gab es ja schon seit Anfang Dezember in verschiedenen Medien, anscheinend wollte da jeder der erste sein \u2014 so wie der Handel teils schon im September die Schokoladen-Nikol\u00e4use und -Weihnachtsm\u00e4nner anbietet. Mir pers\u00f6nlich gefiel der R\u00fcckblick von Dieter Nuhr ganz gut&nbsp;\u2014 obwohl auch er auf den billigen Gag mit dem nuschelnden Til Schweiger nicht verzichtete. Urban Priol verweilte etwas l\u00e4nger darauf und zog auch noch Veronika Ferres durch den Kakao, wof\u00fcr mir allerdings kein Anlass erkennbar wurde.<\/p>\n<p style=\"text-align: justify;\">Ist es vielleicht so, dass manche Kabarettisten glauben, auf ein paar platte Kalauer nicht verzichten zu k\u00f6nnen, damit im Fernseh-Publikum auch die geistig weniger Aktiven was zu lachen haben? Dann bieten sich als sichere Bank eben die gel\u00e4ufigen Bashing-Objekte an. Wenn \u00fcber Trumps Frisur schon eine Menge Witze gemacht wurden, dann bitte wenigstens etwas origineller, z.B. wenn Nuhr von einem &#8222;auf dem Kopf implantierten Eichh\u00f6rnchen&#8220; spricht.<\/p>\n<p style=\"text-align: justify;\">Apropos geistige Aktivit\u00e4t: Gern wird die Ferres in einem Atemzug mit ihrem Ehemann Carsten Maschmeyer an den Pranger gestellt. Ich habe zwar nicht verfolgt, was genau <em>ihm<\/em> derzeit juristisch vorgeworfen wird, bin aber soweit informiert, dass er wie viele Andere eine Gesetzesl\u00fccke genutzt hat oder haben soll, die \u00fcber trickreiche Umwege dazu f\u00fchrte, dass der deutsche Staat ihnen Steuer-R\u00fcckerstattungen doppelt auszahlte (sogen. &#8222;Cum-Ex-Gesch\u00e4fte&#8220;).<\/p>\n<p style=\"text-align: justify;\">Moralisch sehe ich das in derselben Kategorie wie Hauptwohnsitz-Verlegung in ausl\u00e4ndische Steueroasen: zwar legal, aber&#8230; Wer moralisch wertet, fragt auch: Warum hat Sch\u00e4ubles Finanzministerium diese L\u00fccke, die jahrelang bekannt war, nicht umgehend gestopft? Warum wurde weiterhin jahrelang sehenden Auges Geld anderer Steuerzahler zum Fenster hinaus geworfen?<\/p>\n<p style=\"text-align: justify;\">Und da komme ich zur Frage der geistigen Aktivit\u00e4t: Laut Bericht eines TV-Magazins war diese Materie so kompliziert, dass es selbst im Ministerium an Sachverstand fehlte, um Durchblick zu bekommen und Abhilfe zu schaffen. Der Sachverstand scheint aber bei Finanzfachleuten in der Wirtschaft vorhanden gewesen zu sein, als sie ihren Kunden die L\u00fccke nutzbar machten. Warum nicht im Ministerium? Man k\u00f6nnte sarkastisch anmerken: Da hatten wohl die externen Fachleute wieder an einem Gesetzesentwurf mitgeschrieben und auf kurzem Dienstweg erfolgreich Lobbyarbeit betrieben. Ihr Text, den im Ministerium keiner richtig verstand, wurde dann Gesetzesvorlage und vom (ebenso wenig durchblickenden) Parlament abgesegnet.<\/p>\n<p style=\"text-align: justify;\">[Zwischenfrage: Kann es sein, dass unsere besten Leute eher in gut bezahlte Positionen in der Wirtschaft einr\u00fccken, statt weniger gut bezahlte politische \u00c4mter und Funktionen zu \u00fcbernehmen?]<\/p>\n<p style=\"text-align: justify;\">Wer will da die Schuld einseitig verteilen? Nat\u00fcrlich ist so etwas dem breiteren Publikum nicht zu vermitteln. Das schreit ja heute ohnehin immer lauter nach einfachen L\u00f6sungen, gern auch &#8222;postfaktischen&#8220;: Verschont uns mit komplizierten Sachverhalten&nbsp;\u2014 wir wollen Schwarz oder Wei\u00df, Schuldig oder Unschuldig h\u00f6ren, und zwar schnell! Sch\u00e4uble kann also schmunzeln, wenn Comedians und Satiriker auf Maschmeyer und Andere draufhauen und von anderen Mitwirkenden ablenken. Deshalb meine Bedenken: Oft artet selbst satirische Unterhaltung in den Medien in Ablenkung von wirklichen Problemen aus.<\/p>\n<p style=\"text-align: justify;\">Wir haben aber schon mehr als genug Ablenkung durch Informations\u00fcberflutung und Zerstreuung, unsere Aufmerksamkeit wird st\u00e4ndig auf etwas Neues oder Anderes gezogen, sodass kaum jemand mehr Pause macht und die Dinge ordnet, einordnet und \u00fcberdenkt. Statt wohldurchdachte Fragen zu entwickeln und Zusammenh\u00e4nge zu verstehen (ach, wie m\u00fchsam!), fallen die Leute lieber auf allerlei gut klingende &#8222;Informationen&#8220; und sensationelle Verschw\u00f6rungstheorien herein. Am liebsten konsumieren sie zur Nachricht gleich die vorgegebene Meinung und deftige Emotionen mit (nach bekanntem VorBILD).<\/p>\n<p style=\"text-align: justify;\">Entschleunigung im Bereich Information und Medien t\u00e4te oft gut, statt immer der n\u00e4chsten Sau nachzurennen, die gerade wieder durch&#8217;s Dorf getrieben wird&#8230;&nbsp; als ginge es nur darum, kein Spektakel zu verpassen. \u00dcberspitzt formuliert: Die wollen uns nicht mehr informieren, die wollen nur noch Quote und Werbeeinnahmen steigern \u2014 im TV wie im Internet. Ich m\u00f6chte nicht wissen, wieviele interessante Meldungen im Mediengesch\u00e4ft untergehen, weil sie nicht unterhaltsam genug sind bzw. weil nicht die richtigen Bilder dazu gezeigt werden k\u00f6nnen (obwohl schon viele Leute Handy-Videos von schlimmen Unf\u00e4llen etc. an die Medien liefern).**<\/p>\n<p style=\"text-align: justify;\">Also: Was diese Website <span style=\"text-decoration: underline; color: #008000;\">fu-frechen.de<\/span> anzuregen versucht, wird hoffentlich aus den obigen Ausf\u00fchrungen deutlich. Ansonsten schaue man ins Impressum sowie in die Startseite, oder in die Unterseite <em>Clio<\/em> oder andere.<\/p>\n<p style=\"text-align: justify;\">In diesem Sinne: Ein gutes, ein an Fakten und klugen Einsichten interessiertes und orientiertes Neues Jahr 2017 allen BesucherInnen dieser Website!<\/p>\n<p>S. R.<\/p>\n<p style=\"text-align: justify;\">* mehr dazu &gt;<a href=\"http:\/\/www.handelsblatt.com\/finanzen\/steuern-recht\/steuern\/finanzrichter-zum-dividendenstripping-drohen-steuernachzahlungen-im-grossen-stil-\/9772524.html\">Finanzrichter zum Dividendenstripping: Drohen Steuernachzahlungen im gro\u00dfen Stil?<\/a><\/p>\n<p style=\"text-align: justify;\">** Wohltuend hebt sich davon Vieles ab, was man sich z.B. im Radio auf WDR 5 anh\u00f6ren kann \u2014 vorausgesetzt, man geh\u00f6rt zu den Menschen, die noch mit Konzentration und Geduld l\u00e4ngeren Wortbeitr\u00e4gen folgen wollen und k\u00f6nnen und zu Vielem mehr als nur eine Kurzmeldung wissen wollen. Schade, dass ein Sendekanal, der oft ausf\u00fchrlicher als jede Nachrichtensendung Hintergr\u00fcnde und Zusammenh\u00e4nge beleuchtet, de facto ein Minderheitenprogramm sendet. Es soll ja auch eine Menge Leute geben, die nicht in der Lage sind, den Sinn l\u00e4ngerer S\u00e4tze oder eines l\u00e4ngeren Textes zu erfassen. Von denen gehen aber auch viele w\u00e4hlen: eine leichte Beute f\u00fcr Stimmvieh-F\u00e4nger (ja, die mit den einfachen Weltbildern und einfachen L\u00f6sungen f\u00fcr Probleme, die in ihrer Komplexit\u00e4t von Vielen nicht einmal ansatzweise begriffen werden). Genau: Darum kleben sie in Wahlk\u00e4mpfen diese uns\u00e4glichen Plakate mit den simplen Slogans (die im Zweifel nichts aussagen)!<\/p>\n<p style=\"text-align: justify;\">\n<p><a href=\"https:\/\/www.fu-frechen.de\/wp-content\/uploads\/2013\/06\/13g+.jpg\"><img decoding=\"async\" loading=\"lazy\" class=\"aligncenter wp-image-256\" src=\"https:\/\/www.fu-frechen.de\/wp-content\/uploads\/2013\/06\/13g+-300x219.jpg\" alt=\"13g+\" width=\"129\" height=\"94\" srcset=\"https:\/\/www.fu-frechen.de\/wp-content\/uploads\/2013\/06\/13g+-300x219.jpg 300w, https:\/\/www.fu-frechen.de\/wp-content\/uploads\/2013\/06\/13g+-624x457.jpg 624w, https:\/\/www.fu-frechen.de\/wp-content\/uploads\/2013\/06\/13g+.jpg 864w\" sizes=\"(max-width: 129px) 100vw, 129px\" \/><\/a><\/p>\n","protected":false},"excerpt":{"rendered":"<p>Jahresr\u00fcckblicke 2016 gab es ja schon seit Anfang Dezember in verschiedenen Medien, anscheinend wollte da jeder der erste sein \u2014 so wie der Handel teils schon im September die Schokoladen-Nikol\u00e4use und -Weihnachtsm\u00e4nner anbietet. Mir pers\u00f6nlich gefiel der R\u00fcckblick von Dieter Nuhr ganz gut&nbsp;\u2014 obwohl auch er auf den billigen Gag mit dem nuschelnden Til Schweiger [&hellip;]<\/p>\n","protected":false},"author":3,"featured_media":0,"comment_status":"closed","ping_status":"open","sticky":false,"template":"","format":"standard","meta":[],"categories":[1],"tags":[419,446,421,417,416,415,413,412,414,422,420],"_links":{"self":[{"href":"https:\/\/www.fu-frechen.de\/index.php?rest_route=\/wp\/v2\/posts\/3398"}],"collection":[{"href":"https:\/\/www.fu-frechen.de\/index.php?rest_route=\/wp\/v2\/posts"}],"about":[{"href":"https:\/\/www.fu-frechen.de\/index.php?rest_route=\/wp\/v2\/types\/post"}],"author":[{"embeddable":true,"href":"https:\/\/www.fu-frechen.de\/index.php?rest_route=\/wp\/v2\/users\/3"}],"replies":[{"embeddable":true,"href":"https:\/\/www.fu-frechen.de\/index.php?rest_route=%2Fwp%2Fv2%2Fcomments&post=3398"}],"version-history":[{"count":22,"href":"https:\/\/www.fu-frechen.de\/index.php?rest_route=\/wp\/v2\/posts\/3398\/revisions"}],"predecessor-version":[{"id":6616,"href":"https:\/\/www.fu-frechen.de\/index.php?rest_route=\/wp\/v2\/posts\/3398\/revisions\/6616"}],"wp:attachment":[{"href":"https:\/\/www.fu-frechen.de\/index.php?rest_route=%2Fwp%2Fv2%2Fmedia&parent=3398"}],"wp:term":[{"taxonomy":"category","embeddable":true,"href":"https:\/\/www.fu-frechen.de\/index.php?rest_route=%2Fwp%2Fv2%2Fcategories&post=3398"},{"taxonomy":"post_tag","embeddable":true,"href":"https:\/\/www.fu-frechen.de\/index.php?rest_route=%2Fwp%2Fv2%2Ftags&post=3398"}],"curies":[{"name":"wp","href":"https:\/\/api.w.org\/{rel}","templated":true}]}}