{"id":3436,"date":"2017-01-29T17:39:46","date_gmt":"2017-01-29T16:39:46","guid":{"rendered":"http:\/\/www.fu-frechen.de\/?p=3436"},"modified":"2019-08-13T16:50:33","modified_gmt":"2019-08-13T14:50:33","slug":"zurueck-aus-der-winterpause","status":"publish","type":"post","link":"https:\/\/www.fu-frechen.de\/?p=3436","title":{"rendered":"Zur\u00fcck aus der Winterpause"},"content":{"rendered":"<p style=\"text-align: justify;\"><span style=\"color: #ff0000;\"><strong><a href=\"https:\/\/www.fu-frechen.de\/wp-content\/uploads\/2013\/07\/57.png\"><img decoding=\"async\" loading=\"lazy\" class=\"alignleft wp-image-1128\" src=\"https:\/\/www.fu-frechen.de\/wp-content\/uploads\/2013\/07\/57.png\" alt=\"57\" width=\"88\" height=\"135\" \/><\/a>Was bisher geschah:<\/strong><\/span> <a href=\"http:\/\/www.zeit.de\/video\/2017-01\/5300010962001\/usa-sieben-tage-trump\">http:\/\/www.zeit.de\/video\/2017-01\/5300010962001\/usa-sieben-tage-trump<\/a><br \/>\n<strong><span style=\"color: #008000;\">Dazu die Analyse des SR:<\/span><\/strong> Trump p\u00f6belt und verkauft sich als volksnah, hat aber keinen Plan und kann Politik nicht, Diplomatie schon gar nicht. Sein Unverm\u00f6gen sucht er zu einer St\u00e4rke zu machen und als &#8222;Kampf gegen das Establishment&#8220; auszugeben. Anscheinend kann er weder Politik noch pr\u00e4sidiales Verhalten, er kann aber Show und P\u00f6belei. Wider Erwarten Pr\u00e4sident geworden, reitet er erstmal sein Erfolgsrezept aus dem Wahlkampf weiter und hofft, dass ihm oder seinen Beratern schon noch was einf\u00e4llt, wenn es eng wird. Einstweilen twittert und schockiert, droht und beleidigt er weiter, schw\u00e4tzt \u00fcber Folter&#8230; Kann er noch einen draufsetzen? Vielleicht die Ank\u00fcndigung, die Sklaverei wieder einzuf\u00fchren?<\/p>\n<p style=\"text-align: justify;\">Trump blamiert die USA vor aller Welt: ein angeblich kaputtes Land, das auf seinen Retter Donald Trump gewartet hat. Haben die Amis das verdient? Mir tun sogar seine W\u00e4hler leid, die sich (noch?) mit markigen Worten zu ihm bekennen. Das andere Amerika, das Mutterland demokratischer Werte \u2014 vertreten z.B. durch <span style=\"color: #000000;\">Meryl Streep*<\/span> oder <span style=\"color: #000000;\">Michelle Obama**<\/span> \u2014 kann nur versuchen, auf Niveau und Distanz zu bleiben, um nicht mit Trump in einen (Nacht)topf geworfen zu werden&#8230;<\/p>\n<p style=\"text-align: justify;\"><span style=\"color: #3366ff;\"><strong>&#8222;Good night and good luck!&#8220;\u00a0<\/strong><\/span><\/p>\n<p style=\"text-align: justify;\">SR<\/p>\n<p style=\"text-align: justify;\">P.S.: Wenn Ihr scharf darauf seid, Euch fortan st\u00e4ndig \u00fcber den Obengenannten aufzuregen, dann seid Ihr hier falsch; denn der SR hat nicht vor, jeden Klops, Furz oder Aufreger, den Trump fast t\u00e4glich &#8218;raushaut, zu kommentieren. Daf\u00fcr ist der SR nicht zur\u00fcck aus der Winterpause. Wieso das? Einen guten Grund nennt dieser Kommentar:\u00a0<a href=\"http:\/\/www.tagesspiegel.de\/politik\/achterbahn-mit-dem-us-praesidenten-dauerempoerung-spielt-donald-trump-in-die-karten\/19317478.html\">Achterbahn mit dem US-Pr\u00e4sidenten: Daueremp\u00f6rung spielt Donald Trump in die Karten &#8211; Politik &#8211; Tagesspiegel<\/a> \u00a0 Es gibt genug andere wichtige Themen, und, bitte, bleibt besonnen!***<\/p>\n<p style=\"text-align: justify;\">__________________________________<\/p>\n<p style=\"text-align: justify;\">* Wer gut Englisch versteht, sehe und h\u00f6re ihre Rede auf der Verleihung des Golden Globe 2017, zu finden auf ihrer Homepage: <a href=\"http:\/\/www.merylstreeponline.net\/\">MSO: Meryl Streep Online<\/a> . \u00a0\u00a0 Ebenso beachtenswert ist &#8230;<\/p>\n<p style=\"text-align: justify;\">** Michelle Obamas Rede auf einer Wahlkampfveranstaltung Hillary Clintons im Oktober 2016: <a href=\"http:\/\/www.zeit.de\/politik\/ausland\/2016-08\/usa-wahlen-wahlkampf-american-short-stories\">http:\/\/www.zeit.de\/politik\/ausland\/2016-08\/usa-wahlen-wahlkampf-american-short-stories<\/a>\u00a0\u00a0 (man muss ein wenig scrollen, bis man den Beitrag mit dem Video im Artikel findet).<\/p>\n<p style=\"text-align: justify;\">*** Nachtrag vom 06.02.2017: Wer sich mit einer eher sachlichen Diskussion \u00fcber den Prollo im Wei\u00dfen Haus besch\u00e4ftigen m\u00f6chte, sei verwiesen auf &gt;<a href=\"http:\/\/www.spiegel.de\/kultur\/tv\/anne-will-zu-donald-trump-schleichender-staatsstreich-a-1133264.html\">&#8222;Anne Will&#8220; zu Donald Trump: &#8222;Angriff auf die Rechtsstaatlichkeit&#8220; &#8211; SPIEGEL ONLINE<\/a> Wer den Nerv daf\u00fcr hat, kann auch dort besserwisserische Wutkommentare aus der antidemokratischen Ecke finden. Aus psychologischer Sicht vielleicht interessant, aber muss man nicht lesen (Warum \u2014 siehe &gt;Startseite, Fu\u00dfnote zu Kommentaren im Netz).<\/p>\n<p style=\"text-align: justify;\"><a href=\"https:\/\/www.fu-frechen.de\/wp-content\/uploads\/2013\/06\/13g+.jpg\"><img decoding=\"async\" loading=\"lazy\" class=\"aligncenter wp-image-256\" src=\"https:\/\/www.fu-frechen.de\/wp-content\/uploads\/2013\/06\/13g+-300x219.jpg\" alt=\"13g+\" width=\"103\" height=\"75\" srcset=\"https:\/\/www.fu-frechen.de\/wp-content\/uploads\/2013\/06\/13g+-300x219.jpg 300w, https:\/\/www.fu-frechen.de\/wp-content\/uploads\/2013\/06\/13g+-624x457.jpg 624w, https:\/\/www.fu-frechen.de\/wp-content\/uploads\/2013\/06\/13g+.jpg 864w\" sizes=\"(max-width: 103px) 100vw, 103px\" \/><\/a><\/p>\n","protected":false},"excerpt":{"rendered":"<p>Was bisher geschah: http:\/\/www.zeit.de\/video\/2017-01\/5300010962001\/usa-sieben-tage-trump Dazu die Analyse des SR: Trump p\u00f6belt und verkauft sich als volksnah, hat aber keinen Plan und kann Politik nicht, Diplomatie schon gar nicht. Sein Unverm\u00f6gen sucht er zu einer St\u00e4rke zu machen und als &#8222;Kampf gegen das Establishment&#8220; auszugeben. Anscheinend kann er weder Politik noch pr\u00e4sidiales Verhalten, er kann aber [&hellip;]<\/p>\n","protected":false},"author":3,"featured_media":0,"comment_status":"closed","ping_status":"open","sticky":false,"template":"","format":"standard","meta":[],"categories":[1,534],"tags":[425,395,423,424],"_links":{"self":[{"href":"https:\/\/www.fu-frechen.de\/index.php?rest_route=\/wp\/v2\/posts\/3436"}],"collection":[{"href":"https:\/\/www.fu-frechen.de\/index.php?rest_route=\/wp\/v2\/posts"}],"about":[{"href":"https:\/\/www.fu-frechen.de\/index.php?rest_route=\/wp\/v2\/types\/post"}],"author":[{"embeddable":true,"href":"https:\/\/www.fu-frechen.de\/index.php?rest_route=\/wp\/v2\/users\/3"}],"replies":[{"embeddable":true,"href":"https:\/\/www.fu-frechen.de\/index.php?rest_route=%2Fwp%2Fv2%2Fcomments&post=3436"}],"version-history":[{"count":19,"href":"https:\/\/www.fu-frechen.de\/index.php?rest_route=\/wp\/v2\/posts\/3436\/revisions"}],"predecessor-version":[{"id":5545,"href":"https:\/\/www.fu-frechen.de\/index.php?rest_route=\/wp\/v2\/posts\/3436\/revisions\/5545"}],"wp:attachment":[{"href":"https:\/\/www.fu-frechen.de\/index.php?rest_route=%2Fwp%2Fv2%2Fmedia&parent=3436"}],"wp:term":[{"taxonomy":"category","embeddable":true,"href":"https:\/\/www.fu-frechen.de\/index.php?rest_route=%2Fwp%2Fv2%2Fcategories&post=3436"},{"taxonomy":"post_tag","embeddable":true,"href":"https:\/\/www.fu-frechen.de\/index.php?rest_route=%2Fwp%2Fv2%2Ftags&post=3436"}],"curies":[{"name":"wp","href":"https:\/\/api.w.org\/{rel}","templated":true}]}}