{"id":3480,"date":"2017-02-26T23:15:03","date_gmt":"2017-02-26T22:15:03","guid":{"rendered":"http:\/\/www.fu-frechen.de\/?p=3480"},"modified":"2020-02-16T20:37:43","modified_gmt":"2020-02-16T19:37:43","slug":"3480","status":"publish","type":"post","link":"https:\/\/www.fu-frechen.de\/?p=3480","title":{"rendered":"Geld, lange Yachten, und Bildung"},"content":{"rendered":"<p style=\"text-align: justify;\"><strong><a href=\"https:\/\/www.fu-frechen.de\/wp-content\/uploads\/2017\/02\/2c.jpg\"><img decoding=\"async\" loading=\"lazy\" class=\"alignleft wp-image-3508\" src=\"https:\/\/www.fu-frechen.de\/wp-content\/uploads\/2017\/02\/2c-260x300.jpg\" alt=\"\" width=\"190\" height=\"219\" srcset=\"https:\/\/www.fu-frechen.de\/wp-content\/uploads\/2017\/02\/2c-260x300.jpg 260w, https:\/\/www.fu-frechen.de\/wp-content\/uploads\/2017\/02\/2c-768x887.jpg 768w, https:\/\/www.fu-frechen.de\/wp-content\/uploads\/2017\/02\/2c-887x1024.jpg 887w, https:\/\/www.fu-frechen.de\/wp-content\/uploads\/2017\/02\/2c-624x721.jpg 624w, https:\/\/www.fu-frechen.de\/wp-content\/uploads\/2017\/02\/2c.jpg 1060w\" sizes=\"(max-width: 190px) 100vw, 190px\" \/><\/a>D<\/strong>as Engagement verm\u00f6gender Leute f\u00fcr Bildung und soziale Projekte l\u00e4sst auf die Zukunft der Menschheit hoffen, die ansonsten d\u00fcster auss\u00e4he&#8230; z.B. indem die zunehmend Superreichen, abgekoppelt vom Leben der weniger Betuchten und Armen, sich nach dem Privatjet noch eine weitere, diesmal 42m lange Yacht leisten, weil der Nachbar eine 38m lange am Anleger vert\u00e4ut (und auch keine bessere Idee hat, wie er seine nicht ben\u00f6tigten zig Millionen ausgeben k\u00f6nnte). Aber lassen wir das schwere Leben der Superreichen beiseite und fragen uns, wie die \u00f6ffentlichen Aufgaben der Daseinsvorsorge von meist verschuldeten Gemeinden, St\u00e4dten, L\u00e4ndern und dem Bund finanziert werden sollen, wo doch st\u00e4ndig Geld in Steueroasen abflie\u00dft und die o.g. weniger betuchten und armen Steuerzahler* nicht beliebig hoch belastet werden k\u00f6nnen.<\/p>\n<p style=\"text-align: justify;\">Zur Daseinsvorsorge geh\u00f6ren das Gesundheitssystem, die Verkehrs-Infrastruktur, das Bildungswesen, die Trinkwasserversorgung, die Abwasserentsorgung und -kl\u00e4rung, und einiges mehr. Diese Dinge werden von Allen genutzt, aber nicht von Allen finanziert. (Wie das? Es gibt z.B. Firmen, die in Deutschland verdientes Geld nicht hier versteuern, aber gern die hier bereitstehende Infrastruktur nutzen.)<\/p>\n<p style=\"text-align: justify;\">Es ist ja erkl\u00e4rterma\u00dfen auch <strong>ein Anliegen der F.U.F.<\/strong>, Bildung und das Interesse daran zu f\u00f6rdern und zu ermuntern. Darum wird auf <span style=\"color: #0000ff;\">fu-frechen.de<\/span> Einiges an Information und Bildung\u00a0 geboten \u2014 kostenlos (und werbefrei!). Aber auch Andere tun was: Es gibt Stiftungen wie den<em> K\u00f6lner Gymnasial- und Stiftungsfond<\/em>, die dort unterst\u00fctzend wirken, wo finanzielle und soziale Hindernisse jungen Leuten sonst keine Chance lie\u00dfen, ihren Begabungen gem\u00e4\u00df Schule und Studium zu absolvieren.**<br \/>\nWir erinnern uns, dass wir regelm\u00e4\u00dfig in offiziellen Berichten lesen, wie sehr besonders in Deutschland Bildung und berufliche Karriere oft mit sozialer Herkunft zusammenh\u00e4ngen, also Menschen aus schwierigeren sozialen Verh\u00e4ltnissen oder &#8222;bildungsfernen Schichten&#8220; gegen Benachteiligungen und Vorurteile anzuk\u00e4mpfen haben und deutlich seltener &#8222;h\u00f6here&#8220; Bildung und beruflichen Aufstieg erreichen.<br \/>\nWo es in Elternh\u00e4usern (warum auch immer) an Anregung fehlt, m\u00fcssen vermehrt Anreiz und F\u00f6rderung von au\u00dfen dazu beitragen, dass Neugier und Wissensdurst junger Menschen nicht nur geweckt, sondern in anhaltende Lernmotivation gelenkt und gezielt gef\u00fcttert werden. Dazu ist offenbar das aktuelle deutsche Bildungssystem nicht fl\u00e4chendeckend in der Lage. (Und das war es schon nicht, <em>bevor<\/em> vermehrt Fl\u00fcchtlinge ihren Fu\u00df auf deutschen Boden setzten.)<br \/>\nKurzum, es tut nicht nur den Gef\u00f6rderten gut, sondern auf lange Sicht auch dem ganzen Land, wenn sich eine gebildete Schicht nicht nur st\u00e4ndig selbst reproduziert, sondern wenn <span style=\"color: #ff0000;\">Talente aus <em>allen<\/em> Schichten der Gesellschaft gef\u00f6rdert<\/span> und ausgebildet werden, sodass sie auch anspruchsvolle T\u00e4tigkeiten mit der erforderlichen Qualifikation aus\u00fcben k\u00f6nnen.<\/p>\n<p style=\"text-align: justify;\"><strong>Was wir unter &#8222;Bildung&#8220; verstehen<\/strong>, sollte noch einmal klargestellt werden: Es geht nicht allein um Grundlagen- und Fachwissen, das bestimmte Institutionen der Wirtschaft von Schulabg\u00e4ngern und Hochschulabsolventen erwarten. Zur Bildung geh\u00f6rt <em>auch<\/em> <em>Pers\u00f6nlichkeitsbildung<\/em>, also auch nicht speziell berufs- und laufbahnbezogene Qualifikationen, die zur menschlichen Entwicklung und Reife beitragen und dem Blick in die Welt einen weiteren Horizont geben, als es eine schmalspurige Ausbildung erm\u00f6glicht.<\/p>\n<p style=\"text-align: justify;\">Schlie\u00dflich liegt es auch im Interesse des Staates, dass seine heranwachsenden B\u00fcrgerInnen auch ein gewisses Ma\u00df an politischer Bildung mitbekommen, damit sie ihr Wahlrecht aus\u00fcben und sich ggf. sinnvoll politisch oder sozial engagieren k\u00f6nnen (sp\u00e4terer Ausbau dieser Bildung nicht ausgeschlossen).<\/p>\n<p style=\"text-align: justify;\">Sinnvolles Engagement f\u00fcr die Gesellschaft\/f\u00fcr die Allgemeinheit\/f\u00fcr Alle ist sogar manchen der o.g. Superreichen Einiges wert: Sie spenden f\u00fcr soziale Organisationen, gr\u00fcnden selbst Stiftungen, oder finanzieren direkt Schulen in benachteiligten Regionen, oder \u00e4hnliche Projekte. Das sind die Menschen, die den h\u00f6chsten Sinn des Lebens nicht im ma\u00dflosen Horten von Reicht\u00fcmern sehen. Bei denen hat die fr\u00fcher erfahrene Pers\u00f6nlichkeitsbildung zu der Einsicht gef\u00fchrt, dass es befriedigender sein kann, in die gl\u00fccklichen Augen einiger Menschen zu schauen, denen man helfen konnte, als dem uferlosen materiellen Egoismus zu fr\u00f6nen und eine kaum genutzte Hochseejacht am Kai d\u00fcmpeln zu lassen. ***<\/p>\n<p style=\"text-align: justify;\">W. R.<\/p>\n<p style=\"text-align: justify;\">* &#8222;Wieso arme Steuerzahler?&#8220; denkt jetzt vielleicht manch Eine\/r und meint, arme und arbeitslose Leute ohne Einkommen zahlten doch gar keine Steuern. Denkste! Gerade die \u00c4rmsten werden z.B. durch die Mehrwertsteuer stark belastet, die ja bei jedem Einkauf, jeder Handwerkerrechnung usw. f\u00e4llig ist. Die 19% MWSt zahlt in Deutschland auch der \u00c4rmste, wobei f\u00fcr bestimmte Waren der erm\u00e4\u00dfigte Steuersatz von 7% gilt. Sie wird auf jedem Kassenbon und jeder Rechnung gesondert ausgewiesen. Wer wenig im Portemonnaie hat und scharf rechnen muss, ist davon proportional h\u00e4rter getroffen als jemand, der gar nicht auf&#8217;s Geld schauen muss und immer Plus auf dem Konto hat. Denn anders als etwa die Einkommensteuer kennt die MWSt als Verbrauchssteuer keine Progression. \u00dcbrigens ist die Steuer- und Abgabenbelastung nach neuesten Berechnungen in Deutschland vergleichsweise hoch, und das trifft am meisten die niedrigen und mittleren Einkommen, insbesondere Alleinstehende des Mittelstandes (Das nur zur vollst\u00e4ndigen Information).<\/p>\n<p style=\"text-align: justify;\">** K\u00f6lner Stadt-Anzeiger, 22.02.2017, Ausgabe K\u00f6ln S. 28: C. Schminke, &#8222;Per Stiftung zum\u00a0 Studium&#8220;<\/p>\n<p>*** Dazu als Nachtrag am 06.11.2017 ein Kommentar: <a href=\"http:\/\/www.spiegel.de\/politik\/deutschland\/paradise-papers-zur-hoelle-mit-den-reichen-kolumne-a-1176640.html\">Paradise Papers: Zur H\u00f6lle mit den Reichen &#8211; Kolumne &#8211; SPIEGEL ONLINE<\/a><\/p>\n<p style=\"text-align: justify;\"><a href=\"https:\/\/www.fu-frechen.de\/wp-content\/uploads\/2013\/06\/13g+.jpg\"><img decoding=\"async\" loading=\"lazy\" class=\"aligncenter wp-image-256\" src=\"https:\/\/www.fu-frechen.de\/wp-content\/uploads\/2013\/06\/13g+-300x219.jpg\" alt=\"\" width=\"112\" height=\"82\" srcset=\"https:\/\/www.fu-frechen.de\/wp-content\/uploads\/2013\/06\/13g+-300x219.jpg 300w, https:\/\/www.fu-frechen.de\/wp-content\/uploads\/2013\/06\/13g+-624x457.jpg 624w, https:\/\/www.fu-frechen.de\/wp-content\/uploads\/2013\/06\/13g+.jpg 864w\" sizes=\"(max-width: 112px) 100vw, 112px\" \/><\/a><\/p>\n","protected":false},"excerpt":{"rendered":"<p>Das Engagement verm\u00f6gender Leute f\u00fcr Bildung und soziale Projekte l\u00e4sst auf die Zukunft der Menschheit hoffen, die ansonsten d\u00fcster auss\u00e4he&#8230; z.B. indem die zunehmend Superreichen, abgekoppelt vom Leben der weniger Betuchten und Armen, sich nach dem Privatjet noch eine weitere, diesmal 42m lange Yacht leisten, weil der Nachbar eine 38m lange am Anleger vert\u00e4ut (und [&hellip;]<\/p>\n","protected":false},"author":3,"featured_media":0,"comment_status":"closed","ping_status":"open","sticky":false,"template":"","format":"standard","meta":[],"categories":[1],"tags":[432,435,429,431,438,434,430],"_links":{"self":[{"href":"https:\/\/www.fu-frechen.de\/index.php?rest_route=\/wp\/v2\/posts\/3480"}],"collection":[{"href":"https:\/\/www.fu-frechen.de\/index.php?rest_route=\/wp\/v2\/posts"}],"about":[{"href":"https:\/\/www.fu-frechen.de\/index.php?rest_route=\/wp\/v2\/types\/post"}],"author":[{"embeddable":true,"href":"https:\/\/www.fu-frechen.de\/index.php?rest_route=\/wp\/v2\/users\/3"}],"replies":[{"embeddable":true,"href":"https:\/\/www.fu-frechen.de\/index.php?rest_route=%2Fwp%2Fv2%2Fcomments&post=3480"}],"version-history":[{"count":25,"href":"https:\/\/www.fu-frechen.de\/index.php?rest_route=\/wp\/v2\/posts\/3480\/revisions"}],"predecessor-version":[{"id":6211,"href":"https:\/\/www.fu-frechen.de\/index.php?rest_route=\/wp\/v2\/posts\/3480\/revisions\/6211"}],"wp:attachment":[{"href":"https:\/\/www.fu-frechen.de\/index.php?rest_route=%2Fwp%2Fv2%2Fmedia&parent=3480"}],"wp:term":[{"taxonomy":"category","embeddable":true,"href":"https:\/\/www.fu-frechen.de\/index.php?rest_route=%2Fwp%2Fv2%2Fcategories&post=3480"},{"taxonomy":"post_tag","embeddable":true,"href":"https:\/\/www.fu-frechen.de\/index.php?rest_route=%2Fwp%2Fv2%2Ftags&post=3480"}],"curies":[{"name":"wp","href":"https:\/\/api.w.org\/{rel}","templated":true}]}}