{"id":3558,"date":"2017-03-19T21:55:10","date_gmt":"2017-03-19T20:55:10","guid":{"rendered":"http:\/\/www.fu-frechen.de\/?p=3558"},"modified":"2019-12-11T18:12:57","modified_gmt":"2019-12-11T17:12:57","slug":"koeln-notizen-maerz-2017","status":"publish","type":"post","link":"https:\/\/www.fu-frechen.de\/?p=3558","title":{"rendered":"K\u00f6ln-Notizen M\u00e4rz-2017"},"content":{"rendered":"<p style=\"text-align: justify;\"><strong><a href=\"https:\/\/www.fu-frechen.de\/wp-content\/uploads\/2017\/03\/P1010795.jpg\"><img decoding=\"async\" loading=\"lazy\" class=\"alignleft size-medium wp-image-3564\" src=\"https:\/\/www.fu-frechen.de\/wp-content\/uploads\/2017\/03\/P1010795-300x269.jpg\" alt=\"\" width=\"300\" height=\"269\" srcset=\"https:\/\/www.fu-frechen.de\/wp-content\/uploads\/2017\/03\/P1010795-300x269.jpg 300w, https:\/\/www.fu-frechen.de\/wp-content\/uploads\/2017\/03\/P1010795-768x690.jpg 768w, https:\/\/www.fu-frechen.de\/wp-content\/uploads\/2017\/03\/P1010795-1024x919.jpg 1024w, https:\/\/www.fu-frechen.de\/wp-content\/uploads\/2017\/03\/P1010795-624x560.jpg 624w\" sizes=\"(max-width: 300px) 100vw, 300px\" \/><\/a>W<\/strong>\u00e4hrend die diesj\u00e4hrige LitCologne zu Ende ging, legte Oberb\u00fcrgermeisterin Henriette Reker feierlich am Eifelwall den Grundstein f\u00fcr den Neubau des Historischen Archivs der Stadt K\u00f6ln. Als erstes Stadtoberhaupt hatte sie am 3.3. auch an der Gedenkfeier f\u00fcr den Archiveinsturz und seine drei Opfer teilgenommen und dort gesprochen. Kurz zuvor hatte der Stadtrat die Schenkung des Hinweisschildes (s. Foto links) angenommen, das Mischa Kuball f\u00fcr den Einsturzort entworfen hatte.<br \/>\nAuf der Gedenkfeier wurde auch das St\u00fcck &#8222;K\u00f6lner Klagegesang&#8220; aufgef\u00fchrt; mehr dazu &gt;<a href=\"http:\/\/www.archivkomplex.de\/\">ArchivKomplex ist eine Webseite von K\u00fcnstlern und Architekten zum Archiveinsturz in K\u00f6ln<\/a>\u00a0\u00a0 Auch der S.R. der FUF wohnte der Feier bei und machte ein paar Fotos.<\/p>\n<p style=\"text-align: justify;\"><a href=\"https:\/\/www.fu-frechen.de\/wp-content\/uploads\/2017\/03\/P1010778.jpg\"><img decoding=\"async\" loading=\"lazy\" class=\"alignleft wp-image-3568\" src=\"https:\/\/www.fu-frechen.de\/wp-content\/uploads\/2017\/03\/P1010778-300x200.jpg\" alt=\"\" width=\"291\" height=\"194\" srcset=\"https:\/\/www.fu-frechen.de\/wp-content\/uploads\/2017\/03\/P1010778-300x200.jpg 300w, https:\/\/www.fu-frechen.de\/wp-content\/uploads\/2017\/03\/P1010778-768x512.jpg 768w, https:\/\/www.fu-frechen.de\/wp-content\/uploads\/2017\/03\/P1010778-1024x683.jpg 1024w, https:\/\/www.fu-frechen.de\/wp-content\/uploads\/2017\/03\/P1010778-624x416.jpg 624w\" sizes=\"(max-width: 291px) 100vw, 291px\" \/><\/a><a href=\"https:\/\/www.fu-frechen.de\/wp-content\/uploads\/2017\/03\/P1010785.jpg\"><img decoding=\"async\" loading=\"lazy\" class=\"alignright wp-image-3570\" src=\"https:\/\/www.fu-frechen.de\/wp-content\/uploads\/2017\/03\/P1010785-300x200.jpg\" alt=\"\" width=\"275\" height=\"183\" srcset=\"https:\/\/www.fu-frechen.de\/wp-content\/uploads\/2017\/03\/P1010785-300x200.jpg 300w, https:\/\/www.fu-frechen.de\/wp-content\/uploads\/2017\/03\/P1010785-768x512.jpg 768w, https:\/\/www.fu-frechen.de\/wp-content\/uploads\/2017\/03\/P1010785-1024x683.jpg 1024w, https:\/\/www.fu-frechen.de\/wp-content\/uploads\/2017\/03\/P1010785-624x416.jpg 624w\" sizes=\"(max-width: 275px) 100vw, 275px\" \/><\/a><\/p>\n<p style=\"text-align: justify;\">Da man immer von zwei Todesopfern des Einsturz h\u00f6rte, n\u00e4mlich den beiden jungen M\u00e4nnern Khalil (24) und Kevin (17), dabei aber ein weiterer Mensch vergessen wurde, der indirekt auch Opfer des Einsturzes war, brachte der K\u00f6lner Stadt-Anzeiger am 3.3. einen ausf\u00fchrlichen Nachruf auf Josefine Borcilo (84): Sie verlor zun\u00e4chst durch den Einsturz ihre Wohnung, wurde in einem Hotel untergebracht, verlor einige Tage sp\u00e4ter auch ihren Lebensmut und schied aus dem Leben, ohne die schon bereitstehende neue Wohnung zu beziehen. Mehr &gt; <a href=\"http:\/\/www.ksta.de\/koeln\/jahrestag-einsturz-stadtarchiv-josefine-borcilo--die-wunde-seele-vom-waidmarkt-25954344\">K\u00f6lner Stadtarchiv: Nachruf auf Josefine Borcilo: Die wunde Seele vom Waidmarkt kam nicht zur Ruhe | K\u00f6lner Stadt-Anzeiger<\/a><\/p>\n<p style=\"text-align: justify;\"><a href=\"https:\/\/www.fu-frechen.de\/wp-content\/uploads\/2017\/03\/P1010793.jpg\"><img decoding=\"async\" loading=\"lazy\" class=\"alignleft wp-image-3569\" src=\"https:\/\/www.fu-frechen.de\/wp-content\/uploads\/2017\/03\/P1010793-300x200.jpg\" alt=\"\" width=\"287\" height=\"191\" srcset=\"https:\/\/www.fu-frechen.de\/wp-content\/uploads\/2017\/03\/P1010793-300x200.jpg 300w, https:\/\/www.fu-frechen.de\/wp-content\/uploads\/2017\/03\/P1010793-768x512.jpg 768w, https:\/\/www.fu-frechen.de\/wp-content\/uploads\/2017\/03\/P1010793-1024x683.jpg 1024w, https:\/\/www.fu-frechen.de\/wp-content\/uploads\/2017\/03\/P1010793-624x416.jpg 624w\" sizes=\"(max-width: 287px) 100vw, 287px\" \/><\/a><a href=\"https:\/\/www.fu-frechen.de\/wp-content\/uploads\/2017\/03\/P1010792.jpg\"><img decoding=\"async\" loading=\"lazy\" class=\"wp-image-3572 alignright\" src=\"https:\/\/www.fu-frechen.de\/wp-content\/uploads\/2017\/03\/P1010792-300x200.jpg\" alt=\"\" width=\"290\" height=\"193\" srcset=\"https:\/\/www.fu-frechen.de\/wp-content\/uploads\/2017\/03\/P1010792-300x200.jpg 300w, https:\/\/www.fu-frechen.de\/wp-content\/uploads\/2017\/03\/P1010792-768x512.jpg 768w, https:\/\/www.fu-frechen.de\/wp-content\/uploads\/2017\/03\/P1010792-1024x683.jpg 1024w, https:\/\/www.fu-frechen.de\/wp-content\/uploads\/2017\/03\/P1010792-624x416.jpg 624w\" sizes=\"(max-width: 290px) 100vw, 290px\" \/><\/a><\/p>\n<p style=\"text-align: justify;\">Foto oben links: 2 der (lesenswerten!) Infotafeln zum Ereignis 2009 (Bild anklicken!) &#8212;&#8211; rechts: Die Anwesenden lauschen dem &#8222;K\u00f6lner Klagegesang&#8220; w\u00e4hrend der Gedenkfeier am Einsturzort.<\/p>\n<p style=\"text-align: justify;\">S. R.<\/p>\n<p style=\"text-align: justify;\"><strong>Aktueller Nachtrag am 26.05.2017:<\/strong> Nach Berichten des K\u00f6lner Stadt-Anzeigers im Mai 2017 erhebt die Staatsanwaltschaft Anklage &#8222;wegen fahrl\u00e4ssiger T\u00f6tung und\u00a0 Baugef\u00e4hrdung&#8220; gegen mehrere Personen, die am Bau und an der Bauaufsicht beteiligt waren. Anscheinend f\u00fchrten unter Zeitdruck schlampig ausgef\u00fchrte Arbeiten an Teilen der Schlitzwand in \u00fcber 20m Tiefe sowie Vertuschung und mangelnde Kontrolle durch die Bauaufsicht zum Schlamm- und Ger\u00f6lleinbruch, der dem Stadtarchiv den Untergrund entzog und zum Einsturz f\u00fchrte. Mehr und Genaueres &gt;<a href=\"http:\/\/www.ksta.de\/koeln\/archiveinsturz-vorwuerfe-richten-sich-gegen-aufsichtsbehoerde-26966366\">Archiveinsturz K\u00f6ln: Vorw\u00fcrfe an Baufirma und K\u00f6lner Verkehrsbetriebe wegen Baugef\u00e4hrdung | K\u00f6lner Stadt-Anzeiger<\/a><\/p>\n<p><strong>Aktueller Nachtrag am 11.12.2019:<\/strong> Um auf dem Laufenden zu bleiben, hier ein Link zum Stand der Arbeiten am Neubau des K\u00f6lner Stadtarchivs &gt;<a href=\"https:\/\/www.ksta.de\/koeln\/luxemburger-strasse-koelns-neues-historisches-archiv-ist-erstmals-frei-sichtbar-33596546\">K\u00f6ln: Arbeiten am neuen Historischen Archiv schreiten voran | K\u00f6lner Stadt-Anzeiger<\/a><\/p>\n<p style=\"text-align: justify;\"><img decoding=\"async\" loading=\"lazy\" class=\"aligncenter wp-image-256\" src=\"https:\/\/www.fu-frechen.de\/wp-content\/uploads\/2013\/06\/13g+-300x219.jpg\" sizes=\"(max-width: 112px) 100vw, 112px\" srcset=\"https:\/\/www.fu-frechen.de\/wp-content\/uploads\/2013\/06\/13g+-300x219.jpg 300w, https:\/\/www.fu-frechen.de\/wp-content\/uploads\/2013\/06\/13g+-624x457.jpg 624w, https:\/\/www.fu-frechen.de\/wp-content\/uploads\/2013\/06\/13g+.jpg 864w\" alt=\"\" width=\"112\" height=\"82\" \/><\/p>\n","protected":false},"excerpt":{"rendered":"<p>W\u00e4hrend die diesj\u00e4hrige LitCologne zu Ende ging, legte Oberb\u00fcrgermeisterin Henriette Reker feierlich am Eifelwall den Grundstein f\u00fcr den Neubau des Historischen Archivs der Stadt K\u00f6ln. Als erstes Stadtoberhaupt hatte sie am 3.3. auch an der Gedenkfeier f\u00fcr den Archiveinsturz und seine drei Opfer teilgenommen und dort gesprochen. Kurz zuvor hatte der Stadtrat die Schenkung des [&hellip;]<\/p>\n","protected":false},"author":3,"featured_media":0,"comment_status":"closed","ping_status":"open","sticky":false,"template":"","format":"standard","meta":[],"categories":[1,11,436],"tags":[104,102,309,439,440],"_links":{"self":[{"href":"https:\/\/www.fu-frechen.de\/index.php?rest_route=\/wp\/v2\/posts\/3558"}],"collection":[{"href":"https:\/\/www.fu-frechen.de\/index.php?rest_route=\/wp\/v2\/posts"}],"about":[{"href":"https:\/\/www.fu-frechen.de\/index.php?rest_route=\/wp\/v2\/types\/post"}],"author":[{"embeddable":true,"href":"https:\/\/www.fu-frechen.de\/index.php?rest_route=\/wp\/v2\/users\/3"}],"replies":[{"embeddable":true,"href":"https:\/\/www.fu-frechen.de\/index.php?rest_route=%2Fwp%2Fv2%2Fcomments&post=3558"}],"version-history":[{"count":21,"href":"https:\/\/www.fu-frechen.de\/index.php?rest_route=\/wp\/v2\/posts\/3558\/revisions"}],"predecessor-version":[{"id":6032,"href":"https:\/\/www.fu-frechen.de\/index.php?rest_route=\/wp\/v2\/posts\/3558\/revisions\/6032"}],"wp:attachment":[{"href":"https:\/\/www.fu-frechen.de\/index.php?rest_route=%2Fwp%2Fv2%2Fmedia&parent=3558"}],"wp:term":[{"taxonomy":"category","embeddable":true,"href":"https:\/\/www.fu-frechen.de\/index.php?rest_route=%2Fwp%2Fv2%2Fcategories&post=3558"},{"taxonomy":"post_tag","embeddable":true,"href":"https:\/\/www.fu-frechen.de\/index.php?rest_route=%2Fwp%2Fv2%2Ftags&post=3558"}],"curies":[{"name":"wp","href":"https:\/\/api.w.org\/{rel}","templated":true}]}}