{"id":3560,"date":"2017-03-24T21:46:49","date_gmt":"2017-03-24T20:46:49","guid":{"rendered":"http:\/\/www.fu-frechen.de\/?p=3560"},"modified":"2019-08-13T16:43:57","modified_gmt":"2019-08-13T14:43:57","slug":"3560","status":"publish","type":"post","link":"https:\/\/www.fu-frechen.de\/?p=3560","title":{"rendered":"&#8222;Drah di net um&#8230;&#8220;"},"content":{"rendered":"<p style=\"text-align: justify;\"><strong><a href=\"https:\/\/www.fu-frechen.de\/wp-content\/uploads\/2017\/03\/9a-USA-TR.png\"><img decoding=\"async\" loading=\"lazy\" class=\"alignleft wp-image-3591\" src=\"https:\/\/www.fu-frechen.de\/wp-content\/uploads\/2017\/03\/9a-USA-TR-300x171.png\" alt=\"\" width=\"164\" height=\"93\" srcset=\"https:\/\/www.fu-frechen.de\/wp-content\/uploads\/2017\/03\/9a-USA-TR-300x171.png 300w, https:\/\/www.fu-frechen.de\/wp-content\/uploads\/2017\/03\/9a-USA-TR-768x437.png 768w, https:\/\/www.fu-frechen.de\/wp-content\/uploads\/2017\/03\/9a-USA-TR-1024x582.png 1024w, https:\/\/www.fu-frechen.de\/wp-content\/uploads\/2017\/03\/9a-USA-TR-624x355.png 624w, https:\/\/www.fu-frechen.de\/wp-content\/uploads\/2017\/03\/9a-USA-TR.png 1219w\" sizes=\"(max-width: 164px) 100vw, 164px\" \/><\/a>N<\/strong>och vor einigen Tagen dachte ich, Trump und Erdogan wetteiferten darum, wer von beiden das gr\u00f6\u00dfte Rumpelstilzchen in der Politik sei. Doch seit gestern muss ich zugeben: Erdogan liegt eindeutig vorn mit seiner Drohung an alle Europ\u00e4er, sie sollten sich in Acht nehmen, wenn sie raus auf die Stra\u00dfe gehen&#8230; <a href=\"https:\/\/www.msn.com\/de-de\/video\/nachrichten\/erdogan-droht-%e2%80%9ckein-europ%c3%a4er-wird-mehr-sicher-sein%e2%80%9d\/vi-BByBjMN\">Erdogan droht: \u201cKein Europ\u00e4er wird mehr sicher sein\u201d<\/a><br \/>\nDa kann man nur noch das Lied von Falco (leicht abgewandelt) singen: &#8222;Drah di net um, der Erdogan geht um&#8230;&#8220; Wobei der hier nicht den Kommissar, sondern eher den Mafia-Boss gibt.*<br \/>\nGar nicht lustig finden das mit Sicherheit alle, die in der T\u00fcrkei mit Urlaubern aus Europa Geld verdienen. Erdogan zieht die t\u00fcrkische Wirtschaft damit weiter nach unten.<\/p>\n<p style=\"text-align: justify;\">Mich beschleicht der Gedanke, dass wir diesem M\u00f6chtegern-Sultan eines Tages im R\u00fcckblick noch dankbar sein k\u00f6nnten, weil er das populistische &#8222;Starker-Mann&#8220;-Schema derma\u00dfen \u00fcberstrapaziert und ad absurdum f\u00fchrt, dass man es nur noch l\u00e4cherlich finden kann.<\/p>\n<p style=\"text-align: justify;\">Erdogans schon l\u00e4ngst autokratisches Regieren hat zwar die Gef\u00e4ngnisse statt mit Kriminellen mit politischen Gefangenen gef\u00fcllt, aber den Terror hat er im Lande weder verhindert noch besiegt (Sogar der russische Botschafter wurde im Dezember 2016 auf offener B\u00fchne ermordet). By the way: Wie nennt man eigentlich jemanden, der die Bev\u00f6lkerung der ganzen EU bedroht? Dieser Mann ist doch wohl mit dem Ausdruck zu bezeichnen, mit dem er selbst so gern um sich wirft, um seine Kritiker zu kriminalisieren: Terrorist. Sorry, was denn sonst? \u2014<br \/>\n<a href=\"https:\/\/www.fu-frechen.de\/wp-content\/uploads\/2013\/11\/IMG_4434.jpg\"><img decoding=\"async\" loading=\"lazy\" class=\"alignleft wp-image-2876\" src=\"https:\/\/www.fu-frechen.de\/wp-content\/uploads\/2013\/11\/IMG_4434-300x210.jpg\" alt=\"\" width=\"112\" height=\"79\" srcset=\"https:\/\/www.fu-frechen.de\/wp-content\/uploads\/2013\/11\/IMG_4434-300x210.jpg 300w, https:\/\/www.fu-frechen.de\/wp-content\/uploads\/2013\/11\/IMG_4434-768x537.jpg 768w, https:\/\/www.fu-frechen.de\/wp-content\/uploads\/2013\/11\/IMG_4434-1024x716.jpg 1024w, https:\/\/www.fu-frechen.de\/wp-content\/uploads\/2013\/11\/IMG_4434-624x436.jpg 624w\" sizes=\"(max-width: 112px) 100vw, 112px\" \/><\/a>Unser neuer Bundespr\u00e4sident Frank-Walter Steinmeier hat am 22.3.2017 in seiner Antrittsrede im Bundestag klare Worte gesprochen. Gut so! Die ganze Rede zum Nachlesen &gt;<a href=\"http:\/\/www.sueddeutsche.de\/politik\/bundespraesident-steinmeiers-antrittsrede-im-wortlaut-1.3431426\">Steinmeiers Antrittsrede im Wortlaut &#8211; Politik &#8211; S\u00fcddeutsche.de<\/a><\/p>\n<p>W. R. (ein Europ\u00e4er)<\/p>\n<p>* Das Original kann man hier h\u00f6ren &gt;<a href=\"https:\/\/www.youtube.com\/watch?v=_w4Xulsjo5I\">Falco &#8211; Der Kommissar &#8211; YouTube<\/a><\/p>\n<p style=\"text-align: justify;\"><strong><em>Nachtrag<\/em><\/strong> vom 23.04.2017: In den Rumpelstilzchen-Wettbewerb hat sich nun auch Nordkoreas Gottk\u00f6nig <strong>Kim Jong Un<\/strong> eingeschaltet. Er droht Australien mit dem Einsatz seiner Atomwaffen und zeigt sich als ein Vertreter des Diktatorentyps &#8222;Kraftmeier&amp;Spr\u00fccheklopfer&#8220;. In der Sportart &#8222;Personenkult&#8220; ist er seit langem Weltmeister. Aber trotz der sch\u00f6nen Satire-Vorlagen sollte man nicht vergessen, dass er nach dem Vorbild Stalins keine starken Figuren neben sich duldet; und er versteht keinen Spa\u00df. Bei ihm gibt es z.B. auch einen Schie\u00dfbefehl auf Menschen, die seinem Machtbereich entfliehen wollen.<\/p>\n<p style=\"text-align: justify;\"><a href=\"https:\/\/www.fu-frechen.de\/wp-content\/uploads\/2013\/06\/13g+.jpg\"><img decoding=\"async\" loading=\"lazy\" class=\"aligncenter wp-image-256\" src=\"https:\/\/www.fu-frechen.de\/wp-content\/uploads\/2013\/06\/13g+-300x219.jpg\" alt=\"\" width=\"111\" height=\"81\" srcset=\"https:\/\/www.fu-frechen.de\/wp-content\/uploads\/2013\/06\/13g+-300x219.jpg 300w, https:\/\/www.fu-frechen.de\/wp-content\/uploads\/2013\/06\/13g+-624x457.jpg 624w, https:\/\/www.fu-frechen.de\/wp-content\/uploads\/2013\/06\/13g+.jpg 864w\" sizes=\"(max-width: 111px) 100vw, 111px\" \/><\/a><\/p>\n","protected":false},"excerpt":{"rendered":"<p>Noch vor einigen Tagen dachte ich, Trump und Erdogan wetteiferten darum, wer von beiden das gr\u00f6\u00dfte Rumpelstilzchen in der Politik sei. Doch seit gestern muss ich zugeben: Erdogan liegt eindeutig vorn mit seiner Drohung an alle Europ\u00e4er, sie sollten sich in Acht nehmen, wenn sie raus auf die Stra\u00dfe gehen&#8230; Erdogan droht: \u201cKein Europ\u00e4er wird [&hellip;]<\/p>\n","protected":false},"author":3,"featured_media":0,"comment_status":"closed","ping_status":"open","sticky":false,"template":"","format":"standard","meta":[],"categories":[1],"tags":[390,444,452,443,442,441],"_links":{"self":[{"href":"https:\/\/www.fu-frechen.de\/index.php?rest_route=\/wp\/v2\/posts\/3560"}],"collection":[{"href":"https:\/\/www.fu-frechen.de\/index.php?rest_route=\/wp\/v2\/posts"}],"about":[{"href":"https:\/\/www.fu-frechen.de\/index.php?rest_route=\/wp\/v2\/types\/post"}],"author":[{"embeddable":true,"href":"https:\/\/www.fu-frechen.de\/index.php?rest_route=\/wp\/v2\/users\/3"}],"replies":[{"embeddable":true,"href":"https:\/\/www.fu-frechen.de\/index.php?rest_route=%2Fwp%2Fv2%2Fcomments&post=3560"}],"version-history":[{"count":17,"href":"https:\/\/www.fu-frechen.de\/index.php?rest_route=\/wp\/v2\/posts\/3560\/revisions"}],"predecessor-version":[{"id":5542,"href":"https:\/\/www.fu-frechen.de\/index.php?rest_route=\/wp\/v2\/posts\/3560\/revisions\/5542"}],"wp:attachment":[{"href":"https:\/\/www.fu-frechen.de\/index.php?rest_route=%2Fwp%2Fv2%2Fmedia&parent=3560"}],"wp:term":[{"taxonomy":"category","embeddable":true,"href":"https:\/\/www.fu-frechen.de\/index.php?rest_route=%2Fwp%2Fv2%2Fcategories&post=3560"},{"taxonomy":"post_tag","embeddable":true,"href":"https:\/\/www.fu-frechen.de\/index.php?rest_route=%2Fwp%2Fv2%2Ftags&post=3560"}],"curies":[{"name":"wp","href":"https:\/\/api.w.org\/{rel}","templated":true}]}}