{"id":3620,"date":"2017-04-22T23:39:04","date_gmt":"2017-04-22T21:39:04","guid":{"rendered":"http:\/\/www.fu-frechen.de\/?p=3620"},"modified":"2017-09-08T21:44:26","modified_gmt":"2017-09-08T19:44:26","slug":"march-of-science","status":"publish","type":"post","link":"https:\/\/www.fu-frechen.de\/?p=3620","title":{"rendered":"March for Science"},"content":{"rendered":"<p style=\"text-align: justify;\"><strong><a href=\"https:\/\/www.fu-frechen.de\/wp-content\/uploads\/2017\/04\/3.jpg\"><img decoding=\"async\" loading=\"lazy\" class=\"alignleft wp-image-3638\" src=\"https:\/\/www.fu-frechen.de\/wp-content\/uploads\/2017\/04\/3-300x200.jpg\" alt=\"\" width=\"266\" height=\"177\" srcset=\"https:\/\/www.fu-frechen.de\/wp-content\/uploads\/2017\/04\/3-300x200.jpg 300w, https:\/\/www.fu-frechen.de\/wp-content\/uploads\/2017\/04\/3-768x512.jpg 768w, https:\/\/www.fu-frechen.de\/wp-content\/uploads\/2017\/04\/3-1024x683.jpg 1024w, https:\/\/www.fu-frechen.de\/wp-content\/uploads\/2017\/04\/3-624x416.jpg 624w\" sizes=\"(max-width: 266px) 100vw, 266px\" \/><\/a>A<\/strong>m 22.04.2017 kann die Freie Universit\u00e4t Frechen nicht umhin, auf den March for Science hinzuweisen: Das Thema <strong><em>Wissenschaft statt gef\u00fchlte Wahrheiten<\/em><\/strong> hat ja in letzter Zeit an Aktualit\u00e4t zugenommen. Wer f\u00fcr Bildung und Aufkl\u00e4rung ist, kann daher nur zustimmen, wenn gerade Demokraten auf die Bedeutung gesicherter Fakten verweisen. Mehr &gt;<a href=\"http:\/\/marchforscience.de\/\">Science March Germany<\/a><\/p>\n<p style=\"text-align: justify;\">Und es wurde dabei auch an Wissenschaftler appelliert, ihre Erkenntnisse nicht allein FachkollegInnen mitzuteilen, sondern sie mehr als bisher auch unters &#8222;Volk&#8220; zu bringen, d.h. in verst\u00e4ndlicher Form der Offentlichkeit zu kommunizieren.<\/p>\n<p style=\"text-align: justify;\">Es gibt in Deutschland (anders als in den angels\u00e4chsischen L\u00e4ndern) ja immer noch Vorbehalte dagegen, die hehre Wissenschaft allgemeinverst\u00e4ndlich zu publizieren. Man bleibt lieber im Elfenbeinturm einer in sich kreisenden Wissenschaft, wie es z.B. die Philosophie an den Universit\u00e4ten noch weitgehend ist. Wie sonst w\u00e4re zu erkl\u00e4ren, dass es Kritik an einem Mann wie <em>Richard David Precht<\/em> gab, der Philosophie auf verst\u00e4ndliche Sprache herunterbricht und sogar in phantastischer Weise in der Lage ist, lange, fundierte Vortr\u00e4ge frei, d.h. ohne Redepapier vor einem Saal-Publikum zu halten. Precht sitzt gelegentlich auch mal in einer Fernseh-Talkshow, und seine Redebeitr\u00e4ge sind so klar, verst\u00e4ndlich und begr\u00fcndet, dass er oft mit wenigen S\u00e4tzen das Thema der Sendung schon umfassend behandelt, w\u00e4hrend andere Teilnehmer sich z.T. in Phrasen ergehen und\/oder sich auf politisches Hickhack einlassen.<\/p>\n<p style=\"text-align: justify;\">Das musste bei dieser Gelegenheit einmal gesagt werden. Precht bekam wegen seiner Verdienste, Wissenschaft in einem guten Sinne zu popularisieren, f\u00fcr eins seiner fr\u00fcheren B\u00fccher bereits den Animus-Preis (siehe &gt;<em>F.U.F.-Bibliothek<\/em>).<\/p>\n<p style=\"text-align: justify;\">Ein Beispiel, wie wissenschaftliche Erkenntnisse in konkrete Praxis und produktives (im Gegensatz zu destruktivem) Verhalten umgesetzt werden k\u00f6nnen, findet sich hier: &gt;<a href=\"http:\/\/www.greenpeace.de\/bildung_lehrer\">Bildung f\u00fcr nachhaltige Entwicklung | Greenpeace<\/a><\/p>\n<p style=\"text-align: justify;\">Es geht also! Man muss nur aus dem schluffigen Trott des Altgewohnten herauskommen und an den richtigen Stellen Mut zur Ver\u00e4nderung aufbringen.<\/p>\n<p>W. R.<\/p>\n<p>\u00dcbrigens: Im Juni findet wieder die phil.cologne statt. Mehr &gt;<a href=\"https:\/\/www.philcologne.de\/\">Startseite | phil.cologne<\/a><\/p>\n<p><img decoding=\"async\" loading=\"lazy\" class=\"aligncenter wp-image-256\" src=\"https:\/\/www.fu-frechen.de\/wp-content\/uploads\/2013\/06\/13g+-300x219.jpg\" sizes=\"(max-width: 136px) 100vw, 136px\" srcset=\"https:\/\/www.fu-frechen.de\/wp-content\/uploads\/2013\/06\/13g+-300x219.jpg 300w, https:\/\/www.fu-frechen.de\/wp-content\/uploads\/2013\/06\/13g+-624x457.jpg 624w, https:\/\/www.fu-frechen.de\/wp-content\/uploads\/2013\/06\/13g+.jpg 864w\" alt=\"\" width=\"136\" height=\"99\" \/><\/p>\n","protected":false},"excerpt":{"rendered":"<p>Am 22.04.2017 kann die Freie Universit\u00e4t Frechen nicht umhin, auf den March for Science hinzuweisen: Das Thema Wissenschaft statt gef\u00fchlte Wahrheiten hat ja in letzter Zeit an Aktualit\u00e4t zugenommen. Wer f\u00fcr Bildung und Aufkl\u00e4rung ist, kann daher nur zustimmen, wenn gerade Demokraten auf die Bedeutung gesicherter Fakten verweisen. Mehr &gt;Science March Germany Und es wurde [&hellip;]<\/p>\n","protected":false},"author":3,"featured_media":0,"comment_status":"closed","ping_status":"open","sticky":false,"template":"","format":"standard","meta":[],"categories":[1],"tags":[447,459,449,454,450,139,460],"_links":{"self":[{"href":"https:\/\/www.fu-frechen.de\/index.php?rest_route=\/wp\/v2\/posts\/3620"}],"collection":[{"href":"https:\/\/www.fu-frechen.de\/index.php?rest_route=\/wp\/v2\/posts"}],"about":[{"href":"https:\/\/www.fu-frechen.de\/index.php?rest_route=\/wp\/v2\/types\/post"}],"author":[{"embeddable":true,"href":"https:\/\/www.fu-frechen.de\/index.php?rest_route=\/wp\/v2\/users\/3"}],"replies":[{"embeddable":true,"href":"https:\/\/www.fu-frechen.de\/index.php?rest_route=%2Fwp%2Fv2%2Fcomments&post=3620"}],"version-history":[{"count":20,"href":"https:\/\/www.fu-frechen.de\/index.php?rest_route=\/wp\/v2\/posts\/3620\/revisions"}],"predecessor-version":[{"id":3899,"href":"https:\/\/www.fu-frechen.de\/index.php?rest_route=\/wp\/v2\/posts\/3620\/revisions\/3899"}],"wp:attachment":[{"href":"https:\/\/www.fu-frechen.de\/index.php?rest_route=%2Fwp%2Fv2%2Fmedia&parent=3620"}],"wp:term":[{"taxonomy":"category","embeddable":true,"href":"https:\/\/www.fu-frechen.de\/index.php?rest_route=%2Fwp%2Fv2%2Fcategories&post=3620"},{"taxonomy":"post_tag","embeddable":true,"href":"https:\/\/www.fu-frechen.de\/index.php?rest_route=%2Fwp%2Fv2%2Ftags&post=3620"}],"curies":[{"name":"wp","href":"https:\/\/api.w.org\/{rel}","templated":true}]}}