{"id":3684,"date":"2017-05-11T10:50:58","date_gmt":"2017-05-11T08:50:58","guid":{"rendered":"http:\/\/www.fu-frechen.de\/?p=3684"},"modified":"2019-12-13T22:20:46","modified_gmt":"2019-12-13T21:20:46","slug":"homo-sapiens","status":"publish","type":"post","link":"https:\/\/www.fu-frechen.de\/?p=3684","title":{"rendered":"&#8222;Homo Sapiens&#8220;?"},"content":{"rendered":"<p style=\"text-align: justify;\"><strong><a href=\"https:\/\/www.fu-frechen.de\/wp-content\/uploads\/2017\/05\/32b.png\"><img decoding=\"async\" loading=\"lazy\" class=\"alignleft wp-image-3691\" src=\"https:\/\/www.fu-frechen.de\/wp-content\/uploads\/2017\/05\/32b-300x228.png\" alt=\"\" width=\"262\" height=\"199\" srcset=\"https:\/\/www.fu-frechen.de\/wp-content\/uploads\/2017\/05\/32b-300x228.png 300w, https:\/\/www.fu-frechen.de\/wp-content\/uploads\/2017\/05\/32b-768x584.png 768w, https:\/\/www.fu-frechen.de\/wp-content\/uploads\/2017\/05\/32b-1024x778.png 1024w, https:\/\/www.fu-frechen.de\/wp-content\/uploads\/2017\/05\/32b-624x474.png 624w\" sizes=\"(max-width: 262px) 100vw, 262px\" \/><\/a>D<\/strong>er Mensch h\u00e4ngt am Gewohnten, und deshalb ist er manchmal auch geistig tr\u00e4ge. Das muss Jeder zugeben, der auch nur einen Funken Selbstkritik aufbringen kann. So weigert der Mensch sich oft, Neues zur Kenntnis zu nehmen, und findet es zu m\u00fchsam, es in sein Weltbild zu integrieren. Manche empfinden es schon als Zumutung, ihre Meinung und ihr Urteil zu \u00fcberpr\u00fcfen, weil sie sich f\u00fcr unfehlbar halten (Alles Idioten au\u00dfer mir!).<br \/>\nInfolgedessen treffen wir oft Menschen an, die mental in vergangenen Zeiten h\u00e4ngengeblieben sind und die Ver\u00e4nderungen in der Welt erst leugnen, dann verurteilen; die sich kategorisch dagegen wehren, ihre l\u00e4ngst zu Vorurteilen verkrusteten Ansichten zu \u00fcberdenken. Das Ph\u00e4nomen kennt jeder, nimmt es aber meist nur an Anderen wahr.<br \/>\nAber es gibt Unterschiede: Die Hardcore-Rechthaber laufen z.B. in Pegida-Demos mit und fordern ein Zur\u00fcck in eine r\u00fcckw\u00e4rtsgewandte Utopie; sie sammeln Wehrmachts-Militaria und dekorieren damit die W\u00e4nde in ihrer Bundeswehr-Kaserne; sie fordern &#8222;Grenzen dicht!&#8220; und wettern gegen die Globalisierung; sie suchen Zuflucht in der scheinbar kuscheligen W\u00e4rme v\u00f6lkischen Bio-Deutschtums&#8230;<br \/>\nTypisch dabei ist, dass sie z.B. ausblenden, welche Vorteile auch sie pers\u00f6nlich durch Globalisierung und Einwanderung genie\u00dfen, dass Deutschland insgesamt von der EU wie vom zug\u00e4nglichen Weltmarkt ganz sch\u00f6n profitiert. (Toll, die T-Shirts f\u00fcr zwei Euro! Warum die bei uns so billig sind? Keine Ahnung.)<br \/>\nUnd sie blenden aus, welche teuer und blutig erkauften Erfahrungen wir Deutschen mit v\u00f6lkischen Vorstellungen, Rassismus, und nationalistischer \u00dcberheblichkeit gemacht haben.<br \/>\nDeshalb ist ihnen auch nicht klar, wie schnell man mit Retro-Parolen eine Diktatur der Mehrheit \u00fcber Minderheiten herbeireden kann, und wie schnell aus nationalistischem Ges\u00fclze und S\u00e4belrasseln eine Kriegsgefahr heraufziehen kann. Selbst Erfahrungen aus j\u00fcngster Vergangenheit wie im zerfallenen Jugoslawien in den 1990er Jahren werden da nicht zur Kenntnis genommen, gar nicht zu reden von der Krim und der Ost-Ukraine&#8230;<br \/>\nUnd wenn wir ins eigene Land schauen, dann graut es jedem Demokraten bei manchen \u00c4u\u00dferungen jenes Voll-Horst in Bayern und seinen Parteigenossen, und es gruselt ihm bei der wiederaufgew\u00e4rmten Diskussion um den Begriff &#8222;deutsche Leitkultur&#8220;, die, man glaubt es kaum (oder doch?), vom deutschen Innenminister entfacht wurde.<br \/>\nEs will einfach in manchen K\u00f6pfen nicht heimisch werden: Das Grundgesetz als demokratische Verfassung geht eben <em>nicht<\/em> von v\u00f6lkischen Leitgedanken aus, sondern ganz klar vom Prinzip der allgemeinen Menschenrechte, die f\u00fcr alle Menschen gelten. Das steht in Artikel 1 und ist n\u00e4her ausgef\u00fchrt in den folgenden Grundrechten. Da steht aber auch rein gar nichts von besonderer Bevorzugung biologischer oder anderer Merkmale.<br \/>\nDas ist den V\u00f6lkischen und Rechtsau\u00dfen nat\u00fcrlich ein Dorn im Auge, und deshalb versuchen sie, die Bundesrepublik als Staat ver\u00e4chtlich zu machen, w\u00e4rmen abgestandene Nazi-Parolen auf und zielen darauf ab, die Legitimation dieses Staates zu untergraben. Da kommen z.B. sogenannte Reichsb\u00fcrger daher und behaupten unverfroren, wir lebten juristisch noch im Deutschen Reich, und verspotten die BRD als &#8222;GmbH&#8220;. Nimmt man das ernst, muss man erkennen, dass sich da ein paar Besserwisser etwas zusammengestrickt haben und das als oberschlauen Durchblick verkaufen\u00a0\u2014 wohl wissend, dass 99% der Bev\u00f6lkerung das gar nicht \u00fcberpr\u00fcfen k\u00f6nnen und daher einige darauf hereinfallen werden, sofern es nur \u00fcberzeugend und laut vorgetragen wird.<br \/>\nWas f\u00fcr einen Staat wollen solche Leute? Einen, wo die Maschinengewehre rattern und alles in Scherben f\u00e4llt? Ja, geht&#8217;s euch zu gut?<br \/>\nWenn&#8217;s dem Esel zu wohl wird, geht er auf&#8217;s Eis. Dieser alte Spruch benennt die alte Erfahrung,<\/p>\n<div id=\"attachment_3771\" style=\"width: 221px\" class=\"wp-caption alignleft\"><a href=\"https:\/\/www.fu-frechen.de\/wp-content\/uploads\/2017\/05\/P1010664-2.jpg\"><img aria-describedby=\"caption-attachment-3771\" decoding=\"async\" loading=\"lazy\" class=\" wp-image-3771\" src=\"https:\/\/www.fu-frechen.de\/wp-content\/uploads\/2017\/05\/P1010664-2-300x196.jpg\" alt=\"\" width=\"211\" height=\"138\" srcset=\"https:\/\/www.fu-frechen.de\/wp-content\/uploads\/2017\/05\/P1010664-2-300x196.jpg 300w, https:\/\/www.fu-frechen.de\/wp-content\/uploads\/2017\/05\/P1010664-2-768x501.jpg 768w, https:\/\/www.fu-frechen.de\/wp-content\/uploads\/2017\/05\/P1010664-2-1024x669.jpg 1024w, https:\/\/www.fu-frechen.de\/wp-content\/uploads\/2017\/05\/P1010664-2-624x407.jpg 624w\" sizes=\"(max-width: 211px) 100vw, 211px\" \/><\/a><p id=\"caption-attachment-3771\" class=\"wp-caption-text\">Detail am Portal der Ringschule in Frechen (Oomssche Keramik)<\/p><\/div>\n<p style=\"text-align: justify;\">dass es immer Menschen gibt, die, sei es aus Langeweile oder Leichtsinn, zum Z\u00fcndeln neigen und dann sehen wollen, was passiert und wieviel Unheil sie anrichten.<br \/>\nUnd dazwischen rennen heutzutage noch ein paar Bl\u00f6diane herum, die alles mit dem Handy filmen wollen und den Rettungskr\u00e4ften schamlos im Wege stehen. Daran sieht man: Die Esel und Egoisten werden nicht alle. Im Zweifel hilft nur, konsequent dagegen einzuschreiten.<br \/>\nDer Mensch, von Wissenschaftlern vor langer Zeit &#8222;homo sapiens&#8220; getauft, hat eben so seine Defekte. Er mag ja &#8222;sapiens&#8220;, also weise oder wissend sein, oder, wie es auch hei\u00dft, &#8222;vernunftbegabt.&#8220; Aber diese Selbsteinsch\u00e4tzung hat eben auch ihre Defekte. Wissenschaftler vertreten seit Kurzem die Ansicht, dass wir nicht nur von unserem<em> Hirn<\/em> gesteuert werden, sondern auch von unserem <em>Darm.<\/em> Und dann setzen einige noch eins drauf und verk\u00fcnden, dass eine dritte Instanz auch noch mitredet: die <em>Darmbakterien<\/em>.<br \/>\nBis zu drei Gehirnen? So etwas kann einen schon ins Gr\u00fcbeln bringen. Wer h\u00e4tte nicht schon einmal gedacht, wie schwer es doch ist, alte Gewohnheiten abzulegen, und wer h\u00e4tte nicht schon einmal geseufzt, wenn er in mit viel Willensst\u00e4rke \u00fcberwundene Unarten zur\u00fcckfiel?<br \/>\nIst das jetzt eine Entschuldigung f\u00fcr alle Konservativen und Retro-Utopisten, und f\u00fcr alle, die sich \u00e4ndern wollten und es aufgegeben haben? Sollen wir uns ganz dem &#8222;Bauch&#8220; \u00fcberlassen, dem Darm und der Bakterien-Flora unsere Entscheidungen \u00fcberlassen (oder unterschieben)? Im Abendland war man einmal stolz auf die fortschrittlichen Denker, z.B. auf einen Descartes, der den Satz pr\u00e4gte: &#8222;Ich denke, also bin ich.&#8220; Sollen wir in Zukunft sagen: &#8222;Ich verdaue, also bin ich&#8220;?<br \/>\nDann wird man wom\u00f6glich im Abendland bald den lauten R\u00fclpser h\u00f6her sch\u00e4tzen als einen klugen Ausspruch. Na, dann Prost Mahlzeit! Dann k\u00f6nnen wir uns keine intelligenten Talkshows und Diskussionen mit einem gewissen geistigen Niveau mehr anh\u00f6ren, um &#8222;food for thought&#8220; mitzunehmen und uns am Mitdenken zu erfreuen, sondern dann wird zumindest das bayrische Fernsehen nur noch Dauer-Livesendungen aus den Bierzelten des Oktoberfestes ausstrahlen, das von irgendeinem Vollhorst er\u00f6ffnet wird mit den Worten &#8222;Ich r\u00fclpse, also bin ich&#8220; \u2014 und daf\u00fcr tosenden Applaus erntet.<\/p>\n<p style=\"text-align: justify;\">Bin ich jetzt zynisch, g\u00f6nne ich den Leuten ihr harmloses Vergn\u00fcgen nicht? I wo, ich habe eher eine Portion Mitleid mit den Menschen, sie sind mir nicht unsympathisch. Und: Ich schlie\u00dfe mich selbst nicht aus, wenn ich auf Defekte des Homo Sapiens hinweise. Mehr noch: Ich ziehe nicht einfach nur her \u00fcber Menschen, die in unserer Welt der Beschleunigung, des schnellen Wandels, der Informationsflut mental nicht Schritt halten und sich \u00fcberfordert f\u00fchlen. Ich versuche sie zu verstehen\u00a0\u2014 wie ich \u00fcberhaupt meist versuche, jemanden oder einen Sachverhalt zu verstehen, ehe ich dar\u00fcber urteile. Und schlie\u00dflich bin ich selbst jemand, der noch im analogen Zeitalter aufgewachsen ist und sich nur z\u00f6gerlich mit der digitalen Welt anfreunden kann. Andererseits bin ich gewohnt, in Zusammenh\u00e4ngen zu denken und Vieles zu hinterfragen. Und mich nicht nur f\u00fcr ein Schmalspur-Thema zu interessieren. So verschaffe ich mir einen weiteren Horizont. Doch manchmal beneide ich fast diejenigen Leute, die scheinbar unbelastet von Wissen und Gr\u00fcbeln ganz unmittelbar das Leben genie\u00dfen. Als Rheinl\u00e4nder kann ich das mit Hilfe von Alkohol im Karneval ganz gut. Aber sonst?<\/p>\n<p style=\"text-align: justify;\">Der Rheinl\u00e4nder Konrad Adenauer sagte einmal den weisen und zugleich pragmatischen Satz: &#8222;Man muss die Menschen nehmen, wie sie sind. Andere haben wir nicht.&#8220; Also muss man auch den Homo Sapiens nehmen, wie er mit gewissen Defekten ist, oder soll man besser sagen: wie er mit seinem Darm und seinen Bakterien ist. Und mit seiner Portion Selbst\u00fcbersch\u00e4tzung und Egozentrik. Und dass er am Gewohnten h\u00e4ngt, weil ihn Ver\u00e4nderungen manchmal \u00e4ngstigen, oder schlicht \u00fcberfordern.<\/p>\n<p>W. R.<\/p>\n<p style=\"text-align: justify;\"><em>Nachtrag 15.05.17:<\/em> Weil der Mensch am Gewohnten h\u00e4ngt, m\u00fcsste er sich eigentlich viel mehr Sorgen um seine Umwelt machen, die Klimaver\u00e4nderung m\u00fcsste ihn \u00e4ngstigen \u2014 doch leider scheint es ihn zu \u00fcberfordern, die globalen Zusammenh\u00e4nge wahrzunehmen und sein eigenes, kleines Umfeld gedanklich ins gro\u00dfe Ganze einzuordnen.<\/p>\n<p style=\"text-align: justify;\">Es gibt auch zuviele Ablenkungen, die ihn am ruhigen, gr\u00fcndlichen Nachdenken hindern, und es gibt egoistische Profitinteressen, die langfristiges, vorausschauendes und nachhaltiges Planen und Handeln bei uns Konsumenten sabotieren, um schnelle Gewinne zu machen. Und es gibt den uns\u00e4glichen Donald Trump, Prototyp eines dummschw\u00e4tzenden Populisten und Egozentrikers, dem v\u00f6llig egal ist, welchen Mist er den Leuten erz\u00e4hlt, wenn sie ihn nur w\u00e4hlen.<\/p>\n<p style=\"text-align: justify;\">Man muss erst sehen, dass Insekten immer weniger werden und kaum noch Bienen unsere Obstb\u00e4ume best\u00e4uben, damit bei einigen Menschen eine Warnlampe aufleuchtet. Der Rest tanzt weiter auf dem Vulkan und meint, das werde schon gut gehen, und man k\u00f6nne weitermachen wie bisher.<\/p>\n<p style=\"text-align: justify;\">Peter Berthold schreibt vorn in sein Buch <em>Unsere V\u00f6gel <\/em>(2017): &#8222;Dieses Buch ist all denjenigen gewidmet, die sich nicht entmutigen lassen, von unserer wunderbaren Natur so viel wie m\u00f6glich in die Zeit nach <em>homo horribilis<\/em> hin\u00fcberzuretten.&#8220; Mit <em>Homo horribilis<\/em> (schrecklicher Mensch) meint er den Teil der Art <em>homo sapiens<\/em>, der wie oben gesagt, unsensibel, gedankenlos und egoistisch die Natur mit F\u00fc\u00dfen tritt. Und er hofft offensichtlich, dass es eine Zukunft geben wird, in der <em>homo sapiens<\/em> seinen Verstand gebraucht und den hohen Wert der ihn umgebenden Natur erkennt, um sie zu schonen und zu bewahren, ehe das meiste davon zerst\u00f6rt ist.<\/p>\n<p style=\"text-align: justify;\">Arthur Schopenhauer schrieb bereits im 19. Jahrhundert: &#8222;In dieser Welt leben die Tiere in der H\u00f6lle, und die Menschen sind ihre Teufel.&#8220;<\/p>\n<div id=\"attachment_3772\" style=\"width: 190px\" class=\"wp-caption alignright\"><a href=\"https:\/\/www.fu-frechen.de\/wp-content\/uploads\/2017\/05\/6hdAfD-W\u00e4hler.jpg\"><img aria-describedby=\"caption-attachment-3772\" decoding=\"async\" loading=\"lazy\" class=\"size-medium wp-image-3772\" src=\"https:\/\/www.fu-frechen.de\/wp-content\/uploads\/2017\/05\/6hdAfD-W\u00e4hler-180x300.jpg\" alt=\"\" width=\"180\" height=\"300\" srcset=\"https:\/\/www.fu-frechen.de\/wp-content\/uploads\/2017\/05\/6hdAfD-W\u00e4hler-180x300.jpg 180w, https:\/\/www.fu-frechen.de\/wp-content\/uploads\/2017\/05\/6hdAfD-W\u00e4hler-768x1278.jpg 768w, https:\/\/www.fu-frechen.de\/wp-content\/uploads\/2017\/05\/6hdAfD-W\u00e4hler-615x1024.jpg 615w, https:\/\/www.fu-frechen.de\/wp-content\/uploads\/2017\/05\/6hdAfD-W\u00e4hler-624x1039.jpg 624w, https:\/\/www.fu-frechen.de\/wp-content\/uploads\/2017\/05\/6hdAfD-W\u00e4hler.jpg 1877w\" sizes=\"(max-width: 180px) 100vw, 180px\" \/><\/a><p id=\"caption-attachment-3772\" class=\"wp-caption-text\">Homo Sapiens hat alles im Griff.<em>..<br \/><\/em><\/p><\/div>\n<p style=\"text-align: justify;\">Egal ob Sie sich nun als homo sapiens sehen oder \u00fcberlegen, inwieweit Sie (zumindest aus der Sicht von Mitgesch\u00f6pfen) eher ein Teufel bzw. homo horribilis sind \u2014 Selbst\u00fcbersch\u00e4tzung ist der sicherste Weg in die (unbemerkte) Manipulation durch Andere. Wer glaubt, HerrIn seines\/ihres Willens und seiner\/ihrer Entscheidungen zu sein, sehe sich vor: Hochmut kommt vor dem Fall. Nicht nur Darm und Darmbakterien reden mit, es kommt vielleicht noch hinzu, dass Sie von au\u00dfen manipuliert werden. Ja, Sie, Sie da am Smartphone, und am Computer! Kann nicht sein, denken Sie, ich habe alles unter Kontrolle. Moment mal, vielleicht haben Sie noch nicht von Captology geh\u00f6rt, von den Methoden, Sie zu steuern, ohne dass Sie es bemerken: Sie sollen erst handeln, dann denken \u2014 oder das Denken gleich unterlassen. Mehr dazu &gt;<a href=\"http:\/\/www.spiegel.de\/wissenschaft\/technik\/digitale-ueberredungstechnik-laesst-menschen-nach-ihrer-pfeife-tanzen-a-1148463.html\">Digitale \u00dcberredungstechnik l\u00e4sst Menschen nach ihrer Pfeife tanzen &#8211; SPIEGEL ONLINE<\/a><\/p>\n<p style=\"text-align: justify;\"><a href=\"https:\/\/www.fu-frechen.de\/wp-content\/uploads\/2013\/06\/13g+.jpg\"><img decoding=\"async\" loading=\"lazy\" class=\"aligncenter wp-image-256\" src=\"https:\/\/www.fu-frechen.de\/wp-content\/uploads\/2013\/06\/13g+-300x219.jpg\" alt=\"\" width=\"128\" height=\"94\" srcset=\"https:\/\/www.fu-frechen.de\/wp-content\/uploads\/2013\/06\/13g+-300x219.jpg 300w, https:\/\/www.fu-frechen.de\/wp-content\/uploads\/2013\/06\/13g+-624x457.jpg 624w, https:\/\/www.fu-frechen.de\/wp-content\/uploads\/2013\/06\/13g+.jpg 864w\" sizes=\"(max-width: 128px) 100vw, 128px\" \/><\/a><\/p>\n","protected":false},"excerpt":{"rendered":"<p>Der Mensch h\u00e4ngt am Gewohnten, und deshalb ist er manchmal auch geistig tr\u00e4ge. Das muss Jeder zugeben, der auch nur einen Funken Selbstkritik aufbringen kann. So weigert der Mensch sich oft, Neues zur Kenntnis zu nehmen, und findet es zu m\u00fchsam, es in sein Weltbild zu integrieren. Manche empfinden es schon als Zumutung, ihre Meinung [&hellip;]<\/p>\n","protected":false},"author":3,"featured_media":0,"comment_status":"closed","ping_status":"open","sticky":false,"template":"","format":"standard","meta":[],"categories":[1,526],"tags":[411,457,315,461,455,456],"_links":{"self":[{"href":"https:\/\/www.fu-frechen.de\/index.php?rest_route=\/wp\/v2\/posts\/3684"}],"collection":[{"href":"https:\/\/www.fu-frechen.de\/index.php?rest_route=\/wp\/v2\/posts"}],"about":[{"href":"https:\/\/www.fu-frechen.de\/index.php?rest_route=\/wp\/v2\/types\/post"}],"author":[{"embeddable":true,"href":"https:\/\/www.fu-frechen.de\/index.php?rest_route=\/wp\/v2\/users\/3"}],"replies":[{"embeddable":true,"href":"https:\/\/www.fu-frechen.de\/index.php?rest_route=%2Fwp%2Fv2%2Fcomments&post=3684"}],"version-history":[{"count":28,"href":"https:\/\/www.fu-frechen.de\/index.php?rest_route=\/wp\/v2\/posts\/3684\/revisions"}],"predecessor-version":[{"id":6034,"href":"https:\/\/www.fu-frechen.de\/index.php?rest_route=\/wp\/v2\/posts\/3684\/revisions\/6034"}],"wp:attachment":[{"href":"https:\/\/www.fu-frechen.de\/index.php?rest_route=%2Fwp%2Fv2%2Fmedia&parent=3684"}],"wp:term":[{"taxonomy":"category","embeddable":true,"href":"https:\/\/www.fu-frechen.de\/index.php?rest_route=%2Fwp%2Fv2%2Fcategories&post=3684"},{"taxonomy":"post_tag","embeddable":true,"href":"https:\/\/www.fu-frechen.de\/index.php?rest_route=%2Fwp%2Fv2%2Ftags&post=3684"}],"curies":[{"name":"wp","href":"https:\/\/api.w.org\/{rel}","templated":true}]}}