{"id":3730,"date":"2017-07-08T21:18:13","date_gmt":"2017-07-08T19:18:13","guid":{"rendered":"http:\/\/www.fu-frechen.de\/?p=3730"},"modified":"2020-02-16T20:03:33","modified_gmt":"2020-02-16T19:03:33","slug":"hooligans-in-hamburg","status":"publish","type":"post","link":"https:\/\/www.fu-frechen.de\/?p=3730","title":{"rendered":"Hooligans in Hamburg"},"content":{"rendered":"<div id=\"attachment_3788\" style=\"width: 227px\" class=\"wp-caption alignright\"><a href=\"https:\/\/www.fu-frechen.de\/wp-content\/uploads\/2017\/07\/9u-viel-Gewalt-und-wenig-Hirn.jpg\"><img aria-describedby=\"caption-attachment-3788\" decoding=\"async\" loading=\"lazy\" class=\"wp-image-3788\" src=\"https:\/\/www.fu-frechen.de\/wp-content\/uploads\/2017\/07\/9u-viel-Gewalt-und-wenig-Hirn-289x300.jpg\" alt=\"\" width=\"217\" height=\"226\" srcset=\"https:\/\/www.fu-frechen.de\/wp-content\/uploads\/2017\/07\/9u-viel-Gewalt-und-wenig-Hirn-289x300.jpg 289w, https:\/\/www.fu-frechen.de\/wp-content\/uploads\/2017\/07\/9u-viel-Gewalt-und-wenig-Hirn-768x797.jpg 768w, https:\/\/www.fu-frechen.de\/wp-content\/uploads\/2017\/07\/9u-viel-Gewalt-und-wenig-Hirn-986x1024.jpg 986w, https:\/\/www.fu-frechen.de\/wp-content\/uploads\/2017\/07\/9u-viel-Gewalt-und-wenig-Hirn-624x648.jpg 624w, https:\/\/www.fu-frechen.de\/wp-content\/uploads\/2017\/07\/9u-viel-Gewalt-und-wenig-Hirn.jpg 1551w\" sizes=\"(max-width: 217px) 100vw, 217px\" \/><\/a><p id=\"caption-attachment-3788\" class=\"wp-caption-text\">\u00a0\u00a0\u00a0\u00a0\u00a0\u00a0\u00a0\u00a0\u00a0\u00a0 wenig Hirn und viel Gewalt<\/p><\/div>\n<p style=\"text-align: justify;\"><strong>D<\/strong>er G20-Gipfel in Hamburg geht zu Ende, Rauchschwaden der Ausschreitungen angereister Hooligans verfliegen, und der Streit um die richtige Polizei-Taktik geht weiter. Schon Tage zuvor beklagten sich Teilnehmer an Protest-Aktionen \u00fcber das Verhalten der Polizei. Doch lasse ich das nicht als Ausrede gelten, um das Verhalten der Hooligans vom &#8222;Schwarzen Block&#8220; zu rechtfertigen oder auch nur zu relativieren. Die Randale-Touristen haben mit Politik und begr\u00fcndetem Protest nichts am Hut. Das Demonstrationsrecht ist Teil des Rechts auf freie Meinungs\u00e4u\u00dferung und kein Freibrief f\u00fcr selbsternannte R\u00e4cher der Unzufriedenen und Benachteiligten, um brennend und pl\u00fcndernd durch Wohnstra\u00dfen zu ziehen und wahllos Eigentum auch &#8222;kleiner Leute&#8220; zu zerst\u00f6ren. Das ist pubert\u00e4re Gewaltt\u00e4tigkeit, die niemand als politische \u00c4u\u00dferung ernst nehmen kann. Mehr -&gt;<a href=\"https:\/\/daily.spiegel.de\/news\/gewalt-beim-g20-gipfel-kampf-den-zwerghasen-a-18684\">https:\/\/daily.spiegel.de\/news\/gewalt-beim-g20-gipfel-kampf-den-zwerghasen-a-18684<\/a><\/p>\n<p style=\"text-align: justify;\">Man w\u00fcsste gern mehr \u00fcber den ernstzunehmenden Protest, seine Anliegen, seine Begr\u00fcndungen.* Doch die Medien, na klar, bringen Bilder von Krawall und Gewalt, von der Kaperung der Demos durch vermummte Schwarzer-Block-K\u00e4mpfer, die so tun, als w\u00e4ren sie Teil des Protestes. Sind sie aber nicht. Sondern sie sind eher ein Anlass f\u00fcr die Polizei, den Protest insgesamt zu stoppen und aufzul\u00f6sen. Das f\u00fchrt zu falscher Frontbildung und macht den friedlichen Protest kaputt, er geht fast unter in den Medien.<br \/>\nSchon Wochen vor dem G20-Gipfel fanden konzertierte Anschl\u00e4ge auf Anlagen der Deutschen Bahn statt und behinderten den Zugverkehr f\u00fcr die Bev\u00f6lkerung. Was sollte das? Von einer auch nur ansatzweise verst\u00e4ndlichen Begr\u00fcndung habe ich nichts geh\u00f6rt. Aber mir war klar: Das ist kein politischer Protest, das ist nur Sabotage, wenn nicht im Ansatz schon Terrorismus, mit der simplen Begr\u00fcndung: &#8222;Wir k\u00f6nnen es, also machen wir es. Wen das trifft, interessiert uns nicht.&#8220; Sowas kann schon deshalb keine politische Aktion sein, weil man damit die Bev\u00f6lkerung nur gegen sich aufbringt. Wo ist der Unterschied zu den Hooligans in und an Fu\u00dfballstadien? Die wollen auch nur Krawall und Gewalt als Selbstzweck. Und verursachen erh\u00f6hten Einsatz von Steuergeldern f\u00fcr Polizei-Eins\u00e4tze.<br \/>\nEs sieht aber nicht so aus, als k\u00f6nnte man den Adrenalin-Junkies unter den Hools mit Argumenten kommen. Vielleicht sind die zu sehr von ihrem Darm gesteuert (vgl. Beitrag &#8222;Homo Sapiens&#8220;?).<\/p>\n<p style=\"text-align: justify;\">W. R.<\/p>\n<p style=\"text-align: justify;\">* Wer nach den sachlichen Kritikpunkten am G20 fragt, erh\u00e4lt vielleicht Hinweise durch folgende Links:\u00a0 1. Interview mit\u00a0 Heike L\u00f6schmann von der Heinrich-B\u00f6ll-Stiftung &gt;<a href=\"http:\/\/www.heute.de\/heike-loeschmann-von-der-heinrich-boell-stiftung-kritisiert-um-heute.de-interview-die-g20-47495606.html\">G20-Kritik: &#8222;Ein Durchregieren der Gro\u00dfen und Starken&#8220; &#8211; heute-Nachrichten<\/a> ; 2. Statements auf der Attac-Homepage &gt;<a href=\"http:\/\/www.attac.de\/startseite\/\">Attac Deutschland &#8211; Startseite\u00a0&#8211; Attac Deutschland \u00a0&#8211; www.attac.de<\/a> \u00a0\u00a0 Dies zur Information, als Beispiele f\u00fcr die kritischen Standpunkte.<\/p>\n<p style=\"text-align: justify;\"><a href=\"https:\/\/www.fu-frechen.de\/wp-content\/uploads\/2013\/06\/13g+.jpg\"><img decoding=\"async\" loading=\"lazy\" class=\"aligncenter wp-image-256\" src=\"https:\/\/www.fu-frechen.de\/wp-content\/uploads\/2013\/06\/13g+-300x219.jpg\" alt=\"\" width=\"119\" height=\"87\" srcset=\"https:\/\/www.fu-frechen.de\/wp-content\/uploads\/2013\/06\/13g+-300x219.jpg 300w, https:\/\/www.fu-frechen.de\/wp-content\/uploads\/2013\/06\/13g+-624x457.jpg 624w, https:\/\/www.fu-frechen.de\/wp-content\/uploads\/2013\/06\/13g+.jpg 864w\" sizes=\"(max-width: 119px) 100vw, 119px\" \/><\/a><\/p>\n","protected":false},"excerpt":{"rendered":"<p>Der G20-Gipfel in Hamburg geht zu Ende, Rauchschwaden der Ausschreitungen angereister Hooligans verfliegen, und der Streit um die richtige Polizei-Taktik geht weiter. Schon Tage zuvor beklagten sich Teilnehmer an Protest-Aktionen \u00fcber das Verhalten der Polizei. Doch lasse ich das nicht als Ausrede gelten, um das Verhalten der Hooligans vom &#8222;Schwarzen Block&#8220; zu rechtfertigen oder auch [&hellip;]<\/p>\n","protected":false},"author":3,"featured_media":0,"comment_status":"closed","ping_status":"open","sticky":false,"template":"","format":"standard","meta":[],"categories":[1],"tags":[463,464,462],"_links":{"self":[{"href":"https:\/\/www.fu-frechen.de\/index.php?rest_route=\/wp\/v2\/posts\/3730"}],"collection":[{"href":"https:\/\/www.fu-frechen.de\/index.php?rest_route=\/wp\/v2\/posts"}],"about":[{"href":"https:\/\/www.fu-frechen.de\/index.php?rest_route=\/wp\/v2\/types\/post"}],"author":[{"embeddable":true,"href":"https:\/\/www.fu-frechen.de\/index.php?rest_route=\/wp\/v2\/users\/3"}],"replies":[{"embeddable":true,"href":"https:\/\/www.fu-frechen.de\/index.php?rest_route=%2Fwp%2Fv2%2Fcomments&post=3730"}],"version-history":[{"count":12,"href":"https:\/\/www.fu-frechen.de\/index.php?rest_route=\/wp\/v2\/posts\/3730\/revisions"}],"predecessor-version":[{"id":6210,"href":"https:\/\/www.fu-frechen.de\/index.php?rest_route=\/wp\/v2\/posts\/3730\/revisions\/6210"}],"wp:attachment":[{"href":"https:\/\/www.fu-frechen.de\/index.php?rest_route=%2Fwp%2Fv2%2Fmedia&parent=3730"}],"wp:term":[{"taxonomy":"category","embeddable":true,"href":"https:\/\/www.fu-frechen.de\/index.php?rest_route=%2Fwp%2Fv2%2Fcategories&post=3730"},{"taxonomy":"post_tag","embeddable":true,"href":"https:\/\/www.fu-frechen.de\/index.php?rest_route=%2Fwp%2Fv2%2Ftags&post=3730"}],"curies":[{"name":"wp","href":"https:\/\/api.w.org\/{rel}","templated":true}]}}