{"id":3754,"date":"2017-08-13T14:30:07","date_gmt":"2017-08-13T12:30:07","guid":{"rendered":"http:\/\/www.fu-frechen.de\/?p=3754"},"modified":"2018-01-17T00:38:58","modified_gmt":"2018-01-16T23:38:58","slug":"3754","status":"publish","type":"post","link":"https:\/\/www.fu-frechen.de\/?p=3754","title":{"rendered":"Reformation und Lutherjahr"},"content":{"rendered":"<div id=\"attachment_3759\" style=\"width: 176px\" class=\"wp-caption alignleft\"><a href=\"https:\/\/www.fu-frechen.de\/wp-content\/uploads\/2017\/08\/3a.jpg\"><img aria-describedby=\"caption-attachment-3759\" decoding=\"async\" loading=\"lazy\" class=\"size-medium wp-image-3759\" src=\"https:\/\/www.fu-frechen.de\/wp-content\/uploads\/2017\/08\/3a-166x300.jpg\" alt=\"\" width=\"166\" height=\"300\" srcset=\"https:\/\/www.fu-frechen.de\/wp-content\/uploads\/2017\/08\/3a-166x300.jpg 166w, https:\/\/www.fu-frechen.de\/wp-content\/uploads\/2017\/08\/3a-768x1388.jpg 768w, https:\/\/www.fu-frechen.de\/wp-content\/uploads\/2017\/08\/3a-567x1024.jpg 567w, https:\/\/www.fu-frechen.de\/wp-content\/uploads\/2017\/08\/3a-624x1128.jpg 624w, https:\/\/www.fu-frechen.de\/wp-content\/uploads\/2017\/08\/3a.jpg 1395w\" sizes=\"(max-width: 166px) 100vw, 166px\" \/><\/a><p id=\"caption-attachment-3759\" class=\"wp-caption-text\">Luther-Statue im Berliner Dom<\/p><\/div>\n<p style=\"text-align: justify;\">\u00a0<strong>I<\/strong>n diesem Jahr 2017 feiert Deutschland nicht nur das Jubil\u00e4um &#8222;500 Jahre Reformation&#8220;, die Stadt Frechen im Besonderen feiert auch &#8222;300 Jahre Evangelische Kirche in Frechen.&#8220; mehr &gt;<a href=\"http:\/\/www.kirche-frechen.de\/jubilaeumsjahr-2017-geschichte-im-ueberblick\/\">Jubil\u00e4umsjahr 2017 \u2013 Geschichte im \u00dcberblick &#8211; Evangelische Kirchengemeinde Frechen<\/a><\/p>\n<p style=\"text-align: justify;\">Wie nicht nur Historiker wissen, sind das keine rein religions- und kirchengeschichtlichen Daten\u00a0\u2014 vielmehr fand die Reformation in Deutschland (das es politisch nicht gab) wie auch im Rheinland in einem politischen Spannungsfeld statt; sie verwob sich untrennbar mit der politischen Entwicklung Europas, des Heiligen R\u00f6mischen Reiches, und der Territorien. Das zeigt sich auch beim Blick auf die konkrete Situation im Rheinland: K\u00f6ln, genauer: der Rat und die tonangebenden Familien der Freien Reichsstadt, wehrten sich mehrheitlich gegen den Geist der Reformation, sodass protestantisch gesinnte Menschen den Gottesdienst au\u00dferhalb K\u00f6lns aufsuchen mussten, in Frechen oder Bachem (das heute zu Frechen geh\u00f6rt). Dort hielt der Landesherr, der Herzog von J\u00fclich, seine sch\u00fctzende Hand \u00fcber die Minderheit der Evangelischen, und lie\u00df sie gew\u00e4hren.<\/p>\n<p style=\"text-align: justify;\">K\u00f6ln dagegen erwarb sich den Ruf der &#8222;papistischsten Stadt Deutschlands&#8220;, wo besonders die Universit\u00e4t im 16. Jahrhundert zur konservativen H\u00fcterin des Katholizismus wurde. Ein Versuch des Kurf\u00fcrsten des Erzstifts K\u00f6ln, sein Territorium in die Reformation zu f\u00fchren, m\u00fcndete in den Truchsessischen Krieg, der das Experiment beendete. Welche Gebiete katholisch und welche protestantisch blieben oder wurden, hing fortan von den politischen Machtverh\u00e4ltnissen ab. Die Untertanen durften ihre Konfession nicht frei w\u00e4hlen, sie mussten sie sogar wechseln, wenn der Landesherr es bestimmte. Selbst nach dem uns\u00e4glichen Drei\u00dfigj\u00e4hrigen Krieg (1618-48) blieb diese Regelung bestehen. Religi\u00f6se Toleranz kam erst sp\u00e4ter auf, etwa als in Preu\u00dfen ab 1740 K\u00f6nig Friedrich II. regierte.<\/p>\n<p style=\"text-align: justify;\">Als Luther 1517 seine 95 Thesen gegen den Ablasshandel und f\u00fcr eine Kirchenreform ver\u00f6ffentlichte, ging es um Glaubensfragen.* Das Jahr 1517 gilt als Beginn der Reformation, es ist ein Epochenjahr: Hier kam eine Bewegung in Gang, die Deutschland und Europa ver\u00e4nderte.<\/p>\n<div id=\"attachment_3763\" style=\"width: 310px\" class=\"wp-caption alignleft\"><a href=\"https:\/\/www.fu-frechen.de\/wp-content\/uploads\/2017\/08\/2c.jpg\"><img aria-describedby=\"caption-attachment-3763\" decoding=\"async\" loading=\"lazy\" class=\"size-medium wp-image-3763\" src=\"https:\/\/www.fu-frechen.de\/wp-content\/uploads\/2017\/08\/2c-300x133.jpg\" alt=\"\" width=\"300\" height=\"133\" srcset=\"https:\/\/www.fu-frechen.de\/wp-content\/uploads\/2017\/08\/2c-300x133.jpg 300w, https:\/\/www.fu-frechen.de\/wp-content\/uploads\/2017\/08\/2c-768x341.jpg 768w, https:\/\/www.fu-frechen.de\/wp-content\/uploads\/2017\/08\/2c-1024x454.jpg 1024w, https:\/\/www.fu-frechen.de\/wp-content\/uploads\/2017\/08\/2c-624x277.jpg 624w\" sizes=\"(max-width: 300px) 100vw, 300px\" \/><\/a><p id=\"caption-attachment-3763\" class=\"wp-caption-text\">Zeitungs-Ausriss zum Beginn des Luther-Jahres<\/p><\/div>\n<p style=\"text-align: justify;\">Geht uns nix an? Doch, zumindest haben wir in Deutschland einmalig in diesem Jubil\u00e4umsjahr 2017 einen zus\u00e4tzlichen allgemeinen Feiertag: den 31. Oktober, den Tag der Thesenver\u00f6ffentlichung, daher &#8222;Reformationstag&#8220;. \u00dcbrigens: Schon damals zeigte sich, was das neue Massenmedium des Buchdrucks bewirken konnte: Die Schriften Luthers wurden von Druckern eifrig ins Land getragen und hatten gro\u00dfen Anteil an der Verbreitung von Luthers Gedanken in der Bev\u00f6lkerung.<\/p>\n<p style=\"text-align: justify;\">W. R.<\/p>\n<p style=\"text-align: justify;\">* Noch immer streiten Wissenschaftler dar\u00fcber, ob Luther sein Thesenpapier an die T\u00fcr der Schlosskirche zu Wittenberg nagelte oder nicht. Fakt ist: Das Papier war Grundlage f\u00fcr eine akademische Disputation, und eine solche konnte durchaus im Kirchenraum stattfinden. Vorstellbar, dass die Thesen f\u00fcr Disputanten und Interessierte auch an der T\u00fcr befestigt wurden. Sie waren in Latein abgefasst und schon von daher an akademische Kreise gerichtet (An Universit\u00e4ten war die Unterrichtssprache bis ins 18. Jahrhundert Latein). Die Thesen selbst wurden auch nicht f\u00fcr ein breiteres Publikum gedruckt, erst sehr viel sp\u00e4ter erschien eine deutsche Version.<\/p>\n<p style=\"text-align: justify;\"><a href=\"https:\/\/www.fu-frechen.de\/wp-content\/uploads\/2013\/06\/13g+.jpg\"><img decoding=\"async\" loading=\"lazy\" class=\"aligncenter wp-image-256\" src=\"https:\/\/www.fu-frechen.de\/wp-content\/uploads\/2013\/06\/13g+-300x219.jpg\" alt=\"\" width=\"121\" height=\"88\" srcset=\"https:\/\/www.fu-frechen.de\/wp-content\/uploads\/2013\/06\/13g+-300x219.jpg 300w, https:\/\/www.fu-frechen.de\/wp-content\/uploads\/2013\/06\/13g+-624x457.jpg 624w, https:\/\/www.fu-frechen.de\/wp-content\/uploads\/2013\/06\/13g+.jpg 864w\" sizes=\"(max-width: 121px) 100vw, 121px\" \/><\/a><\/p>\n","protected":false},"excerpt":{"rendered":"<p>\u00a0In diesem Jahr 2017 feiert Deutschland nicht nur das Jubil\u00e4um &#8222;500 Jahre Reformation&#8220;, die Stadt Frechen im Besonderen feiert auch &#8222;300 Jahre Evangelische Kirche in Frechen.&#8220; mehr &gt;Jubil\u00e4umsjahr 2017 \u2013 Geschichte im \u00dcberblick &#8211; Evangelische Kirchengemeinde Frechen Wie nicht nur Historiker wissen, sind das keine rein religions- und kirchengeschichtlichen Daten\u00a0\u2014 vielmehr fand die Reformation in [&hellip;]<\/p>\n","protected":false},"author":3,"featured_media":0,"comment_status":"closed","ping_status":"open","sticky":false,"template":"","format":"standard","meta":[],"categories":[1,3],"tags":[466,467,468,99,465,131],"_links":{"self":[{"href":"https:\/\/www.fu-frechen.de\/index.php?rest_route=\/wp\/v2\/posts\/3754"}],"collection":[{"href":"https:\/\/www.fu-frechen.de\/index.php?rest_route=\/wp\/v2\/posts"}],"about":[{"href":"https:\/\/www.fu-frechen.de\/index.php?rest_route=\/wp\/v2\/types\/post"}],"author":[{"embeddable":true,"href":"https:\/\/www.fu-frechen.de\/index.php?rest_route=\/wp\/v2\/users\/3"}],"replies":[{"embeddable":true,"href":"https:\/\/www.fu-frechen.de\/index.php?rest_route=%2Fwp%2Fv2%2Fcomments&post=3754"}],"version-history":[{"count":12,"href":"https:\/\/www.fu-frechen.de\/index.php?rest_route=\/wp\/v2\/posts\/3754\/revisions"}],"predecessor-version":[{"id":4093,"href":"https:\/\/www.fu-frechen.de\/index.php?rest_route=\/wp\/v2\/posts\/3754\/revisions\/4093"}],"wp:attachment":[{"href":"https:\/\/www.fu-frechen.de\/index.php?rest_route=%2Fwp%2Fv2%2Fmedia&parent=3754"}],"wp:term":[{"taxonomy":"category","embeddable":true,"href":"https:\/\/www.fu-frechen.de\/index.php?rest_route=%2Fwp%2Fv2%2Fcategories&post=3754"},{"taxonomy":"post_tag","embeddable":true,"href":"https:\/\/www.fu-frechen.de\/index.php?rest_route=%2Fwp%2Fv2%2Ftags&post=3754"}],"curies":[{"name":"wp","href":"https:\/\/api.w.org\/{rel}","templated":true}]}}