{"id":4020,"date":"2017-11-27T23:50:43","date_gmt":"2017-11-27T22:50:43","guid":{"rendered":"http:\/\/www.fu-frechen.de\/?p=4020"},"modified":"2018-02-24T14:47:45","modified_gmt":"2018-02-24T13:47:45","slug":"bauernschlaeue-gegen-weitsicht","status":"publish","type":"post","link":"https:\/\/www.fu-frechen.de\/?p=4020","title":{"rendered":"Bauernschl\u00e4ue gegen Weitsicht"},"content":{"rendered":"<p style=\"text-align: justify;\"><strong>E<\/strong>s widerspricht eigentlich der erkl\u00e4rten Absicht und \u00fcblichen Praxis, hier im Blog die momentan aktuelle Tagespolitik zu kommentieren \u2014 aber diese Ausnahme muss sein.<\/p>\n<p style=\"text-align: justify;\">1. Der noch amtierende Landwirtschaftsminister der gesch\u00e4ftsf\u00fchrenden Bundesregierung &#8230; Ach, lesen Sie selbst diesen frischen Artikel hier, den ich Ihnen im Link anbiete, ein Sachartikel und zugleich berechtigter Kommentar: <a href=\"http:\/\/www.tagesspiegel.de\/politik\/streit-um-glyphosat-zustimmung-klientelpolitik-von-der-duemmsten-sorte\/20638232.html\">http:\/\/www.tagesspiegel.de\/politik\/streit-um-glyphosat-zustimmung-klientelpolitik-von-der-duemmsten-sorte\/20638232.html<\/a><br \/>\n2. Da wir gerade bei den aktuellen Nachrichten dieses Tages (27.11.2017) sind, erw\u00e4hne ich auch jene, wie ich glaube, ungute Entwicklung in der EU: In Osteuropa schlie\u00dfen Staaten Vertr\u00e4ge mit China, die zur Folge haben, dass die kommende Weltmacht mehr Einfluss in der EU bekommt&#8230;<br \/>\nWer glaubt, dass so etwas (\u21922.) die EU st\u00e4rke und enger zusammenbringe, der hat wohl noch keinen Arzttermin derhalben bekommen. Und wer dem CSU-Landwirtschaftsminister (\u21921.) glaubt, dass er rein sachlich und berechtigterweise in Br\u00fcssel f\u00fcr Glyphosat entschieden habe, der &#8230; (siehe oben).<\/p>\n<p>W. R. am Abend des 27. Nov. 2017<\/p>\n<p style=\"text-align: justify;\">P.S. Die \u00dcberschrift stellt indirekt die Frage: Sollen solche Politiker uns regieren d\u00fcrfen? Wollen wir uns das Treiben solcher Egoshooter und Trolls schweigend gefallen lassen? Ist denen <a href=\"https:\/\/www.fu-frechen.de\/wp-content\/uploads\/2013\/08\/19-e.jpg\"><img decoding=\"async\" loading=\"lazy\" class=\"alignleft wp-image-799\" src=\"https:\/\/www.fu-frechen.de\/wp-content\/uploads\/2013\/08\/19-e-241x300.jpg\" alt=\"\" width=\"119\" height=\"149\" srcset=\"https:\/\/www.fu-frechen.de\/wp-content\/uploads\/2013\/08\/19-e-241x300.jpg 241w, https:\/\/www.fu-frechen.de\/wp-content\/uploads\/2013\/08\/19-e.jpg 597w\" sizes=\"(max-width: 119px) 100vw, 119px\" \/><\/a>komplett entfallen, wof\u00fcr sie eigentlich gew\u00e4hlt und zust\u00e4ndig sind? Deutsche Politiker schw\u00f6ren im Amtseid, dass sie sich bem\u00fchen, &#8222;Schaden vom Volke abzuwenden&#8220;. Manche Politiker bei uns und anderswo haben da eine &#8222;flexiblere&#8220; Vorstellung von ihren Amtspflichten, wie in vielen L\u00e4ndern, in denen Machthaber ihre erste Pflicht darin sehen, sich selbst und ihre Anh\u00e4nger zu bedienen. Gut, in demokratisch verfassten Staaten ist mehr Kontrolle, in autokratischen von vorneherein mehr Willk\u00fcr m\u00f6glich. (Das spricht auf jeden Fall daf\u00fcr, die Demokratie nicht leichtfertig abzuschaffen, denn wer sich von einem autorit\u00e4ren System Besserung verspricht, muss sich eher auf das Gegenteil gefasst machen \u2014 wie zahlreiche Beispiele in Vergangenheit und Gegenwart zeigen.)<\/p>\n<p style=\"text-align: justify;\">P.P.S. (Nachtrag am 24.02.2018:) Ich warte immer noch darauf, dass endlich mehr Schaden vom Volke abgewendet wird. In Sachen Diesel- bzw. Verbrennungsmotor geht nichts voran, ebenso wenig in Sachen Klimaschutz. In Talkrunden im Fernsehen wird \u00fcber Koalitionen, Perspektiven f\u00fcr Parteien und Machtoptionen von Politikern debattiert&#8230; und ich h\u00f6re nichts von der Macht der Lobbyisten, die sowohl die Energie- wie die Landwirtschaftspolitik massiv beeinflussen, nicht zu reden von Waffenexporten usw. Welchen Spielraum f\u00fcr richtige Entscheidungen f\u00fcr die Bev\u00f6lkerung haben Politiker und Abgeordnete \u00fcberhaupt? Manchmal frage ich mich, ob da der Eine oder die Andere nur noch herumeiert, um zu kaschieren, dass er oder sie Lobby-Interessen vertritt.<\/p>\n<p style=\"text-align: justify;\">Selten tritt Einer so dummdreist auf wie Landwirtschaftsminister Schmidt am 27.11.2017: &#8222;So isser, der Schmidt.&#8220; Bleibt mir weg mit euren Argumenten f\u00fcr Mensch und Umwelt! Glyphosat ist gut (f\u00fcr den Profit der gro\u00dfagrarischen, industriellen Landwirtschaft).<\/p>\n<p style=\"text-align: justify;\">Dabei ist diese Verl\u00e4ngerung f\u00fcr Glyphosat-Zulassung ja nur ein Symptom, dahinter sieht man die ganze verfehlte Art zu wirtschaften, \u00fcber die die Politik ihre Hand h\u00e4lt. Vielf\u00e4ltige Sch\u00e4den f\u00fcr Natur und Umwelt werden billigend in Kauf genommen. Das betrifft uns alle. So werden z.B. die Wasserpreise f\u00fcr uns Endverbraucher erh\u00f6ht, weil die Wasserwerke immer mehr Aufwand f\u00fcr genie\u00dfbares Trinkwasser treiben m\u00fcssen. Wie das? Die Gro\u00dfbetriebe produzieren Unmengen G\u00fclle, die als D\u00fcnger auf die Felder gekippt werden und z.T. ins Grundwasser absinken. K\u00f6nnte man das \u00e4ndern?<\/p>\n<p style=\"text-align: justify;\">Wer jetzt \u00fcber Alternativen in der Politik nachdenkt, denkt vielleicht an Wahlplakate der AfD. Aber diese selbsternannte &#8222;Alternative f\u00fcr Deutschland&#8220; ist keine. Schaut euch nur an, was die zum Thema Umwelt und Klima bieten, dann wisst ihr Bescheid. Die versuchen, sich der Kohle- und Atomlobby an den Hals zu werfen. Also: Schlimmer geht&#8217;s immer, n\u00e4mlich mit denen. Passt blo\u00df auf, dass Ihr nicht aus blo\u00dfem Protest-Bauchgef\u00fchl Leute w\u00e4hlt, die uns lediglich noch mehr f\u00fcr dumm verkaufen wollen.<\/p>\n<p>&nbsp;<\/p>\n<p><img decoding=\"async\" loading=\"lazy\" class=\"aligncenter wp-image-256\" src=\"https:\/\/www.fu-frechen.de\/wp-content\/uploads\/2013\/06\/13g+-300x219.jpg\" sizes=\"(max-width: 108px) 100vw, 108px\" srcset=\"https:\/\/www.fu-frechen.de\/wp-content\/uploads\/2013\/06\/13g+-300x219.jpg 300w, https:\/\/www.fu-frechen.de\/wp-content\/uploads\/2013\/06\/13g+-624x457.jpg 624w, https:\/\/www.fu-frechen.de\/wp-content\/uploads\/2013\/06\/13g+.jpg 864w\" alt=\"\" width=\"108\" height=\"79\" \/><\/p>\n","protected":false},"excerpt":{"rendered":"<p>Es widerspricht eigentlich der erkl\u00e4rten Absicht und \u00fcblichen Praxis, hier im Blog die momentan aktuelle Tagespolitik zu kommentieren \u2014 aber diese Ausnahme muss sein. 1. Der noch amtierende Landwirtschaftsminister der gesch\u00e4ftsf\u00fchrenden Bundesregierung &#8230; Ach, lesen Sie selbst diesen frischen Artikel hier, den ich Ihnen im Link anbiete, ein Sachartikel und zugleich berechtigter Kommentar: http:\/\/www.tagesspiegel.de\/politik\/streit-um-glyphosat-zustimmung-klientelpolitik-von-der-duemmsten-sorte\/20638232.html 2. [&hellip;]<\/p>\n","protected":false},"author":3,"featured_media":0,"comment_status":"closed","ping_status":"open","sticky":false,"template":"","format":"standard","meta":[],"categories":[1],"tags":[342,490,489,493],"_links":{"self":[{"href":"https:\/\/www.fu-frechen.de\/index.php?rest_route=\/wp\/v2\/posts\/4020"}],"collection":[{"href":"https:\/\/www.fu-frechen.de\/index.php?rest_route=\/wp\/v2\/posts"}],"about":[{"href":"https:\/\/www.fu-frechen.de\/index.php?rest_route=\/wp\/v2\/types\/post"}],"author":[{"embeddable":true,"href":"https:\/\/www.fu-frechen.de\/index.php?rest_route=\/wp\/v2\/users\/3"}],"replies":[{"embeddable":true,"href":"https:\/\/www.fu-frechen.de\/index.php?rest_route=%2Fwp%2Fv2%2Fcomments&post=4020"}],"version-history":[{"count":11,"href":"https:\/\/www.fu-frechen.de\/index.php?rest_route=\/wp\/v2\/posts\/4020\/revisions"}],"predecessor-version":[{"id":4098,"href":"https:\/\/www.fu-frechen.de\/index.php?rest_route=\/wp\/v2\/posts\/4020\/revisions\/4098"}],"wp:attachment":[{"href":"https:\/\/www.fu-frechen.de\/index.php?rest_route=%2Fwp%2Fv2%2Fmedia&parent=4020"}],"wp:term":[{"taxonomy":"category","embeddable":true,"href":"https:\/\/www.fu-frechen.de\/index.php?rest_route=%2Fwp%2Fv2%2Fcategories&post=4020"},{"taxonomy":"post_tag","embeddable":true,"href":"https:\/\/www.fu-frechen.de\/index.php?rest_route=%2Fwp%2Fv2%2Ftags&post=4020"}],"curies":[{"name":"wp","href":"https:\/\/api.w.org\/{rel}","templated":true}]}}