{"id":4056,"date":"2017-12-27T15:08:38","date_gmt":"2017-12-27T14:08:38","guid":{"rendered":"http:\/\/www.fu-frechen.de\/?p=4056"},"modified":"2020-02-16T19:36:10","modified_gmt":"2020-02-16T18:36:10","slug":"donald-troll-und-sein-triviales-geheimnis","status":"publish","type":"post","link":"https:\/\/www.fu-frechen.de\/?p=4056","title":{"rendered":"Donald Troll und sein triviales Geheimnis"},"content":{"rendered":"<p style=\"text-align: justify;\"><strong>N<\/strong>ein, auf dieser Website gibt es keinen Jahresr\u00fcckblick 2017, und hier gibt es auch keine<a href=\"https:\/\/www.fu-frechen.de\/wp-content\/uploads\/2017\/12\/9t-T-Troll.jpg\"><img decoding=\"async\" loading=\"lazy\" class=\"alignright size-medium wp-image-4069\" src=\"https:\/\/www.fu-frechen.de\/wp-content\/uploads\/2017\/12\/9t-T-Troll-300x160.jpg\" alt=\"\" width=\"300\" height=\"160\" srcset=\"https:\/\/www.fu-frechen.de\/wp-content\/uploads\/2017\/12\/9t-T-Troll-300x160.jpg 300w, https:\/\/www.fu-frechen.de\/wp-content\/uploads\/2017\/12\/9t-T-Troll.jpg 374w\" sizes=\"(max-width: 300px) 100vw, 300px\" \/><\/a> st\u00e4ndigen Aufreger \u00fcber Donald Trumps Erg\u00fcsse und Verf\u00fcgungen. Warten wir weiter (vergebens?) auf vern\u00fcnftige \u00c4u\u00dferungen oder Direktiven von Trump! (Oder finden wir uns ab mit dem Kaschperl im Oval Office?) Wes Geistes Kind er ist, zeigte er gleich nach Amtsantritt u.a. mit seiner Anordnung, die <em>Vorh\u00e4nge im Oval Office<\/em> durch <em>goldene<\/em> zu ersetzen.<br \/>\nWer tiefer dar\u00fcber nachdenken will, wie ein Troll ins Wei\u00dfe Haus gew\u00e4hlt werden konnte, und warum er (wie der SR schon Anfang des Jahres bef\u00fcrchtete) einfach so weiter kaschpert, findet Anregung unter diesem Link: <a href=\"http:\/\/www.sueddeutsche.de\/kultur\/kaputt-amuesiert-wie-sich-die-unterhaltungskultur-die-amerikanische-politik-einverleibte-1.3641423\">(1)Donald Trump &#8211; Die USA haben sich kaputt am\u00fcsiert &#8211; Kultur &#8211; S\u00fcddeutsche.de<\/a> und auch hier: <a href=\"http:\/\/www.sueddeutsche.de\/digital\/faktenchecker-trump-laesst-sich-eine-gute-story-nicht-durch-fakten-kaputtmachen-1.3793256\">(2)Ein Faktenchecker erz\u00e4hlt von seinen Lieblingsl\u00fcgen &#8211; Digital &#8211; S\u00fcddeutsche.de<\/a><\/p>\n<p>So, nun habt Ihr erstmal genug &#8222;food for thought&#8220;. Ein gutes Jahr 2018 allen BesucherInnen w\u00fcnscht der<\/p>\n<p>SR<\/p>\n<p>Update am 23.12.2018: Link zu einem Kommentar\u00a0 <a href=\"https:\/\/www.tagesspiegel.de\/politik\/us-aussenpolitik-unter-trump-das-ende-aller-taeuschungen\/23794468.html\">US-Au\u00dfenpolitik unter Trump: Das Ende aller T\u00e4uschungen &#8211; Politik &#8211; Tagesspiegel<\/a><\/p>\n<p><a href=\"https:\/\/www.fu-frechen.de\/wp-content\/uploads\/2013\/06\/13g+.jpg\"><img decoding=\"async\" loading=\"lazy\" class=\"aligncenter wp-image-256\" src=\"https:\/\/www.fu-frechen.de\/wp-content\/uploads\/2013\/06\/13g+-300x219.jpg\" alt=\"\" width=\"112\" height=\"82\" srcset=\"https:\/\/www.fu-frechen.de\/wp-content\/uploads\/2013\/06\/13g+-300x219.jpg 300w, https:\/\/www.fu-frechen.de\/wp-content\/uploads\/2013\/06\/13g+-624x457.jpg 624w, https:\/\/www.fu-frechen.de\/wp-content\/uploads\/2013\/06\/13g+.jpg 864w\" sizes=\"(max-width: 112px) 100vw, 112px\" \/><\/a><\/p>\n","protected":false},"excerpt":{"rendered":"<p>Nein, auf dieser Website gibt es keinen Jahresr\u00fcckblick 2017, und hier gibt es auch keine st\u00e4ndigen Aufreger \u00fcber Donald Trumps Erg\u00fcsse und Verf\u00fcgungen. Warten wir weiter (vergebens?) auf vern\u00fcnftige \u00c4u\u00dferungen oder Direktiven von Trump! (Oder finden wir uns ab mit dem Kaschperl im Oval Office?) Wes Geistes Kind er ist, zeigte er gleich nach Amtsantritt [&hellip;]<\/p>\n","protected":false},"author":3,"featured_media":0,"comment_status":"closed","ping_status":"open","sticky":false,"template":"","format":"standard","meta":[],"categories":[1,534],"tags":[395],"_links":{"self":[{"href":"https:\/\/www.fu-frechen.de\/index.php?rest_route=\/wp\/v2\/posts\/4056"}],"collection":[{"href":"https:\/\/www.fu-frechen.de\/index.php?rest_route=\/wp\/v2\/posts"}],"about":[{"href":"https:\/\/www.fu-frechen.de\/index.php?rest_route=\/wp\/v2\/types\/post"}],"author":[{"embeddable":true,"href":"https:\/\/www.fu-frechen.de\/index.php?rest_route=\/wp\/v2\/users\/3"}],"replies":[{"embeddable":true,"href":"https:\/\/www.fu-frechen.de\/index.php?rest_route=%2Fwp%2Fv2%2Fcomments&post=4056"}],"version-history":[{"count":15,"href":"https:\/\/www.fu-frechen.de\/index.php?rest_route=\/wp\/v2\/posts\/4056\/revisions"}],"predecessor-version":[{"id":6205,"href":"https:\/\/www.fu-frechen.de\/index.php?rest_route=\/wp\/v2\/posts\/4056\/revisions\/6205"}],"wp:attachment":[{"href":"https:\/\/www.fu-frechen.de\/index.php?rest_route=%2Fwp%2Fv2%2Fmedia&parent=4056"}],"wp:term":[{"taxonomy":"category","embeddable":true,"href":"https:\/\/www.fu-frechen.de\/index.php?rest_route=%2Fwp%2Fv2%2Fcategories&post=4056"},{"taxonomy":"post_tag","embeddable":true,"href":"https:\/\/www.fu-frechen.de\/index.php?rest_route=%2Fwp%2Fv2%2Ftags&post=4056"}],"curies":[{"name":"wp","href":"https:\/\/api.w.org\/{rel}","templated":true}]}}