{"id":4101,"date":"2018-03-05T00:57:44","date_gmt":"2018-03-04T23:57:44","guid":{"rendered":"http:\/\/www.fu-frechen.de\/?p=4101"},"modified":"2020-02-16T19:33:46","modified_gmt":"2020-02-16T18:33:46","slug":"saubere-alternativen","status":"publish","type":"post","link":"https:\/\/www.fu-frechen.de\/?p=4101","title":{"rendered":"Saubere Alternativen"},"content":{"rendered":"<p style=\"text-align: justify;\"><strong>W<\/strong>ie der Grantler im Blog-Beitrag vom 22.08.2017 schon deutlich machte: Es ist haneb\u00fcchen, wie Autokonzerne und Regierung mit unserer<a href=\"https:\/\/www.fu-frechen.de\/wp-content\/uploads\/2018\/03\/P1000342_LI.jpg\"><img decoding=\"async\" loading=\"lazy\" class=\"wp-image-4102 alignright\" src=\"https:\/\/www.fu-frechen.de\/wp-content\/uploads\/2018\/03\/P1000342_LI-300x263.jpg\" alt=\"\" width=\"190\" height=\"167\" srcset=\"https:\/\/www.fu-frechen.de\/wp-content\/uploads\/2018\/03\/P1000342_LI-300x263.jpg 300w, https:\/\/www.fu-frechen.de\/wp-content\/uploads\/2018\/03\/P1000342_LI-768x672.jpg 768w, https:\/\/www.fu-frechen.de\/wp-content\/uploads\/2018\/03\/P1000342_LI-1024x896.jpg 1024w, https:\/\/www.fu-frechen.de\/wp-content\/uploads\/2018\/03\/P1000342_LI-624x546.jpg 624w\" sizes=\"(max-width: 190px) 100vw, 190px\" \/><\/a> Gesundheit Schindluder treiben, damit weiter Auspuffgase unsere Luft belasten k\u00f6nnen. \u00c4hnlich l\u00e4uft es auch bei der Verstromung der Braunkohle.<br \/>\nWas soll das f\u00fcr ein gro\u00dfer Fortschritt sein, den Elektroautos bringen? VW-Chef M\u00fcller meinte auf einmal, die Zukunft geh\u00f6re eher dem Elektro-Antrieb als dem Verbrennungsmotor. Nanu, so pl\u00f6tzlich? Und alle reden nun von der kommenden Elektro-Mobilit\u00e4t. Die ist angeblich alternativlos. Dabei ist der \u00f6kologische Fu\u00dfabdruck von jemandem, der ein E-Auto f\u00e4hrt, auch nicht so klein, wie man auf den ersten Blick hoffen m\u00f6chte. Mich erstaunt, dass weder aus Politikermund noch in den Medien von der Alternative Wasserstoff-Antrieb zu h\u00f6ren oder lesen ist. Solche Motoren (die es auch schon gibt) haben praktisch null sch\u00e4dliche Emissionen, da kommt nur Wasserdampf raus, der nicht einmal stinkt.<\/p>\n<p style=\"text-align: justify;\">Doch Achtung, zu meinem Erstaunen brachte k\u00fcrzlich die Club-Zeitschrift &#8222;ADAC-motorwelt&#8220; (Nr. 2\/2018, S. 22-24) einen Bericht \u00fcber ein neues Auto mit <em>Brennstoffzellentechnik<\/em>, das nur <em>Wasserstoff tankt<\/em>. Drei Autohersteller in Fernost haben bisher schon ein Modell mit dieser Technik im Programm.<\/p>\n<p style=\"text-align: justify;\">Der Artikel kritisierte, dass die Autoindustrie in Deutschland diese Alternative vernachl\u00e4ssigt. Dementsprechend wenig Tankstellen gibt es bisher im Lande. H\u00f6rt man etwa davon, dass &#8222;die Politik&#8220; Anreize schaffen will, um diese Technologie am Markt zu f\u00f6rdern? N\u00f6, alle reden vom E-Auto. Und neuerdings vom &#8222;autonomen Fahren&#8220;. Letzteres wird wohl als gro\u00dfe Gewinnaussicht betrachtet, die Leute sollen hei\u00df darauf gemacht werden. Ganz anders die oben erw\u00e4hnte Brennstoffzellentechnik, die wird beschwiegen. Vielleicht sucht man derweil nach Ausreden, um uns zu erkl\u00e4ren, warum man die Entwicklung dieser Technik nicht zu marktf\u00e4higen Autos vorantreibt. Das sind Richtungsentscheidungen in den Konzernzentralen: Deutsche Hersteller waren schon in den 1990er Jahren mit dieser Technik besch\u00e4ftigt, setzten dann aber ganz auf den Diesel\u00a0\u2014 und h\u00e4ngen jetzt zur\u00fcck.<\/p>\n<p style=\"text-align: justify;\">Mir stinkt&#8217;s! Da biege ich zu Fu\u00df aus einer Seitenstra\u00dfe in eine viel befahrene Stra\u00dfe ein, und starker Auspuffgestank dringt mir in die Nase. Wieso stinkt das hier so sehr? Nach kurzem Nachdenken geht mir ein Licht auf: Wir haben Temperaturen um Null Grad &#8211; da haben die Abschaltvorrichtungen nat\u00fcrlich die Abgasreinigung der Diesel abgeschaltet, und die Autos p\u00f6ffen alles raus, was der Motor hergibt. Au\u00dferdem: Viele fahren kurze Strecken, da kommt der Katalysator gar nicht erst zur Wirkung&#8230;<\/p>\n<p style=\"text-align: justify;\">Alles Augenwischerei: Unsere Autos fahren weitgehend ungefiltert herum, die Luft ist entsprechend schlecht an viel befahrenen Stra\u00dfen, besonders im Winter. Da kann man als Fu\u00dfg\u00e4nger nur flach atmen, als Autofahrer die Luftzufuhr von au\u00dfen schlie\u00dfen, und als Anwohner T\u00fcren und Fenster geschlossen halten.\u00a0 Besserung ist nicht in Sicht.<\/p>\n<p>W. R.<\/p>\n<p><img decoding=\"async\" loading=\"lazy\" class=\"aligncenter wp-image-256\" src=\"https:\/\/www.fu-frechen.de\/wp-content\/uploads\/2013\/06\/13g+-300x219.jpg\" sizes=\"(max-width: 112px) 100vw, 112px\" srcset=\"https:\/\/www.fu-frechen.de\/wp-content\/uploads\/2013\/06\/13g+-300x219.jpg 300w, https:\/\/www.fu-frechen.de\/wp-content\/uploads\/2013\/06\/13g+-624x457.jpg 624w, https:\/\/www.fu-frechen.de\/wp-content\/uploads\/2013\/06\/13g+.jpg 864w\" alt=\"\" width=\"112\" height=\"82\" \/><\/p>\n","protected":false},"excerpt":{"rendered":"<p>Wie der Grantler im Blog-Beitrag vom 22.08.2017 schon deutlich machte: Es ist haneb\u00fcchen, wie Autokonzerne und Regierung mit unserer Gesundheit Schindluder treiben, damit weiter Auspuffgase unsere Luft belasten k\u00f6nnen. \u00c4hnlich l\u00e4uft es auch bei der Verstromung der Braunkohle. Was soll das f\u00fcr ein gro\u00dfer Fortschritt sein, den Elektroautos bringen? VW-Chef M\u00fcller meinte auf einmal, die [&hellip;]<\/p>\n","protected":false},"author":3,"featured_media":0,"comment_status":"closed","ping_status":"open","sticky":false,"template":"","format":"standard","meta":[],"categories":[1],"tags":[500,498,497,495,494,496,499],"_links":{"self":[{"href":"https:\/\/www.fu-frechen.de\/index.php?rest_route=\/wp\/v2\/posts\/4101"}],"collection":[{"href":"https:\/\/www.fu-frechen.de\/index.php?rest_route=\/wp\/v2\/posts"}],"about":[{"href":"https:\/\/www.fu-frechen.de\/index.php?rest_route=\/wp\/v2\/types\/post"}],"author":[{"embeddable":true,"href":"https:\/\/www.fu-frechen.de\/index.php?rest_route=\/wp\/v2\/users\/3"}],"replies":[{"embeddable":true,"href":"https:\/\/www.fu-frechen.de\/index.php?rest_route=%2Fwp%2Fv2%2Fcomments&post=4101"}],"version-history":[{"count":10,"href":"https:\/\/www.fu-frechen.de\/index.php?rest_route=\/wp\/v2\/posts\/4101\/revisions"}],"predecessor-version":[{"id":6203,"href":"https:\/\/www.fu-frechen.de\/index.php?rest_route=\/wp\/v2\/posts\/4101\/revisions\/6203"}],"wp:attachment":[{"href":"https:\/\/www.fu-frechen.de\/index.php?rest_route=%2Fwp%2Fv2%2Fmedia&parent=4101"}],"wp:term":[{"taxonomy":"category","embeddable":true,"href":"https:\/\/www.fu-frechen.de\/index.php?rest_route=%2Fwp%2Fv2%2Fcategories&post=4101"},{"taxonomy":"post_tag","embeddable":true,"href":"https:\/\/www.fu-frechen.de\/index.php?rest_route=%2Fwp%2Fv2%2Ftags&post=4101"}],"curies":[{"name":"wp","href":"https:\/\/api.w.org\/{rel}","templated":true}]}}