{"id":4125,"date":"2018-05-09T17:06:31","date_gmt":"2018-05-09T15:06:31","guid":{"rendered":"http:\/\/www.fu-frechen.de\/?p=4125"},"modified":"2020-02-16T19:30:18","modified_gmt":"2020-02-16T18:30:18","slug":"waere-es-doch-virtual-reality","status":"publish","type":"post","link":"https:\/\/www.fu-frechen.de\/?p=4125","title":{"rendered":"W\u00e4re es doch virtual reality!"},"content":{"rendered":"<div id=\"attachment_4128\" style=\"width: 310px\" class=\"wp-caption alignleft\"><a href=\"https:\/\/www.fu-frechen.de\/wp-content\/uploads\/2018\/05\/P1000703.jpg\"><img aria-describedby=\"caption-attachment-4128\" decoding=\"async\" loading=\"lazy\" class=\"size-medium wp-image-4128\" src=\"https:\/\/www.fu-frechen.de\/wp-content\/uploads\/2018\/05\/P1000703-300x259.jpg\" alt=\"\" width=\"300\" height=\"259\" srcset=\"https:\/\/www.fu-frechen.de\/wp-content\/uploads\/2018\/05\/P1000703-300x259.jpg 300w, https:\/\/www.fu-frechen.de\/wp-content\/uploads\/2018\/05\/P1000703-768x662.jpg 768w, https:\/\/www.fu-frechen.de\/wp-content\/uploads\/2018\/05\/P1000703-1024x883.jpg 1024w, https:\/\/www.fu-frechen.de\/wp-content\/uploads\/2018\/05\/P1000703-624x538.jpg 624w\" sizes=\"(max-width: 300px) 100vw, 300px\" \/><\/a><p id=\"caption-attachment-4128\" class=\"wp-caption-text\">Trump 2015: W\u00e4hrend der Bekanntgabe seiner Kandidatur zeigte er schon, wes Geistes Kind er ist (Zeichnung nach einem Pressefoto)<\/p><\/div>\n<p style=\"text-align: justify;\"><strong>W<\/strong>ieder einmal wird gejammert und gewehklagt \u00fcber Pr\u00e4sident Trump. Also Leute, wann begreift der Letzte, dass Trump anders tickt, dass er permanent im Wahlkampf ist, dass er seinen Vorg\u00e4nger Obama hasst und alles\u00a0\u2014 wie angek\u00fcndigt (!)\u00a0\u2014 kaputtmachen will, was Obama in seiner Amtszeit zuwege gebracht hat, z.B. &#8222;Obamacare&#8220; (Krankenversicherung f\u00fcr Alle) oder den Atomdeal mit dem Iran. In Sachen Klimaschutz und Waffengesetze (siehe Bild links) tickt er ebenfalls v\u00f6llig anders, und das k\u00f6nnen Viele nicht nachvollziehen. Ist ja auch schwierig.<br \/>\nTrump ist kein vern\u00fcnftiger Politiker, kein Staatsmann, kein Diplomat\u00a0\u2014 sondern ein Egomane mit einer sehr eigenen Wahrnehmung der Welt. Manchmal wirkt er geradezu kindisch im Reden und Verhalten. Sein Umgang mit Regierungschefs auch befreundeter L\u00e4nder ist sehr oft nur peinlich. Er schreckt vor keiner Sottise zur\u00fcck, z. B. &#8222;Clean Coal!&#8220; als Slogan f\u00fcr sein &#8222;Freie Fahrt den Umweltzerst\u00f6rern.&#8220; So etwas kannten wir bisher nur von abgedrehten Diktatoren irgendwelcher L\u00e4nder, mit denen der Wirtschaft zuliebe Kontakte unterhalten wurden.<br \/>\nUnd sp\u00e4testens bei diesem Gedanken muss uns die Frage beschleichen: Wie weit r\u00fccken die Trump-gef\u00fchrten USA noch von uns weg? Wieviel an gewohnten, verl\u00e4sslichen Verh\u00e4ltnissen geht da den Bach hinunter? Wieviele Regierungen k\u00f6nnen in Zukunft auf das schlechte Beispiel der USA verweisen und ebenfalls &#8222;die Sau rauslassen?&#8220;<br \/>\nWer uns vor 10 oder mehr Jahren eine Welt mit einem US-Pr\u00e4sidenten Trump&#8217;scher Art vorausgesagt h\u00e4tte, dem h\u00e4tten wir damals entgegengehalten: Das ist irre abwegig, mach doch daraus ein Computerspiel mit &#8222;virtual reality&#8220;. Jemand h\u00e4tte Trump damals (vor seinem Entschluss, Politiker zu werden) eine Spielkonsole und dieses Spiel schenken sollen, damit h\u00e4tte er seine Egomanie auf dieser virtuellen Spielwiese ausleben k\u00f6nnen. Jetzt tut er&#8217;s leider in der realen Wirklichkeit \u2014 er mit seinen gruseligen Ansichten, die er auch noch auf Twitter verbreitet (sein liebstes Hobby nach Golfen und Frauenbegrapschen).<br \/>\nWas erwartet Ihr?<\/p>\n<p style=\"text-align: justify;\">W. R.<\/p>\n<p><a href=\"https:\/\/www.fu-frechen.de\/wp-content\/uploads\/2013\/06\/13g+.jpg\"><img decoding=\"async\" loading=\"lazy\" class=\"aligncenter wp-image-256\" src=\"https:\/\/www.fu-frechen.de\/wp-content\/uploads\/2013\/06\/13g+-300x219.jpg\" alt=\"\" width=\"127\" height=\"93\" srcset=\"https:\/\/www.fu-frechen.de\/wp-content\/uploads\/2013\/06\/13g+-300x219.jpg 300w, https:\/\/www.fu-frechen.de\/wp-content\/uploads\/2013\/06\/13g+-624x457.jpg 624w, https:\/\/www.fu-frechen.de\/wp-content\/uploads\/2013\/06\/13g+.jpg 864w\" sizes=\"(max-width: 127px) 100vw, 127px\" \/><\/a><\/p>\n","protected":false},"excerpt":{"rendered":"<p>Wieder einmal wird gejammert und gewehklagt \u00fcber Pr\u00e4sident Trump. Also Leute, wann begreift der Letzte, dass Trump anders tickt, dass er permanent im Wahlkampf ist, dass er seinen Vorg\u00e4nger Obama hasst und alles\u00a0\u2014 wie angek\u00fcndigt (!)\u00a0\u2014 kaputtmachen will, was Obama in seiner Amtszeit zuwege gebracht hat, z.B. &#8222;Obamacare&#8220; (Krankenversicherung f\u00fcr Alle) oder den Atomdeal mit [&hellip;]<\/p>\n","protected":false},"author":3,"featured_media":0,"comment_status":"closed","ping_status":"open","sticky":false,"template":"","format":"standard","meta":[],"categories":[1,534],"tags":[395,501],"_links":{"self":[{"href":"https:\/\/www.fu-frechen.de\/index.php?rest_route=\/wp\/v2\/posts\/4125"}],"collection":[{"href":"https:\/\/www.fu-frechen.de\/index.php?rest_route=\/wp\/v2\/posts"}],"about":[{"href":"https:\/\/www.fu-frechen.de\/index.php?rest_route=\/wp\/v2\/types\/post"}],"author":[{"embeddable":true,"href":"https:\/\/www.fu-frechen.de\/index.php?rest_route=\/wp\/v2\/users\/3"}],"replies":[{"embeddable":true,"href":"https:\/\/www.fu-frechen.de\/index.php?rest_route=%2Fwp%2Fv2%2Fcomments&post=4125"}],"version-history":[{"count":12,"href":"https:\/\/www.fu-frechen.de\/index.php?rest_route=\/wp\/v2\/posts\/4125\/revisions"}],"predecessor-version":[{"id":6202,"href":"https:\/\/www.fu-frechen.de\/index.php?rest_route=\/wp\/v2\/posts\/4125\/revisions\/6202"}],"wp:attachment":[{"href":"https:\/\/www.fu-frechen.de\/index.php?rest_route=%2Fwp%2Fv2%2Fmedia&parent=4125"}],"wp:term":[{"taxonomy":"category","embeddable":true,"href":"https:\/\/www.fu-frechen.de\/index.php?rest_route=%2Fwp%2Fv2%2Fcategories&post=4125"},{"taxonomy":"post_tag","embeddable":true,"href":"https:\/\/www.fu-frechen.de\/index.php?rest_route=%2Fwp%2Fv2%2Ftags&post=4125"}],"curies":[{"name":"wp","href":"https:\/\/api.w.org\/{rel}","templated":true}]}}