{"id":426,"date":"2013-07-06T23:46:07","date_gmt":"2013-07-06T21:46:07","guid":{"rendered":"http:\/\/www.fu-frechen.de\/?p=426"},"modified":"2019-06-02T14:24:26","modified_gmt":"2019-06-02T12:24:26","slug":"wie-war-das-noch-epochen-der-geschichte","status":"publish","type":"post","link":"https:\/\/www.fu-frechen.de\/?p=426","title":{"rendered":"Wie war das noch &#8211; Epochen der Geschichte"},"content":{"rendered":"<p style=\"text-align: justify;\"><a href=\"https:\/\/www.fu-frechen.de\/wp-content\/uploads\/2013\/05\/052.jpg\"><img decoding=\"async\" loading=\"lazy\" class=\"size-medium wp-image-233 alignleft\" src=\"https:\/\/www.fu-frechen.de\/wp-content\/uploads\/2013\/05\/052-300x189.jpg\" alt=\"052\" width=\"196\" height=\"123\" srcset=\"https:\/\/www.fu-frechen.de\/wp-content\/uploads\/2013\/05\/052-300x189.jpg 300w, https:\/\/www.fu-frechen.de\/wp-content\/uploads\/2013\/05\/052-1024x646.jpg 1024w, https:\/\/www.fu-frechen.de\/wp-content\/uploads\/2013\/05\/052-624x393.jpg 624w\" sizes=\"(max-width: 196px) 100vw, 196px\" \/><\/a><strong>M<\/strong>ittelalter, Fr\u00fches, Hoch-, Sp\u00e4t- &#8230; Wann, und wie lange, und was tat sich da? Viele von uns wissen viel, aber sie wissen nicht immer, wie sie es einordnen und in einen zeitlichen Zusammenhang oder eine Abfolge bringen sollen. Diese Unsicherheit kann hier beseitigt und Klarheit geschaffen werden! Also zur Sache:<\/p>\n<p style=\"text-align: justify;\">MITTELALTER ist ein Begriff, den das Mittelalter selbst nicht kannte. Erst einige Zeit nach dieser Epoche, die man gemeinhin um 1500 enden l\u00e4sst, kamen Gelehrte auf die Idee, die ganze, jahrhundertelange Zeit vor ca. 1500 unter einen Begriff zu fassen. Sie glaubten, ihre Zeit der Wiedergeburt antiker Kultur (Renaissance und Humanismus) sei besonders hochstehend, w\u00e4hrend die Zeit davor, zwischen griechisch-r\u00f6mischer Antike und ihrer Gegenwart, nur eine eher dunkle Zwischenepoche gewesen sei, kulurell geringwertiger. Die humanistischen Gelehrten sahen fortan diese Epocheneinteilung als sinnvoll an:<\/p>\n<h2>&nbsp;&nbsp;&nbsp;&nbsp; <span style=\"color: #0000ff;\">Antike<\/span>&nbsp; bis ca. 500 n. Chr.<\/h2>\n<h2>&nbsp;&nbsp;&nbsp;&nbsp; <span style=\"color: #ff0000;\">Mittelalter<\/span>&nbsp; ca. 500 bis ca. 1500 n. Chr.<\/h2>\n<h2>&nbsp;&nbsp;&nbsp;&nbsp; <span style=\"color: #ff6600;\">Neuzeit<\/span>&nbsp; ab ca. 1500 n. Chr.<\/h2>\n<p style=\"text-align: justify;\">Diese Epocheneinteilung ist das bis heute f\u00fcr die europ\u00e4ische Geschichte meist verwendete Schema, aber die Gelehrten waren sich lange Zeit uneins \u00fcber die Epochengrenzen, vor allem \u00fcber den \u00dcbergang von der Antike zum Mittelalter. Manche wollten das Mittelalter erst mit der Kaiserkr\u00f6nung Karls des Gro\u00dfen (800) beginnen lassen, andere viel fr\u00fcher, schon mit Beginn der germanischen V\u00f6lkerwanderung (um 375), und manche sahen sogar schon in dem Jahr des Toleranzedikts Kaiser Konstantins (312) eine Epochenwende zu einem &#8222;christlichen Mittelalter&#8220;. Man hat sich inzwischen weitgehend darauf geeinigt, dass ein Markstein der Epochenwende die Abdankung des letzten westr\u00f6mischen Kaisers im Jahre 476 sei.<\/p>\n<p style=\"text-align: justify;\">Wo auch immer man die Grenzen festlegt, das Mittelalter als Epoche entzieht sich einfachen Charakteristika und ist keineswegs eine in sich geschlossene Epoche, weder kulturell noch politisch: Nicht nur an den Epochengrenzen, sondern auch innerhalb dieser 1000 Jahre ver\u00e4ndert sich Europa. Und nur auf Europa l\u00e4sst sich dieses Epochenschema anwenden; in der Weltgeschichte haben sich die Kontinente und Regionen unterschiedlich entwickelt und m\u00fcssen daher f\u00fcr sich betrachtet werden.<\/p>\n<p style=\"text-align: justify;\">Bezogen auf Europa taugt eine solche Epocheneinteilung dazu, Ereignisse und Entwicklungen zeitlich ein- oder einander zuzuordnen. Man sagt &#8222;Mittelalter&#8220; und wei\u00df, dass man nicht \u00fcber eine Zeit um 1600 oder um 300 redet. Aber zur genaueren <strong>Periodisierung der Geschichte des Mittelalters<\/strong> fand man weitere Unterteilungen sinnvoll. So hat man Teilepochen benannt:<\/p>\n<h3>&nbsp;&nbsp;&nbsp;&nbsp; <span style=\"color: #ff0000;\">Fr\u00fches Mittelalter<\/span>&nbsp; ca. 500 bis ca. 1000<\/h3>\n<h3>&nbsp;&nbsp;&nbsp;&nbsp; <span style=\"color: #ff0000;\">Hochmittelalter<\/span>&nbsp; ca. 1000&nbsp; bis 1250<\/h3>\n<h3>&nbsp;&nbsp;&nbsp;&nbsp; <span style=\"color: #ff0000;\">Sp\u00e4tes Mittelalter<\/span>&nbsp; 1250 bis ca. 1500<\/h3>\n<p style=\"text-align: justify;\">Auch hier finden sich nicht alle Historiker auf einer Linie, was den \u00dcbergang vom fr\u00fchen zum Hochmittelalter betrifft. Diese Divergenzen r\u00fchren aus der Betrachtung einzelner Fachrichtungen her: Je nach Teilbereich, den ein Historiker untersucht, erscheinen ihm evtl. bestimmte Dinge oder Erscheinungen bezeichnender f\u00fcr eine Epoche oder Teilepoche als andere. Aber in der Fachliteratur wird heute meist auf das oben gezeigte Schema Bezug genommen.<\/p>\n<p style=\"text-align: justify;\">Dass man \u00fcberhaupt ein solches Epochenschema entwickelte, ist schon bemerkenswert: Hier zeigt sich ein fundamentaler Wandel im Weltbild der Gelehrten. Denn wie teilte man zuvor die Zeitl\u00e4ufte ein? Es galt ein von der Religion, von Angaben in der Bibel bestimmtes Welt- und Geschichtsbild. Und in diesem war &#8222;Geschichte&#8220; kein abgeschlossenes Wissensgebiet und keine selbst\u00e4ndige Wissenschaft. <em>Geschichte<\/em> nach unserem heutigen Verst\u00e4ndnis gab es gar nicht, weil es nur die in der Bibel vorgezeichnete <em>Heilsgeschichte<\/em> der Welt gab.<\/p>\n<p style=\"text-align: justify;\">Das <strong>christliche Weltbild<\/strong> kannte drei Epochen der <strong>Heilsgeschichte<\/strong>: 1. die Zeit des Alten Testaments, 2. die Zeit des Neuen Testaments, und 3. die Zeit danach bis zum J\u00fcngsten Gericht, bei dem Christus wiederkehren und auf seinem Richterstuhl Platz nehmen werde, um die Seelen der Menschen zu richten. Endzweck der Welt- bzw. Heilsgeschichte war also der \u00dcbertritt der Mernschen je nach pers\u00f6nlicher Lebensf\u00fchrung auf Erden ins Ewige Leben, als Seliger im Himmel oder Verdammter in der H\u00f6lle. (Wir lassen Feinheiten wie das Fegefeuer hier beiseite.)<\/p>\n<p style=\"text-align: justify;\">Dieser Heilsgeschichte war der Gedanke einer Entwicklung in der Geschichte fremd. Man sah gar keinen Sinn in der Betrachtung langfristiger historischer Entwicklungen, denn wichtig war nur das Seelenheil, das der Einzelne auf der irdischen Pilgerreise anstrebte. Der mittelalterliche Mensch lebte also, wie noch Martin Luther es ausdr\u00fcckte, im &#8222;irdischen Jammertal&#8220; und hoffte auf Erl\u00f6sung und Auferstehung im Himmel. Luther qu\u00e4lte sich lange mit der f\u00fcr ihn existentiellen Frage: &#8222;Wie finde ich einen gn\u00e4digen Gott?&#8220; F\u00fcr die aufst\u00e4ndischen Bauern hatte er kein Verst\u00e4ndnis.<\/p>\n<p style=\"text-align: justify;\">Dennoch ist das Jahr 1517, der Beginn der Reformation mit Luthers Thesenver\u00f6ffentlichung zur Kirchenreform, ein Epochenjahr an der Wende vom Mittelalter zur Neuzeit. In der Kirchen- und Mentalit\u00e4tsgeschichte Europas vollzieht sich in der Folge ein Wandel mit weitreichenden Folgen auch f\u00fcr die Politik.<\/p>\n<p style=\"text-align: justify;\"><a href=\"https:\/\/www.fu-frechen.de\/wp-content\/uploads\/2013\/07\/53a.jpg\"><img decoding=\"async\" loading=\"lazy\" class=\"alignnone size-medium wp-image-445\" src=\"https:\/\/www.fu-frechen.de\/wp-content\/uploads\/2013\/07\/53a-300x211.jpg\" alt=\"53a\" width=\"622\" height=\"437\" srcset=\"https:\/\/www.fu-frechen.de\/wp-content\/uploads\/2013\/07\/53a-300x211.jpg 300w, https:\/\/www.fu-frechen.de\/wp-content\/uploads\/2013\/07\/53a-1024x720.jpg 1024w, https:\/\/www.fu-frechen.de\/wp-content\/uploads\/2013\/07\/53a-624x439.jpg 624w\" sizes=\"(max-width: 622px) 100vw, 622px\" \/><\/a><\/p>\n<p style=\"text-align: justify;\">Wer sich schwerpunktm\u00e4\u00dfig mit Sozialgeschichte befasst, der muss jedoch feststellen: F\u00fcr die \u00fcbergro\u00dfe Mehrheit der Bev\u00f6lkerung, die auf dem Lande lebte, \u00e4nderte sich mit dem \u00dcbergang in die Neuzeit so gut wie nichts. Mit dem Scheitern der Bauernaufst\u00e4nde 1525 verfestigten sich in Deutschland eher noch die Abh\u00e4ngigkeiten der Bauern von den feudalen Grundherren. Erst mit der Wende vom 18. ins 19. Jahrhundert, als in Teilen Europas im Gefolge der Franz\u00f6sischen Revolution feudale Herrschaftsverh\u00e4ltnisse und mittelalterliche Abh\u00e4ngigkeiten aufgel\u00f6st wurden, gab es f\u00fcr das Gros der Bev\u00f6lkerung sp\u00fcrbare Ver\u00e4nderungen und ein tats\u00e4chliches Ende des Mittelalters.<\/p>\n<p style=\"text-align: justify;\">W. R.<\/p>\n<p style=\"text-align: center;\"><a href=\"https:\/\/www.fu-frechen.de\/wp-content\/uploads\/2013\/06\/13g+.jpg\"><img decoding=\"async\" loading=\"lazy\" class=\" wp-image-256 aligncenter\" src=\"https:\/\/www.fu-frechen.de\/wp-content\/uploads\/2013\/06\/13g+-300x219.jpg\" alt=\"13g+\" width=\"100\" height=\"72\" srcset=\"https:\/\/www.fu-frechen.de\/wp-content\/uploads\/2013\/06\/13g+-300x219.jpg 300w, https:\/\/www.fu-frechen.de\/wp-content\/uploads\/2013\/06\/13g+-624x457.jpg 624w, https:\/\/www.fu-frechen.de\/wp-content\/uploads\/2013\/06\/13g+.jpg 864w\" sizes=\"(max-width: 100px) 100vw, 100px\" \/><\/a><\/p>\n","protected":false},"excerpt":{"rendered":"<p>Mittelalter, Fr\u00fches, Hoch-, Sp\u00e4t- &#8230; Wann, und wie lange, und was tat sich da? Viele von uns wissen viel, aber sie wissen nicht immer, wie sie es einordnen und in einen zeitlichen Zusammenhang oder eine Abfolge bringen sollen. Diese Unsicherheit kann hier beseitigt und Klarheit geschaffen werden! Also zur Sache: MITTELALTER ist ein Begriff, den [&hellip;]<\/p>\n","protected":false},"author":3,"featured_media":0,"comment_status":"closed","ping_status":"open","sticky":false,"template":"","format":"standard","meta":[],"categories":[1,530],"tags":[130,128,127,126,129,132,14,131,125],"_links":{"self":[{"href":"https:\/\/www.fu-frechen.de\/index.php?rest_route=\/wp\/v2\/posts\/426"}],"collection":[{"href":"https:\/\/www.fu-frechen.de\/index.php?rest_route=\/wp\/v2\/posts"}],"about":[{"href":"https:\/\/www.fu-frechen.de\/index.php?rest_route=\/wp\/v2\/types\/post"}],"author":[{"embeddable":true,"href":"https:\/\/www.fu-frechen.de\/index.php?rest_route=\/wp\/v2\/users\/3"}],"replies":[{"embeddable":true,"href":"https:\/\/www.fu-frechen.de\/index.php?rest_route=%2Fwp%2Fv2%2Fcomments&post=426"}],"version-history":[{"count":15,"href":"https:\/\/www.fu-frechen.de\/index.php?rest_route=\/wp\/v2\/posts\/426\/revisions"}],"predecessor-version":[{"id":5369,"href":"https:\/\/www.fu-frechen.de\/index.php?rest_route=\/wp\/v2\/posts\/426\/revisions\/5369"}],"wp:attachment":[{"href":"https:\/\/www.fu-frechen.de\/index.php?rest_route=%2Fwp%2Fv2%2Fmedia&parent=426"}],"wp:term":[{"taxonomy":"category","embeddable":true,"href":"https:\/\/www.fu-frechen.de\/index.php?rest_route=%2Fwp%2Fv2%2Fcategories&post=426"},{"taxonomy":"post_tag","embeddable":true,"href":"https:\/\/www.fu-frechen.de\/index.php?rest_route=%2Fwp%2Fv2%2Ftags&post=426"}],"curies":[{"name":"wp","href":"https:\/\/api.w.org\/{rel}","templated":true}]}}