{"id":4355,"date":"2018-08-05T23:20:34","date_gmt":"2018-08-05T21:20:34","guid":{"rendered":"http:\/\/www.fu-frechen.de\/?p=4355"},"modified":"2025-05-05T22:00:10","modified_gmt":"2025-05-05T20:00:10","slug":"hitzeschaeden","status":"publish","type":"post","link":"https:\/\/www.fu-frechen.de\/?p=4355","title":{"rendered":"Hitzesch\u00e4den"},"content":{"rendered":"<p style=\"text-align: justify;\"><a href=\"https:\/\/www.fu-frechen.de\/wp-content\/uploads\/2018\/07\/h.jpg\"><img decoding=\"async\" loading=\"lazy\" class=\"alignleft wp-image-4242\" src=\"https:\/\/www.fu-frechen.de\/wp-content\/uploads\/2018\/07\/h-300x293.jpg\" alt=\"\" width=\"160\" height=\"156\" srcset=\"https:\/\/www.fu-frechen.de\/wp-content\/uploads\/2018\/07\/h-300x293.jpg 300w, https:\/\/www.fu-frechen.de\/wp-content\/uploads\/2018\/07\/h-768x750.jpg 768w, https:\/\/www.fu-frechen.de\/wp-content\/uploads\/2018\/07\/h-1024x1001.jpg 1024w, https:\/\/www.fu-frechen.de\/wp-content\/uploads\/2018\/07\/h-624x610.jpg 624w\" sizes=\"(max-width: 160px) 100vw, 160px\" \/><\/a><strong>ei\u00df<\/strong> ist es in Deutschland, in Europa, und anderen Gegenden der Welt. Ziemlich hei\u00df, und das seit Wochen. Und es regnet kaum, D\u00fcrre breitet sich aus. Andererseits gab es in den letzten Jahren vermehrt extreme Wetterereignisse wie St\u00fcrme, Starkregen und \u00dcberflutungen. Gletscher schmelzen mit zunehmender Geschwindigkeit.<br \/>\nInsgesamt ist das ein Szenario, das informierte Menschen schon seit den 1990er Jahren kennen, n\u00e4mlich aus den Prognosen und stetigen Warnungen von Klimaforschern.<br \/>\nUnd wie reagierte &#8222;die Politik&#8220;, die &#8222;Schaden vom Volke abwenden&#8220; soll? (Das kommt zumindest im Amtseid der Minister vor.) Konservative und\/oder industriefreundliche Politiker ignorierten die Warnungen der (nicht gekauften) Wissenschaftler oder taten die Wetterereignisse als in der Erdgeschichte \u00fcbliche Schwankungen ab, auf die man eh keinen Einfluss nehmen k\u00f6nne. Donald Trump machte seinen W\u00e4hlern sogar weis, der Klimawandel sei eine Erfindung der Chinesen. (Was hat der Mann blo\u00df f\u00fcr ein Weltbild!) Auch unsere Gegen-Alles-Partei AfD sprach sich f\u00fcr die Beibehaltung von Kohle- und Atomkraftwerken aus (um sich f\u00fcr eine finanzielle Unterst\u00fctzung seitens der Energie-Konzerne zu empfehlen).<br \/>\nUnd ein US-Konzern lie\u00df sich eine Medien-Kampagne viel Geld kosten, in der der Klimawandel als Folge menschengemachter Ursachen angezweifelt wurde: <a href=\"http:\/\/www.spiegel.de\/wissenschaft\/natur\/studie-exxonmobil-soll-oeffentlichkeit-beim-klimawandel-irregefuehrt-haben-a-1164218.html\">Studie: ExxonMobil soll \u00d6ffentlichkeit beim Klimawandel irregef\u00fchrt haben &#8211; SPIEGEL ONLINE<\/a><br \/>\nDonald Troll, sorry, Trump erkl\u00e4rte f\u00fcr die USA den Ausstieg aus dem internationalen <a href=\"https:\/\/www.fu-frechen.de\/wp-content\/uploads\/2018\/08\/8tr-k.png\"><img decoding=\"async\" loading=\"lazy\" class=\"alignleft wp-image-4392\" src=\"https:\/\/www.fu-frechen.de\/wp-content\/uploads\/2018\/08\/8tr-k-272x300.png\" alt=\"\" width=\"87\" height=\"96\" srcset=\"https:\/\/www.fu-frechen.de\/wp-content\/uploads\/2018\/08\/8tr-k-272x300.png 272w, https:\/\/www.fu-frechen.de\/wp-content\/uploads\/2018\/08\/8tr-k.png 372w\" sizes=\"(max-width: 87px) 100vw, 87px\" \/><\/a>Klimaschutzabkommen von Paris. Er will vermutlich als gr\u00f6\u00dfter Knallkopf in die Geschichte eingehen, vielleicht war sein Hauptmotiv auch nur, in Allem das Gegenteil des ihm verhassten Vorg\u00e4ngers Obama zu tun.<br \/>\nMan kann sich aber in dieser Sache nicht allein an Trump abarbeiten, denn lange vor seiner Amtszeit h\u00e4tte schon Viel geschehen m\u00fcssen, um die schnell zunehmende Erderw\u00e4rmung zu stoppen. Warum hat man das weitgehend schleifen lassen? Eine Antwort versucht dieser Beitrag: <a href=\"http:\/\/www.spiegel.de\/kultur\/gesellschaft\/klimawandel-die-katastrophe-haette-verhindert-werden-koennen-a-1221528.html\">http:\/\/www.spiegel.de\/kultur\/gesellschaft\/klimawandel-die-katastrophe-haette-verhindert-werden-koennen-a-1221528.html<\/a><br \/>\nNun, in dieser ungekannten, andauernden Hitze, h\u00f6ren wir in den Nachrichten h\u00e4ufiger das Wort &#8222;Klimawandel.&#8220; Fordert jemand an verantwortlicher Stelle, jetzt endlich konsequent die Energiewende durchzuf\u00fchren und die Kohlekraftwerke abzuschalten? Stattdessen verknackt ein Richter, der durchgreifen und ein Signal setzen will, eine Teilnehmerin an Anti-Kohle-Protesten zu einer harten Strafe:\u00a0 <a href=\"https:\/\/www.ksta.de\/region\/rhein-erft\/kerpen\/-zeichen-gegen-weitere-straftaten--aktivistin-aus-dem-hambacher-forst-verurteilt-31044480\">Hambacher Forst: Aktivistin zu neun Monaten Freiheitsstrafe verurteilt | K\u00f6lner Stadt-Anzeiger<\/a> \u00a0 Das wird das Klima wohl retten, oder was?<\/p>\n<p style=\"text-align: justify;\">Kassandras Warnung wurde nicht geh\u00f6rt, kurz darauf ging Troja unter.<\/p>\n<p style=\"text-align: justify;\">Hei\u00df ist es, und das f\u00fchrt bei vielen Menschen zu verminderter geistiger Leistungsf\u00e4higkeit. Schlechte Voraussetzungen, um \u00fcber echte Probleml\u00f6sungen nachzudenken!<\/p>\n<p style=\"text-align: justify;\">Einige Wissenschaftler haben \u00fcbrigens zum Aussterben der Neanderthaler eine neue Theorie: Sie erlebten einen beschleunigten Klimawandel und waren nicht in der Lage, sich darauf einzustellen. Die Jagd auf Gro\u00dfwild in den W\u00e4ldern h\u00f6rte mit der Versteppung weiter Landstriche auf, die Neanderthaler verhungerten. Das gibt auch zu denken.<\/p>\n<p style=\"text-align: justify;\">W. R.<\/p>\n<p style=\"text-align: justify;\">Nachtrag am 11.08.2018: <strong>Was tun?<\/strong> Dazu gibt dieser Kommentar Antworten: <a href=\"https:\/\/www.tagesspiegel.de\/politik\/klimawandel-wer-soll-handeln-wenn-nicht-wir\/22899906.html\">Klimawandel: Wer soll handeln, wenn nicht wir? &#8211; Politik &#8211; Tagesspiegel<\/a>\u00a0 Es ist also nicht so, als k\u00f6nnten wir gar nichts tun&#8230;<\/p>\n<p style=\"text-align: justify;\">Nur eins sollte nicht passieren: dass das Thema &#8222;Klimawandel&#8220; wieder aus den Nachrichten verschwindet, weil nicht mehr von D\u00fcrre und Eisschmelze usw. berichtet wird und zuviele Menschen sich einbilden, es sei doch nicht so schlimm, und man k\u00f6nne das aussitzen und sich stattdessen \u00fcber Randthemen echauffieren. \u00dcber nutzlose Debatten kann man so herrlich die wichtigeren Themen verdr\u00e4ngen.<\/p>\n<p style=\"text-align: justify;\">Wie am 12.08.2018 der Chef der AfD, Gauland, im &#8222;ZDF-Sommerinterview&#8220; es vormachte: Allen Ernstes behauptete er, man k\u00f6nne gegen den Kimawandel eh nichts tun. Das passt ins Bild! Auch sonst machte er in diesem Interview keine gute Figur. Er best\u00e4tigte meine Ansicht: Die AfD hat als Zukunftsvision nur Retro-Projektionen aus der Welt der 1950er Jahre zu bieten. Ihre W\u00e4hlerInnen sollten endlich mal anfangen, selbst zu denken\u00a0\u2014 oder zumindest in ihrem Weltbild zuzulassen, dass sich die Welt in manchen Dingen \u00e4ndert, und wir uns darauf einstellen m\u00fcssen.<\/p>\n<p><img decoding=\"async\" loading=\"lazy\" class=\" wp-image-256 aligncenter\" src=\"https:\/\/www.fu-frechen.de\/wp-content\/uploads\/2013\/06\/13g+-300x219.jpg\" sizes=\"(max-width: 114px) 100vw, 114px\" srcset=\"https:\/\/www.fu-frechen.de\/wp-content\/uploads\/2013\/06\/13g+-300x219.jpg 300w, https:\/\/www.fu-frechen.de\/wp-content\/uploads\/2013\/06\/13g+-624x457.jpg 624w, https:\/\/www.fu-frechen.de\/wp-content\/uploads\/2013\/06\/13g+.jpg 864w\" alt=\"\" width=\"114\" height=\"83\" \/><\/p>\n","protected":false},"excerpt":{"rendered":"<p>ei\u00df ist es in Deutschland, in Europa, und anderen Gegenden der Welt. Ziemlich hei\u00df, und das seit Wochen. Und es regnet kaum, D\u00fcrre breitet sich aus. Andererseits gab es in den letzten Jahren vermehrt extreme Wetterereignisse wie St\u00fcrme, Starkregen und \u00dcberflutungen. Gletscher schmelzen mit zunehmender Geschwindigkeit. Insgesamt ist das ein Szenario, das informierte Menschen schon [&hellip;]<\/p>\n","protected":false},"author":3,"featured_media":0,"comment_status":"closed","ping_status":"open","sticky":false,"template":"","format":"standard","meta":[],"categories":[1,534],"tags":[395,508,535,507],"_links":{"self":[{"href":"https:\/\/www.fu-frechen.de\/index.php?rest_route=\/wp\/v2\/posts\/4355"}],"collection":[{"href":"https:\/\/www.fu-frechen.de\/index.php?rest_route=\/wp\/v2\/posts"}],"about":[{"href":"https:\/\/www.fu-frechen.de\/index.php?rest_route=\/wp\/v2\/types\/post"}],"author":[{"embeddable":true,"href":"https:\/\/www.fu-frechen.de\/index.php?rest_route=\/wp\/v2\/users\/3"}],"replies":[{"embeddable":true,"href":"https:\/\/www.fu-frechen.de\/index.php?rest_route=%2Fwp%2Fv2%2Fcomments&post=4355"}],"version-history":[{"count":20,"href":"https:\/\/www.fu-frechen.de\/index.php?rest_route=\/wp\/v2\/posts\/4355\/revisions"}],"predecessor-version":[{"id":9371,"href":"https:\/\/www.fu-frechen.de\/index.php?rest_route=\/wp\/v2\/posts\/4355\/revisions\/9371"}],"wp:attachment":[{"href":"https:\/\/www.fu-frechen.de\/index.php?rest_route=%2Fwp%2Fv2%2Fmedia&parent=4355"}],"wp:term":[{"taxonomy":"category","embeddable":true,"href":"https:\/\/www.fu-frechen.de\/index.php?rest_route=%2Fwp%2Fv2%2Fcategories&post=4355"},{"taxonomy":"post_tag","embeddable":true,"href":"https:\/\/www.fu-frechen.de\/index.php?rest_route=%2Fwp%2Fv2%2Ftags&post=4355"}],"curies":[{"name":"wp","href":"https:\/\/api.w.org\/{rel}","templated":true}]}}