{"id":4441,"date":"2018-08-31T12:13:08","date_gmt":"2018-08-31T10:13:08","guid":{"rendered":"http:\/\/www.fu-frechen.de\/?p=4441"},"modified":"2020-02-16T19:03:55","modified_gmt":"2020-02-16T18:03:55","slug":"4441","status":"publish","type":"post","link":"https:\/\/www.fu-frechen.de\/?p=4441","title":{"rendered":"Unser Land"},"content":{"rendered":"<p style=\"text-align: justify;\"><strong><a href=\"https:\/\/www.fu-frechen.de\/wp-content\/uploads\/2018\/08\/8c.jpg\"><img decoding=\"async\" loading=\"lazy\" class=\" wp-image-4490 alignleft\" src=\"https:\/\/www.fu-frechen.de\/wp-content\/uploads\/2018\/08\/8c-300x198.jpg\" alt=\"\" width=\"239\" height=\"158\" srcset=\"https:\/\/www.fu-frechen.de\/wp-content\/uploads\/2018\/08\/8c-300x198.jpg 300w, https:\/\/www.fu-frechen.de\/wp-content\/uploads\/2018\/08\/8c-768x508.jpg 768w, https:\/\/www.fu-frechen.de\/wp-content\/uploads\/2018\/08\/8c-1024x677.jpg 1024w, https:\/\/www.fu-frechen.de\/wp-content\/uploads\/2018\/08\/8c-624x413.jpg 624w\" sizes=\"(max-width: 239px) 100vw, 239px\" \/><\/a>&#8222;W<\/strong>ir holen uns unser Land zur\u00fcck!&#8220; Die Parole ist jetzt gar nicht mal so falsch\u00a0\u2014 richtig verstanden: Wir Demokraten lassen uns doch von ein paar braunen Br\u00fcllaffen und braun versifften Hohlk\u00f6pfen nicht sagen, wer auf der Stra\u00dfe und im Land \u00fcberhaupt zu bestimmen hat! Was sind das f\u00fcr \u00e4rmliche Vorstellungen, die aus den braunen M\u00fclltonnen der Geschichte gefischt wurden, die nach Verwesung stinken, die uns aber als Heilmittel f\u00fcr die Probleme von Gegenwart und Zukunft angepriesen werden? Nein, danke! Solchem Unfug \u00fcberlassen wir doch dieses Land nicht, wie k\u00e4men wir denn dazu?<\/p>\n<p style=\"text-align: justify;\">Statt gegen Fl\u00fcchtlinge und Ausl\u00e4nder zu krakeelen, sollten sich einige Leute mal mit den wirklich dr\u00e4ngenden Problemem unserer Welt befassen. Ein sch\u00f6nes Beispiel, wie das aussehen kann, geben junge Forscher wie diese: <a href=\"https:\/\/www.berliner-zeitung.de\/ratgeber\/reise\/idee-junger-forscherin-dieser-riesige-muellschlucker-soll-das-meer-von-plastik-befreien- 31109652?dmcid=f_msn_web\">https:\/\/www.berliner-zeitung.de\/ratgeber\/reise\/idee-junger-forscherin-dieser-riesige-muellschlucker-soll-das-meer-von-plastik-befreien- 31109652?dmcid=f_msn_web\u00a0 <\/a>Statt also vor lauter Zukunftsangst in Retro-Denkweisen und Panik zu verfallen, kann man sich auch konstruktiv darum bem\u00fchen, mit frischen Ideen den Problemen der Gegenwart und Zukunft beizukommen.<\/p>\n<p style=\"text-align: justify;\">Statt gegen Fl\u00fcchtlinge und Ausl\u00e4nder zu krakeelen und ein Abendland zu verteidigen, von dem sie gar keine Ahnung haben, sollten die Wut- und &#8222;Hutb\u00fcrger&#8220; mal nachdenken: Was sind denn die moralischen und geistigen Grundlagen dieses Abendlandes, was macht denn dieses Europa aus? Meint Ihr ernsthaft, das Europa des Kolonialismus und zweier Weltkriege sei vorbildhaft? Habt Ihr je davon geh\u00f6rt, welche Werte einem &#8222;christlichen Abendland&#8220; zugrunde liegen, oder welche Werte die Denker der europ\u00e4ischen Aufkl\u00e4rung hochhielten? Wisst Ihr denn nicht, welche Werte und Prinzipien unsere Nationalgr\u00f6\u00dfen Schiller und Goethe propagierten?<\/p>\n<p style=\"text-align: justify;\">Wenn man Euch reden oder auf der Stra\u00dfe gr\u00f6len h\u00f6rt, dann muss man annehmen: Gar nichts wisst Ihr von alldem. Ihr macht Euch ein eigenes Bild, wo alles so gebacken wird, wie Ihr&#8217;s gerade braucht. Und da spielen Wahrheit und Fakten keine Rolle. Ihr haltet angeblich die deutsche Nation hoch, aber lasst Euch von Putin unter die Arme greifen*, der seine eigenen Interessen verfolgt (Aber wozu sage ich Euch das, Ihr wollt das weder h\u00f6ren noch dar\u00fcber nachdenken, nicht wahr?).<\/p>\n<p>W. R.<\/p>\n<p style=\"text-align: justify;\">* Einiges an Geldern flie\u00dft aus dem Ausland, um hierzulande die politisch naiveren Leute dummzuquatschen und die Verh\u00e4ltnisse schlechtzureden \u2014 nicht etwa zum Zweck konstruktiver Kritik, sondern zur Unterminierung des Vertrauens in unseren Staat und die Demokratie, also zur Destabilisierung. Die dabei die F\u00e4den ziehen, w\u00fcrden solche Kritik in ihrem Machtbereich sofort unterdr\u00fccken.<\/p>\n<p style=\"text-align: justify;\">\u00dcberhaupt scheint mir die Faustregel zu gelten: Wer hier am lautesten &#8222;L\u00fcgenpresse&#8220; oder &#8222;Mainstreammedien&#8220; ruft, wer hier st\u00e4ndig behauptet, dieses oder jenes d\u00fcrfe man ja nicht sagen, der geh\u00f6rt in Wahrheit zu denjenigen, die Meinungs- und Pressefreiheit am liebsten gleich abschaffen und alle Medien &#8222;gleichschalten&#8220; w\u00fcrden, damit nur noch eine Meinung verbreitet werden kann. Nein, danke, da hatten wir schon mal, Ihr wisst es selbst! Wir sind froh, dass wir den Meinungsterror losgeworden sind, und wollen unser Land nicht noch einmal daf\u00fcr hergeben.<\/p>\n<p><img decoding=\"async\" loading=\"lazy\" class=\"aligncenter\" src=\"https:\/\/www.fu-frechen.de\/wp-content\/uploads\/2013\/06\/13g+-300x219.jpg\" width=\"113\" height=\"83\" \/><\/p>\n","protected":false},"excerpt":{"rendered":"<p>&#8222;Wir holen uns unser Land zur\u00fcck!&#8220; Die Parole ist jetzt gar nicht mal so falsch\u00a0\u2014 richtig verstanden: Wir Demokraten lassen uns doch von ein paar braunen Br\u00fcllaffen und braun versifften Hohlk\u00f6pfen nicht sagen, wer auf der Stra\u00dfe und im Land \u00fcberhaupt zu bestimmen hat! Was sind das f\u00fcr \u00e4rmliche Vorstellungen, die aus den braunen M\u00fclltonnen [&hellip;]<\/p>\n","protected":false},"author":3,"featured_media":0,"comment_status":"closed","ping_status":"open","sticky":false,"template":"","format":"standard","meta":[],"categories":[1,483],"tags":[510,512,511],"_links":{"self":[{"href":"https:\/\/www.fu-frechen.de\/index.php?rest_route=\/wp\/v2\/posts\/4441"}],"collection":[{"href":"https:\/\/www.fu-frechen.de\/index.php?rest_route=\/wp\/v2\/posts"}],"about":[{"href":"https:\/\/www.fu-frechen.de\/index.php?rest_route=\/wp\/v2\/types\/post"}],"author":[{"embeddable":true,"href":"https:\/\/www.fu-frechen.de\/index.php?rest_route=\/wp\/v2\/users\/3"}],"replies":[{"embeddable":true,"href":"https:\/\/www.fu-frechen.de\/index.php?rest_route=%2Fwp%2Fv2%2Fcomments&post=4441"}],"version-history":[{"count":13,"href":"https:\/\/www.fu-frechen.de\/index.php?rest_route=\/wp\/v2\/posts\/4441\/revisions"}],"predecessor-version":[{"id":6198,"href":"https:\/\/www.fu-frechen.de\/index.php?rest_route=\/wp\/v2\/posts\/4441\/revisions\/6198"}],"wp:attachment":[{"href":"https:\/\/www.fu-frechen.de\/index.php?rest_route=%2Fwp%2Fv2%2Fmedia&parent=4441"}],"wp:term":[{"taxonomy":"category","embeddable":true,"href":"https:\/\/www.fu-frechen.de\/index.php?rest_route=%2Fwp%2Fv2%2Fcategories&post=4441"},{"taxonomy":"post_tag","embeddable":true,"href":"https:\/\/www.fu-frechen.de\/index.php?rest_route=%2Fwp%2Fv2%2Ftags&post=4441"}],"curies":[{"name":"wp","href":"https:\/\/api.w.org\/{rel}","templated":true}]}}