{"id":4511,"date":"2018-09-23T23:11:37","date_gmt":"2018-09-23T21:11:37","guid":{"rendered":"http:\/\/www.fu-frechen.de\/?p=4511"},"modified":"2020-02-16T18:54:16","modified_gmt":"2020-02-16T17:54:16","slug":"verhunzte-geschichte","status":"publish","type":"post","link":"https:\/\/www.fu-frechen.de\/?p=4511","title":{"rendered":"Verhunzte Geschichte"},"content":{"rendered":"<p style=\"text-align: justify;\"><strong><a href=\"https:\/\/www.fu-frechen.de\/wp-content\/uploads\/2018\/09\/i2.png\"><img decoding=\"async\" loading=\"lazy\" class=\"alignleft wp-image-4528\" src=\"https:\/\/www.fu-frechen.de\/wp-content\/uploads\/2018\/09\/i2-230x300.png\" alt=\"\" width=\"104\" height=\"136\" srcset=\"https:\/\/www.fu-frechen.de\/wp-content\/uploads\/2018\/09\/i2-230x300.png 230w, https:\/\/www.fu-frechen.de\/wp-content\/uploads\/2018\/09\/i2-768x1003.png 768w, https:\/\/www.fu-frechen.de\/wp-content\/uploads\/2018\/09\/i2-784x1024.png 784w, https:\/\/www.fu-frechen.de\/wp-content\/uploads\/2018\/09\/i2-624x815.png 624w, https:\/\/www.fu-frechen.de\/wp-content\/uploads\/2018\/09\/i2.png 1123w\" sizes=\"(max-width: 104px) 100vw, 104px\" \/><\/a>N<\/strong> Hamburg hat die AfD doch tats\u00e4chlich Sch\u00fcler aufgefordert, politisch unausgewogenen Unterricht auf einer AfD-Plattform anzuzeigen &#8230; Sch\u00fcler als Denunzianten? Ist das nun Stasi-like, oder greift das noch weiter zur\u00fcck? Aber danke, AfD, dass Ihr das Thema aufgreift! Ich w\u00fcsste da schon jemanden zu nennen, der mit Sicherheit seinen Geschichts-Unterricht (nat\u00fcrlich auf gaaaar keinen Fall) tendenzi\u00f6s gestaltet haben d\u00fcrfte, ein Lehrer, der bei Euch in vorderster Front zu finden ist\u00a0\u2014 er hei\u00dft Bernd H\u00f6cke, oder so. Da solltet Ihr zuerst einmal nachh\u00f6ren.<br \/>\nUnd da ich gerade beim Thema &#8222;AfD und Geschichte&#8220; bin: Was sich Euer Gauleiter, Pardon, wie hei\u00dft noch Euer\u00a0\u2014 ach ja\u00a0\u2014 Gauland sich neulich gelappt hat, das war ja f\u00fcr Historiker und in Geschichte Bewanderte eine Riesen-Lachnummer: Von &#8222;\u00fcber 1000 Jahren erfolgreicher deutscher Geschichte&#8220; bramarbasierte er. Wer hatte jemals zuvor davon geh\u00f6rt, dass Geschichte &#8222;erfolgreich&#8220; sein kann? Da hat ihm wohl bei der Vorbereitung seiner Verlautbarung sein Textprogramm einen Streich gespielt. Nur er selbst hat&#8217;s nicht bemerkt.<br \/>\n&#8222;Geschichte&#8220; kommt von &#8222;Geschehen&#8220;: das, was passiert ist. Zur Nachhilfe geht mal auf <span style=\"text-decoration: underline;\">fu-frechen.de\/Clio 2a.<\/span>, da findet Ihr zur Orientierung eine Einf\u00fchrung in Grundbegriffe.<br \/>\nAch ja, noch so &#8217;ne Schote: Der o.g. Mann brabbelte mal was von &#8222;Leistungen der deutschen Soldaten in beiden Weltkriegen w\u00fcrdigen.&#8220; H\u00e4? Wer braucht denn sowas? Das ist kabarettreif, das ist Realsatire. Wer sowas ernst nimmt, dem ist nicht zu helfen. *<\/p>\n<p style=\"text-align: justify;\">Es gibt wohl Leute, die in die Politik gehen, um irgendwann den deutschen Kabarett-Preis zu bekommen. Schade, Herr Seehofer, die Chance haben Sie l\u00e4ngst verpasst. Als Chaot und Troublemaker sind Sie &#8217;ne Nummer, aber \u00fcber Ihre Witze k\u00f6nnen wohl nur Sie selbst lachen. Die versteht sonst keiner. Sie strengen sich an, ja, mit dem Ergebnis, dass man bald deutschlandweit die CSU f\u00fcr die Mutter allen \u00c4rgers in der Politik h\u00e4lt. Und f\u00fcr die Mutter aller Nicht-L\u00f6sungen der dr\u00e4ngenden Probleme. Oder sind Sie, Herr Bundesinnen- und Bauminister, etwa bekannt daf\u00fcr geworden, das Problem explodierender Mieten und Immobilienpreise zu l\u00f6sen, oder wenigstens anzugehen? Und ach ja, da sitzen doch auch ein paar Hanseln von der AfD im Bundestag. Was h\u00f6rt man von denen, haben die zu diesem Thema schon mal was Brauchbares vorgeschlagen? N\u00f6.<\/p>\n<p style=\"text-align: justify;\">So, genug geschimpft. Erstmal.<br \/>\nIch erwarte mehr politische Sacharbeit und weniger kindisches Theater\u00a0\u2014 vor allem ein paar konstruktive Probleml\u00f6sungen. Allez-hopp, wir warten darauf!<\/p>\n<p style=\"text-align: justify;\">W. R.<\/p>\n<p style=\"text-align: justify;\">\u00a0* Nicht mehr witzig war Gaulands \u00f6ffentliche \u00c4u\u00dferung, die Nazizeit sei ja nur &#8222;ein Vogelschiss&#8220; in der 1000j\u00e4hrigen deutschen Geschichte gewesen. Das ist der Gipfel der Relativierung und Verharmlosung der Nazi-Diktatur mit ihrem monstr\u00f6sen Verbrechens-Steckbrief!<\/p>\n<p><img decoding=\"async\" loading=\"lazy\" class=\"aligncenter\" src=\"https:\/\/www.fu-frechen.de\/wp-content\/uploads\/2013\/06\/13g+-300x219.jpg\" width=\"106\" height=\"78\" \/><\/p>\n","protected":false},"excerpt":{"rendered":"<p>N Hamburg hat die AfD doch tats\u00e4chlich Sch\u00fcler aufgefordert, politisch unausgewogenen Unterricht auf einer AfD-Plattform anzuzeigen &#8230; Sch\u00fcler als Denunzianten? Ist das nun Stasi-like, oder greift das noch weiter zur\u00fcck? Aber danke, AfD, dass Ihr das Thema aufgreift! Ich w\u00fcsste da schon jemanden zu nennen, der mit Sicherheit seinen Geschichts-Unterricht (nat\u00fcrlich auf gaaaar keinen Fall) [&hellip;]<\/p>\n","protected":false},"author":3,"featured_media":0,"comment_status":"closed","ping_status":"open","sticky":false,"template":"","format":"standard","meta":[],"categories":[1,483],"tags":[513,279,275],"_links":{"self":[{"href":"https:\/\/www.fu-frechen.de\/index.php?rest_route=\/wp\/v2\/posts\/4511"}],"collection":[{"href":"https:\/\/www.fu-frechen.de\/index.php?rest_route=\/wp\/v2\/posts"}],"about":[{"href":"https:\/\/www.fu-frechen.de\/index.php?rest_route=\/wp\/v2\/types\/post"}],"author":[{"embeddable":true,"href":"https:\/\/www.fu-frechen.de\/index.php?rest_route=\/wp\/v2\/users\/3"}],"replies":[{"embeddable":true,"href":"https:\/\/www.fu-frechen.de\/index.php?rest_route=%2Fwp%2Fv2%2Fcomments&post=4511"}],"version-history":[{"count":11,"href":"https:\/\/www.fu-frechen.de\/index.php?rest_route=\/wp\/v2\/posts\/4511\/revisions"}],"predecessor-version":[{"id":6195,"href":"https:\/\/www.fu-frechen.de\/index.php?rest_route=\/wp\/v2\/posts\/4511\/revisions\/6195"}],"wp:attachment":[{"href":"https:\/\/www.fu-frechen.de\/index.php?rest_route=%2Fwp%2Fv2%2Fmedia&parent=4511"}],"wp:term":[{"taxonomy":"category","embeddable":true,"href":"https:\/\/www.fu-frechen.de\/index.php?rest_route=%2Fwp%2Fv2%2Fcategories&post=4511"},{"taxonomy":"post_tag","embeddable":true,"href":"https:\/\/www.fu-frechen.de\/index.php?rest_route=%2Fwp%2Fv2%2Ftags&post=4511"}],"curies":[{"name":"wp","href":"https:\/\/api.w.org\/{rel}","templated":true}]}}