{"id":4590,"date":"2018-10-28T14:42:24","date_gmt":"2018-10-28T13:42:24","guid":{"rendered":"http:\/\/www.fu-frechen.de\/?p=4590"},"modified":"2019-07-29T18:21:11","modified_gmt":"2019-07-29T16:21:11","slug":"gruselt-euch","status":"publish","type":"post","link":"https:\/\/www.fu-frechen.de\/?p=4590","title":{"rendered":"Gruselt euch!"},"content":{"rendered":"<p style=\"text-align: justify;\"><strong>H<\/strong>alloween? Geh weg, brauch ich nicht. Mir reicht zum Gruseln der Auftritt von Donald Trump in<a href=\"https:\/\/www.fu-frechen.de\/wp-content\/uploads\/2018\/10\/9tr-dino.png\"><img decoding=\"async\" loading=\"lazy\" class=\"alignright wp-image-4596\" src=\"https:\/\/www.fu-frechen.de\/wp-content\/uploads\/2018\/10\/9tr-dino-285x300.png\" alt=\"\" width=\"203\" height=\"214\" srcset=\"https:\/\/www.fu-frechen.de\/wp-content\/uploads\/2018\/10\/9tr-dino-285x300.png 285w, https:\/\/www.fu-frechen.de\/wp-content\/uploads\/2018\/10\/9tr-dino-624x656.png 624w, https:\/\/www.fu-frechen.de\/wp-content\/uploads\/2018\/10\/9tr-dino.png 761w\" sizes=\"(max-width: 203px) 100vw, 203px\" \/><\/a> den Fersehnachrichten. Zum Gruselkabinett gesellen sich dann noch der aussichtsreichste Pr\u00e4sidentschaftskandidat in Brasilien*, und Italiens Innenminister Salvini. Ja, muss ich noch mehr Namen aufz\u00e4hlen? St\u00f6bert mal in den Blog-Beitr\u00e4gen der letzten Monate, und Ihr findet weitere.<\/p>\n<p style=\"text-align: justify;\">Inzwischen gibt es so viele A&#8230;, die frech aus der Deckung kommen und Phrasen unmenschlichen Inhalts in Kameras bl\u00f6ken oder im Internet posten. Sind die darauf etwa stolz? Wie kann ein Mensch, dessen Verstand noch nicht von Eitelkeit und Geltungssucht vernebelt ist, stolz sein auf den Beifall von Kleingeistern und hasserf\u00fcllten Psychopathen? Wie arm ist das denn? Wie schlimm muss ein Land herunterkommen, damit eine gro\u00dfm\u00e4ulige, menschenverachtende, frauenhassende Vogelscheuche zum Pr\u00e4sidenten gew\u00e4hlt wird? Wie bekloppt muss das Weltbild von solchen W\u00e4hlern und W\u00e4hlerinnen sein, dass sie sich das Heil von einer solchen Witzfigur erhoffen? Und wie wenig m\u00fcssen solche Menschen von Politik verstehen?<\/p>\n<p style=\"text-align: justify;\">Ganz zu schweigen davon, dass die Mehrzahl der Menschen offenbar nichts aus der Geschichte lernen will, vielmehr unbedingt Brecht best\u00e4tigen will, der einmal schrieb: &#8222;Die d\u00fcmmsten K\u00e4lber w\u00e4hlen ihre Schl\u00e4chter selber.&#8220; Wo bleibt der politisch-moralische Fortschritt, den sich viele Menschen nach dem Ende des Kalten Krieges erhofften? In manchen L\u00e4ndern, so scheint es, sind viele Leute so vergesslich, dass sie nicht mehr wissen, wie schrecklich Krieg ist und wie es dazu kommen kann; wie machtgeile Politiker die Leute behumsen und an der Nase herumf\u00fchren; wie auf menschenverachtende Worte oft reale Diskriminierung und schlie\u00dflich Gewalt gegen Minderheiten folgt; wie ein fremdenfeindlicher Mob bis zu Mordtaten aufgestachelt werden kann; und so fort.<\/p>\n<p style=\"text-align: justify;\">Was ist das, was diesen Menschen Ged\u00e4chtnis und Verstand benebelt? Was treibt viele dazu, doch wieder Versprechungen zu glauben, blo\u00df weil die ihre W\u00fcnsche und Sehns\u00fcchte artikulieren? Was treibt viele dazu, einer Politik zuzustimmen, die im Grunde gegen ihre eigenen Interessen gerichtet ist? Was macht diese Menschen zu Stimmvieh, das lieber blind glaubt, als mit eigenem kritischen Verstand zu urteilen?<\/p>\n<p style=\"text-align: justify;\">Und warum sagt man ihnen nicht, dass eine Wahl kein Fun-Event ist, bei dem der absurdeste Kandidat den Publikums-Preis gewinnt? Warum lehrt man die einfacheren Gem\u00fcter nicht, sich auf ihre eigenen Interessen zu besinnen und genau hinzuh\u00f6ren und hinzuschauen, wer was anbietet, und wer sich wirklich f\u00fcr die Interessen des W\u00e4hlers\/der W\u00e4hlerin einsetzt? Im Zweifel gilt der Spruch: &#8222;An ihren Taten sollt ihr sie erkennen.&#8220; Und nicht etwa: Glaubt denen mit den sch\u00f6nsten Phrasen.<\/p>\n<p style=\"text-align: justify;\">Aber leider haben Viele ein kurzes Ged\u00e4chtnis und erinnern sich nicht mehr, wie sie erst neulich behumst wurden. Es gibt ja heute so viel Ablenkung, da f\u00e4llt es einem schwer, mal richtig nachzudenken und das Wesentliche zu erkennen&#8230;<\/p>\n<p>W. R.<\/p>\n<p>* dazu mehr hier: <a href=\"https:\/\/www.greenpeace-magazin.de\/nachrichten\/trump-der-tropen-eine-bedrohung-auch-fuer-umwelt-klima-und-aktivisten\">\u201eTrump der Tropen\u201c \u2013 eine Bedrohung auch f\u00fcr Umwelt, Klima und Aktivisten | Greenpeace Magazin<\/a>&nbsp; und ein Nachtrag vom 28.12.2018, kurz vor dem Amtsantritt des demokratisch gew\u00e4hlten <a href=\"https:\/\/www.tagesspiegel.de\/politik\/jair-bolsonaro-uebernimmt-die-macht-brasilien-wird-ein-land-der-vergangenheit\/23802076.html\">(1) Jair Bolsonaro \u00fcbernimmt die Macht: Brasilien wird ein Land der Vergangenheit &#8211; Politik &#8211; Tagesspiegel<\/a><\/p>\n<p style=\"text-align: justify;\"><em>Nachsatz am 29.10.:<\/em> Obiger Beitrag war nicht etwa speziell auf die gestrige Landtagswahl in Hessen gem\u00fcnzt, sondern (wie immer in diesem Blog) weitreichender gemeint.<\/p>\n<p style=\"text-align: justify;\">Doch ein Punkt aus dem ganzen Statistik-Salat zur Hessen-Wahl ist mir aufgefallen: In der Wahlanalyse nach Altersgruppen w\u00e4hlten \u00fcberdurchschnittlich viele j\u00fcngere Leute die Gr\u00fcnen, bei der CDU-W\u00e4hlerschaft \u00fcberwogen eher die \u00c4lteren. Daraus k\u00f6nnte man schlie\u00dfen: Zukunftsthemen wie Umwelt- und Klimaschutz sind den J\u00fcngeren wichtiger als den \u00c4lteren, weil sie voraussichtlich noch l\u00e4ngere Zeit in dieser Zukunft verbringen und die Folgen heutiger Vers\u00e4umnisse ausbaden m\u00fcssen.<\/p>\n<p><em>Noch&#8217;n Nachsatz zum Nachsatz:<\/em> Die Statistik sagt, dass unter den AfD-W\u00e4hlern der M\u00e4nner-Anteil deutlich h\u00f6her ist als der von Frauen. Was sagt uns das? Eine Autorin stellt dazu ganz eigene \u00dcberlegungen an: <a href=\"http:\/\/www.spiegel.de\/kultur\/gesellschaft\/wahlverhalten-von-maennern-sehnsucht-nach-klaren-verhaeltnissen-a-1235882.html\">Wahlverhalten von M\u00e4nnern: Sehnsucht nach klaren Verh\u00e4ltnissen &#8211; SPIEGEL ONLINE<\/a><\/p>\n<p><img decoding=\"async\" loading=\"lazy\" class=\"aligncenter\" src=\"https:\/\/www.fu-frechen.de\/wp-content\/uploads\/2013\/06\/13g+-300x219.jpg\" width=\"106\" height=\"78\"><\/p>\n<p>&nbsp;<\/p>\n","protected":false},"excerpt":{"rendered":"<p>Halloween? Geh weg, brauch ich nicht. Mir reicht zum Gruseln der Auftritt von Donald Trump in den Fersehnachrichten. Zum Gruselkabinett gesellen sich dann noch der aussichtsreichste Pr\u00e4sidentschaftskandidat in Brasilien*, und Italiens Innenminister Salvini. Ja, muss ich noch mehr Namen aufz\u00e4hlen? St\u00f6bert mal in den Blog-Beitr\u00e4gen der letzten Monate, und Ihr findet weitere. Inzwischen gibt es [&hellip;]<\/p>\n","protected":false},"author":3,"featured_media":0,"comment_status":"closed","ping_status":"open","sticky":false,"template":"","format":"standard","meta":[],"categories":[1,534],"tags":[395,516],"_links":{"self":[{"href":"https:\/\/www.fu-frechen.de\/index.php?rest_route=\/wp\/v2\/posts\/4590"}],"collection":[{"href":"https:\/\/www.fu-frechen.de\/index.php?rest_route=\/wp\/v2\/posts"}],"about":[{"href":"https:\/\/www.fu-frechen.de\/index.php?rest_route=\/wp\/v2\/types\/post"}],"author":[{"embeddable":true,"href":"https:\/\/www.fu-frechen.de\/index.php?rest_route=\/wp\/v2\/users\/3"}],"replies":[{"embeddable":true,"href":"https:\/\/www.fu-frechen.de\/index.php?rest_route=%2Fwp%2Fv2%2Fcomments&post=4590"}],"version-history":[{"count":18,"href":"https:\/\/www.fu-frechen.de\/index.php?rest_route=\/wp\/v2\/posts\/4590\/revisions"}],"predecessor-version":[{"id":5480,"href":"https:\/\/www.fu-frechen.de\/index.php?rest_route=\/wp\/v2\/posts\/4590\/revisions\/5480"}],"wp:attachment":[{"href":"https:\/\/www.fu-frechen.de\/index.php?rest_route=%2Fwp%2Fv2%2Fmedia&parent=4590"}],"wp:term":[{"taxonomy":"category","embeddable":true,"href":"https:\/\/www.fu-frechen.de\/index.php?rest_route=%2Fwp%2Fv2%2Fcategories&post=4590"},{"taxonomy":"post_tag","embeddable":true,"href":"https:\/\/www.fu-frechen.de\/index.php?rest_route=%2Fwp%2Fv2%2Ftags&post=4590"}],"curies":[{"name":"wp","href":"https:\/\/api.w.org\/{rel}","templated":true}]}}