{"id":4642,"date":"2019-02-18T00:01:36","date_gmt":"2019-02-17T23:01:36","guid":{"rendered":"http:\/\/www.fu-frechen.de\/?p=4642"},"modified":"2021-12-07T17:15:40","modified_gmt":"2021-12-07T16:15:40","slug":"zukunft-ein-auslaufmodell","status":"publish","type":"post","link":"https:\/\/www.fu-frechen.de\/?p=4642","title":{"rendered":"Zukunft &#8211; ein Auslaufmodell?"},"content":{"rendered":"<p style=\"text-align: justify;\"><strong><a href=\"https:\/\/www.fu-frechen.de\/wp-content\/uploads\/2015\/08\/6e.jpg\"><img decoding=\"async\" loading=\"lazy\" class=\"alignleft  wp-image-2370\" src=\"https:\/\/www.fu-frechen.de\/wp-content\/uploads\/2015\/08\/6e-292x300.jpg\" alt=\"\" width=\"208\" height=\"214\" srcset=\"https:\/\/www.fu-frechen.de\/wp-content\/uploads\/2015\/08\/6e-292x300.jpg 292w, https:\/\/www.fu-frechen.de\/wp-content\/uploads\/2015\/08\/6e-995x1024.jpg 995w, https:\/\/www.fu-frechen.de\/wp-content\/uploads\/2015\/08\/6e-624x642.jpg 624w\" sizes=\"(max-width: 208px) 100vw, 208px\" \/><\/a>Z<\/strong>ukunft? Nein danke! Oder was? Haben wir eigentlich noch Grund, uns eine positivere, eine bessere Zukunft f\u00fcr dieses Land, f\u00fcr diesen Kontinent, f\u00fcr unseren Planeten zu erhoffen? Was uns einige Leute als gro\u00dfe Versprechen der Zukunft an die Wand projizieren, sieht doch eher nach negativer Utopie aus. Algorithmen bestimmen immer mehr Bereiche unseres Lebens, je weiter die Digitalisierung fortschreitet, und China f\u00fchrt uns deutlich vor Augen, wie der \u00dcberwachungsstaat in naher Zukunft Alle mit digitalen Mitteln beobachtet, g\u00e4ngelt, bewertet und damit Lebenschancen verteilt oder verweigert.<br \/>\nAuch bei uns hat die allgegenw\u00e4rtige Datensammelei schon zu Auswirkungen gef\u00fchrt, von denen die Betroffenen selbst oft nicht einmal erfahren. <!--more--><!--more-->Sp\u00e4testens seit den Enth\u00fcllungen von Edward Snowdon wei\u00df man, wie weit das die NSA und andere Dienste schon getrieben haben. Google wei\u00df eh schon jede Menge Dinge \u00fcber uns. Und wer Geld daf\u00fcr zahlt, kann bei bestimmten Firmen gro\u00dfe oder kleinere Datens\u00e4tze kaufen, die detaillierte Pers\u00f6nlichkeitsprofile enthalten. Was der K\u00e4ufer damit macht? Das bleibt ihm \u00fcberlassen.<br \/>\nEs gab schon immer naive Leute, die mangels Fantasie oder aus Bequemlichkeit die Achseln zuckten und sagten: &#8222;Na und? Ich habe nichts zu verbergen.&#8220; Die Datensammler offenbar schon, wie ihre Geheimniskr\u00e4merei zeigt.<\/p>\n<p style=\"text-align: justify;\">Da wird eifrig an<em> K\u00fcnstlicher Intelligenz (KI)<\/em> gebastelt, als ob es blo\u00df um irgendeine technische Neuheit ginge, aber kaum jemand fragt, ob die Welt das wirklich braucht, und ob da nicht Risiken auftauchen, die zun\u00e4chst nicht beherrschbar sind und unreguliert herumgeistern. Im Zweifel werden erst einmal Vorteile an die Wand projiziert: KI soll das Leben leichter machen. Ah ja? Wessen Leben? Und f\u00fcr wen wird was leichter?<\/p>\n<p style=\"text-align: justify;\">Immer wieder wird vom <em>Autonomen Autofahren<\/em> berichtet, das in Zukunft den Chauffeur \u00fcberfl\u00fcssig machen soll. Millionen Busfahrer in aller Welt sehen sich also in Zukunft arbeitslos. Brauchen wir wirklich das &#8222;autonom&#8220; fahrende Auto? Jahrzehnte lang verkaufte uns die Autowerbung in Hochglanzbrosch\u00fcren und rasanten Werbespots den immer weiter erh\u00f6hten &#8222;Fahrspa\u00df&#8220;. Damit ist es also bald vorbei, weil die Industrie dann ihre neue, autonome Kfz-Generation verkaufen will. Dann wird uns die Werbung als h\u00f6chstes Autofahrer-Gl\u00fcck das Heruml\u00fcmmeln und Filmegucken w\u00e4hrend der Fahrt anpreisen. Du hast kein Steuer mehr in der Hand, alles geht automatisch, das gute, alte Autofahren ist abgeschafft. (Von der heute schon wuchernden Datensammelei der Autofirmen wollen wir gar nicht erst reden.)<\/p>\n<p style=\"text-align: justify;\">Dann wird bei Formel-1-Rennen pr\u00e4miert, wer am elegantesten hinter dem (\u00fcberfl\u00fcssigen) Steuer herumgel\u00fcmmelt ist und die besten Faxen gemacht hat. Oder die Fahrer werden gleich ganz arbeitslos, ihre Fotos verbleichen in einer Hall of Fame der Formel-1-Geschichte.<\/p>\n<p style=\"text-align: justify;\">Wer erz\u00e4hlt uns ehrlich, welche Folgen der rasante &#8222;Fortschritt&#8220; der <em>Digitalisierung<\/em> nach sich zieht? Von &#8222;der Politik&#8220; erwarte ich nicht viel, sie hinkt sowieso der rasanten technischen Entwicklung hinterher. Die kriegen ja nicht einmal in den Griff, die B\u00fcrgerInnen vor P\u00f6belei und\u00a0 Mobbing im Internet zu sch\u00fctzen. Gro\u00dfe Firmen, die Internet-Plattformen betreiben, lassen sich nur zu Konzessionen herbei, wenn Abwanderung von Kunden in gr\u00f6\u00dferer Zahl droht.<\/p>\n<p style=\"text-align: justify;\">\u00dcberhaupt, das Internet. Tr\u00e4umte man in den 1990er Jahren noch von unbegrenzter Meinungs- und Informationsfreiheit, ist l\u00e4ngst Ern\u00fcchterung eingetreten. Autorit\u00e4re Regierungen finden Wege, diese Freiheiten auch im Internet einzuschr\u00e4nken. Und sie nutzen es f\u00fcr verdeckte Aktionen, um in anderen L\u00e4ndern Desinformation und Verwirrung zu verbreiten. Oder sie spionieren technische Entwicklungen bei innovativen Betrieben aus, kopieren deren Produkte und bringen sie billiger auf den Markt. Kennt Ihr alles l\u00e4ngst? Das will ich hoffen! Es soll ja immer noch Betriebe geben, die ihre Computersicherheit vernachl\u00e4ssigen und so am falschen Ende sparen.<\/p>\n<p style=\"text-align: justify;\">Wie leichtsinnig oder unbedacht doch manche Menschen zu Werke gehen! Kein Wunder, dass es immer wieder auch zu Pannen und Unf\u00e4llen kommt, sei es im Stra\u00dfenverkehr, im Atomkraftwerk, am Operationstisch, beim Servieren hei\u00dfer Suppe, oder beim Benutzen eines Kondoms beim Geschlechtsverkehr. Wieso Letzteres? Weil so ein Gummi bei falscher Handhabung rei\u00dfen kann, oder weil ein Dummi ihn gleich wegl\u00e4sst und damit riskiert, dass das HIV-Virus weiter verbreitet wird.<\/p>\n<p style=\"text-align: justify;\">Wird sich das in Zukunft bessern? Was die Menschen und ihr Verhalten betrifft, wohl kaum. Und daher ist auch zu bef\u00fcrchten, dass &#8222;die Politik&#8220; im Gro\u00dfen und Ganzen keine Fortschritte machen wird. Wenn unsere Demokratie einigerma\u00dfen stabil bleibt, k\u00f6nnen wir froh sein. Warum? Mensch, schau dich um in der Welt, und beantworte die Frage selbst! Und wenn wir es in unserer Demokratie schaffen, die Spaltung\u00a0 in Arm und Re\u00edch einigerma\u00dfen abzumildern und einen Rest von Solidarit\u00e4t in unserer Gesellschaft zu erhalten und zu st\u00e4rken, dann haben wir schon viel erreicht und k\u00f6nnen einen sozialen Frieden genie\u00dfen, den viele andere L\u00e4nder nicht kennen. WENN, wie gesagt&#8230;<\/p>\n<p style=\"text-align: justify;\">Ein altes Sprichwort sagt: <em>Wenn&#8217;s dem Esel zu wohl ist, dann geht er auf&#8217;s Eis.<\/em> Wer die Menschen kennt, muss bef\u00fcrchten, dass einige gegen Eseleien nicht gefeit sind und leichtfertig auf&#8217;s Spiel setzen, was wir derzeit in Deutschland, in Europa haben. Nicht alles ist gut im Staate D., vieles ist verbesserungsbed\u00fcrftig (Mietenanstieg, Pflegenotstand, Kinderarmut, ausgedehnter Niedriglohnsektor, u.a.m.). Statt also solchen Eseleien nachzulaufen, wie sie z.B. &#8222;Reichsb\u00fcrger&#8220; vertreten, sollte man mit etwas Realit\u00e4tssinn seine \u00fcbersch\u00fcssige Zeit und Energie f\u00fcr konkrete Verbesserungen einsetzen.<\/p>\n<p style=\"text-align: justify;\">Wer mit scharfem Blick die sozialen Verh\u00e4ltnisse analysiert, k\u00f6nnte zu der Ansicht kommen, dass Deutschland in den letzten zwei Jahrzehnten zu einem Ausbeuterparadies gemacht wurde. Wieso das? Also, wenn ein Unternehmen Aktivit\u00e4ten auslagert und an billiger arbeitende Subunternehmer vergibt, dann hei\u00dft das: Diese Subunternehmer arbeiten billiger, weil sie schlechtere L\u00f6hne an ihre Mitarbeiter zahlen. Diese Mitarbeiter haben also einen Job, einen schlecht bezahlten, fallen damit aber aus der Arbeitslosenstatistik. K\u00f6nnen sie aber von diesem Job nicht leben, wird ihr Lohn aus Steuermitteln vom Staat aufgestockt.<\/p>\n<p style=\"text-align: justify;\">Das kann man auch so sehen: Der Staat zahlt Geld, um Niedrigl\u00f6hne zu subventionieren und der \u00d6ffentlichkeit stolz eine sinkende Arbeitslosenquote zu verk\u00fcnden. Das ist doppelte Augenwischerei. Und eine Art, die Leute zu behumsen und Beruhigungspillen zu verteilen. Was das mit dem Thema &#8222;Zukunft&#8220; zu tun hat? Was f\u00fcr eine Frage! Denk mal kurz an Rente und Altersarmut&#8230; !<\/p>\n<p style=\"text-align: justify;\">Das Thema &#8222;Zukunft&#8220; hat, wie Alle wissen (sollten), noch eine viel gr\u00f6\u00dfere, globale Dimension. Es geht um den Klimawandel, den wir unbedingt stoppen sollten, aber inzwischen nur noch abbremsen k\u00f6nnen. Viel Zeit ist schon ohne wirksame Gegenma\u00dfnahmen verstrichen, seit in den 1980er Jahren deutlich davor gewarnt wurde. Und die globale Erw\u00e4rmung beschleunigt sich sogar. Dar\u00fcber sollten wir alle informiert sein, das brauche ich hier nicht auszubreiten. Gebremst wurden wirksame Gegenma\u00dfnahmen bisher von Gro\u00dfkonzernen mit kurzfistigem Profitinteresse, die &#8222;der Politik&#8220; auf den F\u00fc\u00dfen stehen und Politiker n\u00f6tigen, die Bev\u00f6lkerung dummzuschw\u00e4tzen.<\/p>\n<p>&#8222;We&#8217;re not gonna sit in silence, we&#8217;re not gonna sit in fear!&#8220; <a href=\"https:\/\/www.youtube.com\/watch?v=tbkOZTSvrHs\">John Farnham &#8211; You&#8217;re the Voice &#8211; YouTube<\/a><\/p>\n<p style=\"text-align: justify;\">In diesem Lichte muss man <a href=\"http:\/\/www.spiegel.de\/wissenschaft\/natur\/greta-thunberg-das-gesicht-der-globalen-klimabewegung-a-1241185.html\">Greta Thunberg: Das Gesicht der globalen Klimabewegung &#8211; SPIEGEL ONLINE<\/a> unbedingt lobend erw\u00e4hnen:\u00a0 <a href=\"https:\/\/www.youtube.com\/watch?v=HzeekxtyFOY\">You Are Stealing Our Future: Greta Thunberg, 15, Condemns the World\u2019s Inaction on Climate Change &#8211; YouTube<\/a><\/p>\n<p style=\"text-align: justify;\">Klar, dass auch hier die Nebelkerzenwerfer versuchen, die Person madig zu machen, weil es keine Sachargumente gegen ihr Anliegen gibt. <a href=\"http:\/\/www.spiegel.de\/wissenschaft\/mensch\/globale-erwaermung-so-entlarven-sie-klimawandel-leugner-a-1251147.html\">Globale Erw\u00e4rmung: So entlarven Sie Klimawandel-Leugner &#8211; SPIEGEL ONLINE<\/a><\/p>\n<h1><span style=\"color: #ff6600;\"><em>Fridays for future!<\/em><\/span><\/h1>\n<p style=\"text-align: justify;\">W. R.<\/p>\n<p>Nachtrag am 31.03.2019: Hier der ultimative Kommentar &gt; <a href=\"http:\/\/www.spiegel.de\/wissenschaft\/mensch\/fridays-for-future-die-kinder-sind-laengst-noch-nicht-wuetend-genug-a-1260262.html\">Fridays For Future: Die Kinder sind l\u00e4ngst noch nicht w\u00fctend genug &#8211; SPIEGEL ONLINE<\/a><\/p>\n<p>Nachtrag am 19.04.2019: F\u00fcr jeden Menschen ist die Frage von Interesse, die dieser Artikel behandelt &gt; <a href=\"https:\/\/www.spiegel.de\/gesundheit\/psychologie\/psychologie-gluecklich-durch-zuversicht-a-1263279.html\">Psychologie: Gl\u00fccklich durch Zuversicht &#8211; SPIEGEL ONLINE<\/a><\/p>\n<p>Wer das alles f\u00fcr unseri\u00f6se Meinungsmache h\u00e4lt, der kann sich mal diesen Vortrag eines seri\u00f6sen Wissenschaftlers anh\u00f6ren: <a href=\"https:\/\/www.youtube.com\/watch?v=_ccCrhWhkTQ\">Di\u00f6zesanempfang 2019 &#8211; Vortrag von Prof. Dr. Harald Lesch &#8211; YouTube<\/a>\u00a0 Wer mitdenkt, kann daraufhin seine eigenen Schl\u00fcsse ziehen.<\/p>\n<p><img decoding=\"async\" loading=\"lazy\" class=\"aligncenter\" src=\"https:\/\/www.fu-frechen.de\/wp-content\/uploads\/2013\/06\/13g+-300x219.jpg\" width=\"106\" height=\"78\" \/><\/p>\n","protected":false},"excerpt":{"rendered":"<p>Zukunft? Nein danke! Oder was? Haben wir eigentlich noch Grund, uns eine positivere, eine bessere Zukunft f\u00fcr dieses Land, f\u00fcr diesen Kontinent, f\u00fcr unseren Planeten zu erhoffen? Was uns einige Leute als gro\u00dfe Versprechen der Zukunft an die Wand projizieren, sieht doch eher nach negativer Utopie aus. Algorithmen bestimmen immer mehr Bereiche unseres Lebens, je [&hellip;]<\/p>\n","protected":false},"author":3,"featured_media":0,"comment_status":"closed","ping_status":"open","sticky":false,"template":"","format":"standard","meta":[],"categories":[1,544],"tags":[521,507,520],"_links":{"self":[{"href":"https:\/\/www.fu-frechen.de\/index.php?rest_route=\/wp\/v2\/posts\/4642"}],"collection":[{"href":"https:\/\/www.fu-frechen.de\/index.php?rest_route=\/wp\/v2\/posts"}],"about":[{"href":"https:\/\/www.fu-frechen.de\/index.php?rest_route=\/wp\/v2\/types\/post"}],"author":[{"embeddable":true,"href":"https:\/\/www.fu-frechen.de\/index.php?rest_route=\/wp\/v2\/users\/3"}],"replies":[{"embeddable":true,"href":"https:\/\/www.fu-frechen.de\/index.php?rest_route=%2Fwp%2Fv2%2Fcomments&post=4642"}],"version-history":[{"count":27,"href":"https:\/\/www.fu-frechen.de\/index.php?rest_route=\/wp\/v2\/posts\/4642\/revisions"}],"predecessor-version":[{"id":7363,"href":"https:\/\/www.fu-frechen.de\/index.php?rest_route=\/wp\/v2\/posts\/4642\/revisions\/7363"}],"wp:attachment":[{"href":"https:\/\/www.fu-frechen.de\/index.php?rest_route=%2Fwp%2Fv2%2Fmedia&parent=4642"}],"wp:term":[{"taxonomy":"category","embeddable":true,"href":"https:\/\/www.fu-frechen.de\/index.php?rest_route=%2Fwp%2Fv2%2Fcategories&post=4642"},{"taxonomy":"post_tag","embeddable":true,"href":"https:\/\/www.fu-frechen.de\/index.php?rest_route=%2Fwp%2Fv2%2Ftags&post=4642"}],"curies":[{"name":"wp","href":"https:\/\/api.w.org\/{rel}","templated":true}]}}