{"id":4658,"date":"2018-12-28T16:58:00","date_gmt":"2018-12-28T15:58:00","guid":{"rendered":"http:\/\/www.fu-frechen.de\/?p=4658"},"modified":"2019-04-17T22:51:32","modified_gmt":"2019-04-17T20:51:32","slug":"freiheit-die-ich-meine","status":"publish","type":"post","link":"https:\/\/www.fu-frechen.de\/?p=4658","title":{"rendered":"Freiheit, die ich meine&#8230;"},"content":{"rendered":"<p style=\"text-align: justify;\"><strong>FREIHEIT.<\/strong> Ein Wort, ein Begriff, und im konkreten Fall durchaus verschiedene Vorstellungen, was es bedeutet. &#8222;Freie Fahrt f\u00fcr freie B\u00fcrger&#8220; etwa, die Freiheit, auf Autobahnen zu rasen, \u00fcberm\u00e4\u00dfig Treibstoff zu verbrauchen und Abgase in die Luft zu blasen&#8230; und im Un-falle sein Leben zu lassen oder Unbeteiligte in den Tod zu schicken.<img decoding=\"async\" loading=\"lazy\" class=\"attachment-60x60 alignright\" src=\"https:\/\/www.fu-frechen.de\/wp-content\/uploads\/2014\/01\/80a-150x150.jpg\" alt=\"\" width=\"120\" height=\"120\" \/><br \/>\nOder die Freiheit, an Silvester hemmungslos B\u00f6ller und Feuerwerk abzubrennen und dabei wenig bis keine R\u00fccksicht zu nehmen. Einige Gedankenlose und Schwachk\u00f6pfe z\u00fcnden schon Stunden, ja Tage vor dem Jahreswechsel die ersten B\u00f6ller, nur so zum Ausprobieren, und erschrecken Menschen und Tiere, finden das gar lustig. Geht es Silvester auf 24 Uhr zu, gibt es kein Halten mehr&#8230;<br \/>\nWer Fenster und T\u00fcren nicht geschlossen h\u00e4lt, hat den Mief der Millionen pulverisierten Euros in der Wohnung, bei schwacher Luftbewegung riecht man die giftigen Rauchschwaden noch am n\u00e4chsten Morgen in den Stra\u00dfen der Innenstadt.<br \/>\nEinige St\u00e4dte in Deutschland haben aktuell die B\u00f6llerei zumindest in ihrer Alt- bzw. Innenstadt verboten, haupts\u00e4chlich wegen der Brandgefahr in der verdichteten Bebauung. Das passt nicht Allen, aber in Umfragen zeichnet sich eine Mehrheit f\u00fcr Vernunft und Verantwortung ab. Und ja, vergessen wir nicht: Wer Freiheit will, muss auch die Verantwortung f\u00fcr sein Tun \u00fcbernehmen, denn Freiheit und Verantwortung geh\u00f6ren zusammen. Das ist Ihnen doch hoffentlich nicht neu, oder doch?<\/p>\n<p style=\"text-align: justify;\">Eine Diskussion dazu: <a href=\"http:\/\/www.spiegel.de\/forum\/politik\/silvester-cdu-vize-kloeckner-gegen-boeller-verbot-thread-844999-1.html\">Silvester: CDU-Vize Kl\u00f6ckner gegen B\u00f6ller-Verbot &#8211; Forum SPIEGEL ONLINE<\/a>Au\u00dferdem: <a href=\"http:\/\/www.spiegel.de\/wissenschaft\/natur\/wetter-zu-silvester-nebel-und-feinstaub-a-1245824.html\">Wetter zu Silvester: Nebel und Feinstaub &#8211; SPIEGEL ONLINE<\/a> , und:\u00a0 <a href=\"http:\/\/www.spiegel.de\/panorama\/gesellschaft\/boeller-nach-youtube-anleitung-gebaut-junger-mann-schwer-verbrannt-a-1245818.html\">B\u00f6ller nach YouTube-Anleitung gebaut: Junger Mann schwer verbrannt &#8211; SPIEGEL ONLINE<\/a><\/p>\n<p>W. R.<\/p>\n<p><em>Und ein wichtiger Nachtrag am 27.01.2019:<\/em> <a href=\"http:\/\/www.spiegel.de\/wissenschaft\/mensch\/politische-argumente-der-menschenverstand-ist-ein-schwachkopf-a-1250050.html\">Politische Argumente: Der &#8222;Menschenverstand&#8220; ist ein Schwachkopf &#8211; SPIEGEL ONLINE<\/a><\/p>\n<p style=\"text-align: justify;\">Abschlie\u00dfend zu dem gerade zitierten Kommentar \u00fcber &#8222;gesunden Menschenverstand&#8220; und seine Irrungen m\u00f6chte ich einen alten Spruch von W. R. zitieren: &#8222;Volkes Mund tut Unsinn kund!&#8220;<\/p>\n<p><img decoding=\"async\" loading=\"lazy\" class=\"aligncenter\" src=\"https:\/\/www.fu-frechen.de\/wp-content\/uploads\/2013\/06\/13g+-300x219.jpg\" width=\"106\" height=\"78\" \/><\/p>\n","protected":false},"excerpt":{"rendered":"<p>FREIHEIT. Ein Wort, ein Begriff, und im konkreten Fall durchaus verschiedene Vorstellungen, was es bedeutet. &#8222;Freie Fahrt f\u00fcr freie B\u00fcrger&#8220; etwa, die Freiheit, auf Autobahnen zu rasen, \u00fcberm\u00e4\u00dfig Treibstoff zu verbrauchen und Abgase in die Luft zu blasen&#8230; und im Un-falle sein Leben zu lassen oder Unbeteiligte in den Tod zu schicken. Oder die Freiheit, [&hellip;]<\/p>\n","protected":false},"author":3,"featured_media":0,"comment_status":"closed","ping_status":"open","sticky":false,"template":"","format":"standard","meta":[],"categories":[1],"tags":[518,519],"_links":{"self":[{"href":"https:\/\/www.fu-frechen.de\/index.php?rest_route=\/wp\/v2\/posts\/4658"}],"collection":[{"href":"https:\/\/www.fu-frechen.de\/index.php?rest_route=\/wp\/v2\/posts"}],"about":[{"href":"https:\/\/www.fu-frechen.de\/index.php?rest_route=\/wp\/v2\/types\/post"}],"author":[{"embeddable":true,"href":"https:\/\/www.fu-frechen.de\/index.php?rest_route=\/wp\/v2\/users\/3"}],"replies":[{"embeddable":true,"href":"https:\/\/www.fu-frechen.de\/index.php?rest_route=%2Fwp%2Fv2%2Fcomments&post=4658"}],"version-history":[{"count":15,"href":"https:\/\/www.fu-frechen.de\/index.php?rest_route=\/wp\/v2\/posts\/4658\/revisions"}],"predecessor-version":[{"id":5153,"href":"https:\/\/www.fu-frechen.de\/index.php?rest_route=\/wp\/v2\/posts\/4658\/revisions\/5153"}],"wp:attachment":[{"href":"https:\/\/www.fu-frechen.de\/index.php?rest_route=%2Fwp%2Fv2%2Fmedia&parent=4658"}],"wp:term":[{"taxonomy":"category","embeddable":true,"href":"https:\/\/www.fu-frechen.de\/index.php?rest_route=%2Fwp%2Fv2%2Fcategories&post=4658"},{"taxonomy":"post_tag","embeddable":true,"href":"https:\/\/www.fu-frechen.de\/index.php?rest_route=%2Fwp%2Fv2%2Ftags&post=4658"}],"curies":[{"name":"wp","href":"https:\/\/api.w.org\/{rel}","templated":true}]}}