{"id":5046,"date":"2019-03-07T22:58:04","date_gmt":"2019-03-07T21:58:04","guid":{"rendered":"http:\/\/www.fu-frechen.de\/?p=5046"},"modified":"2019-10-03T15:48:59","modified_gmt":"2019-10-03T13:48:59","slug":"lasst-mehr-frauen-ran","status":"publish","type":"post","link":"https:\/\/www.fu-frechen.de\/?p=5046","title":{"rendered":"Lasst mehr Frauen ran&#8230;"},"content":{"rendered":"<p style=\"text-align: justify;\"><a href=\"https:\/\/www.fu-frechen.de\/wp-content\/uploads\/2019\/03\/2e.jpg\"><img decoding=\"async\" loading=\"lazy\" class=\"alignright size-medium wp-image-5104\" src=\"https:\/\/www.fu-frechen.de\/wp-content\/uploads\/2019\/03\/2e-107x300.jpg\" alt=\"\" width=\"107\" height=\"300\" srcset=\"https:\/\/www.fu-frechen.de\/wp-content\/uploads\/2019\/03\/2e-107x300.jpg 107w, https:\/\/www.fu-frechen.de\/wp-content\/uploads\/2019\/03\/2e-768x2156.jpg 768w, https:\/\/www.fu-frechen.de\/wp-content\/uploads\/2019\/03\/2e-365x1024.jpg 365w, https:\/\/www.fu-frechen.de\/wp-content\/uploads\/2019\/03\/2e-624x1752.jpg 624w, https:\/\/www.fu-frechen.de\/wp-content\/uploads\/2019\/03\/2e.jpg 1225w\" sizes=\"(max-width: 107px) 100vw, 107px\" \/><\/a><a href=\"https:\/\/www.fu-frechen.de\/wp-content\/uploads\/2019\/03\/Z2.png\"><img decoding=\"async\" loading=\"lazy\" class=\"alignleft  wp-image-5106\" src=\"https:\/\/www.fu-frechen.de\/wp-content\/uploads\/2019\/03\/Z2-236x300.png\" alt=\"\" width=\"74\" height=\"94\" srcset=\"https:\/\/www.fu-frechen.de\/wp-content\/uploads\/2019\/03\/Z2-236x300.png 236w, https:\/\/www.fu-frechen.de\/wp-content\/uploads\/2019\/03\/Z2-768x975.png 768w, https:\/\/www.fu-frechen.de\/wp-content\/uploads\/2019\/03\/Z2-806x1024.png 806w, https:\/\/www.fu-frechen.de\/wp-content\/uploads\/2019\/03\/Z2-624x793.png 624w, https:\/\/www.fu-frechen.de\/wp-content\/uploads\/2019\/03\/Z2.png 1192w\" sizes=\"(max-width: 74px) 100vw, 74px\" \/><\/a><strong>UM<\/strong> Weltfrauentag (8. M\u00e4rz) finde ich einen Kommentar, der immerhin eins f\u00fcr sich hat: er klingt logisch &gt; <a href=\"https:\/\/www.tagesspiegel.de\/meinung\/internationale-politik-ohne-gleichberechtigung-kein-frieden\/24073842.html\">https:\/\/www.tagesspiegel.de\/meinung\/internationale-politik-ohne-gleichberechtigung-kein-frieden\/24073842.html<\/a><\/p>\n<p style=\"text-align: justify;\">Zum Thema &#8222;Waffen und M\u00e4nner&#8220; kann ich aus eigener Erfahrung und Einsicht beitragen: Entgegen der von populistischen Politikern wie Trump oder Salvini verk\u00fcndeten Ansicht, dass mehr Waffen (insbesondere Schusswaffen) mehr Sicherheit geben sollen, sage ich: Mehr Waffen schaffen mehr Unsicherheit. Und eine Schusswaffe im Haus ist eine permanente Bedrohung f\u00fcr seine Bewohner. Denn oft wird diese Waffe, wenn sie denn zum Einsatz kommt, anders benutzt, als sich der Beschaffer das vorgestellt hat.<\/p>\n<p style=\"text-align: justify;\">Gemeinhin denken die Leute, dass junge, hei\u00dfbl\u00fctige M\u00e4nner die Welt unsicherer machen. Aber wenn man sich die \u00e4lteren und alten S\u00e4cke anschaut, die einen gro\u00dfen Teil der Welt regieren, dann fragt man sich doch, wieso gerade unter deren Regierung so viele blutige Konflikte in der Welt existieren. Es ist offensichtlich, dass so ein Trump die Welt unsicherer macht, weil er multilaterale Abkommen k\u00fcndigt und sich politisch unberechenbar verh\u00e4lt, weil er schon im Wahlkampf seine N\u00e4he zu den Waffenfabrikanten nicht verbarg, und f\u00fcr zivile Amokl\u00e4ufe und Massaker nur das Mittel kennt, dass sich alle bewaffnen sollten. Toll, so einen Dummschw\u00e4tzer hat die Welt noch gebraucht. Und wer hat ihn in dieses bedeutende Amt gew\u00e4hlt? Menschen, die einen politikunf\u00e4higen Selbstdarsteller als Rache am Establishment w\u00e4hlten, als Krawall-Otto und Anti-Kandidaten. Nur: Diese &#8222;Rache&#8220; geht nach hinten los, wie die Ergebnisse seiner Politik zeigen. Am Ende haben auch und gerade viele Trump-W\u00e4hlerInnen* das Nachsehen.<\/p>\n<p style=\"text-align: justify;\">Das haben auch diejenigen Briten, die 2016 f\u00fcr den &#8222;Brexit&#8220; gestimmt haben. Ihre heillos zerstrittene Politiker-Kaste hat ihnen nicht nur das Plebiszit eingebrockt, sondern auch die endlosen Nervereien um die Art und Weise, wie der Brexit vollzogen werden soll. M\u00e4nnlicher Macht-Poker auf Kosten des Gemeinwohls findet da statt, auch die wenigen weiblichen Politiker m\u00fchen sich, auf m\u00e4nnliche Art mitzumischen&nbsp;\u2014 wie es schon Margaret Thatcher tat (die sogar \u00fcbte, ihre Stimme tiefer und damit m\u00e4nnlicher klingen zu lassen). Was hat Thatcher dem Land beschert? Knallharte neoliberale Politik. Und auch Kriegsherrin war sie, um die Falkland-Inseln f\u00fcr Gro\u00dfbritannien gegen argentinische Anspr\u00fcche zu halten. Um welchen Preis?<\/p>\n<p style=\"text-align: justify;\">Darum: Der oben verlinkte Kommentar ist zumindest diskussionsw\u00fcrdig.<\/p>\n<p style=\"text-align: justify;\">W. R.<\/p>\n<p style=\"text-align: justify;\">* Im Sinne von Gender-Sensibilit\u00e4t wird auf dieser Website oft, aber nicht in allen m\u00f6glichen F\u00e4llen, das gro\u00dfe i im Wort gesetzt (Binnen-I), um (im vorliegenden Fall) W\u00e4hlerinnen und W\u00e4hler gleicherma\u00dfen zu benennen. Die Sache mit dem Sternchen (*) im Wort (Gendersternchen) h\u00e4lt der SR derzeit f\u00fcr nicht notwendig. Eine Diskussion dar\u00fcber kann ganz sch\u00f6n vertrackt werden, wie z.B. dieser scharfsinnige und kompetente Artikel zeigt:&nbsp; <a href=\"http:\/\/www.taz.de\/!5577446\/\">Debatte Geschlechtergerechte Sprache: Eine f\u00fcr alle &#8211; taz.de<\/a><\/p>\n<p><img decoding=\"async\" loading=\"lazy\" class=\"aligncenter\" src=\"https:\/\/www.fu-frechen.de\/wp-content\/uploads\/2013\/06\/13g+-300x219.jpg\" width=\"106\" height=\"78\"><\/p>\n","protected":false},"excerpt":{"rendered":"<p>UM Weltfrauentag (8. M\u00e4rz) finde ich einen Kommentar, der immerhin eins f\u00fcr sich hat: er klingt logisch &gt; https:\/\/www.tagesspiegel.de\/meinung\/internationale-politik-ohne-gleichberechtigung-kein-frieden\/24073842.html Zum Thema &#8222;Waffen und M\u00e4nner&#8220; kann ich aus eigener Erfahrung und Einsicht beitragen: Entgegen der von populistischen Politikern wie Trump oder Salvini verk\u00fcndeten Ansicht, dass mehr Waffen (insbesondere Schusswaffen) mehr Sicherheit geben sollen, sage ich: Mehr [&hellip;]<\/p>\n","protected":false},"author":3,"featured_media":0,"comment_status":"closed","ping_status":"open","sticky":false,"template":"","format":"standard","meta":[],"categories":[1,534,544],"tags":[355,523,441],"_links":{"self":[{"href":"https:\/\/www.fu-frechen.de\/index.php?rest_route=\/wp\/v2\/posts\/5046"}],"collection":[{"href":"https:\/\/www.fu-frechen.de\/index.php?rest_route=\/wp\/v2\/posts"}],"about":[{"href":"https:\/\/www.fu-frechen.de\/index.php?rest_route=\/wp\/v2\/types\/post"}],"author":[{"embeddable":true,"href":"https:\/\/www.fu-frechen.de\/index.php?rest_route=\/wp\/v2\/users\/3"}],"replies":[{"embeddable":true,"href":"https:\/\/www.fu-frechen.de\/index.php?rest_route=%2Fwp%2Fv2%2Fcomments&post=5046"}],"version-history":[{"count":18,"href":"https:\/\/www.fu-frechen.de\/index.php?rest_route=\/wp\/v2\/posts\/5046\/revisions"}],"predecessor-version":[{"id":5479,"href":"https:\/\/www.fu-frechen.de\/index.php?rest_route=\/wp\/v2\/posts\/5046\/revisions\/5479"}],"wp:attachment":[{"href":"https:\/\/www.fu-frechen.de\/index.php?rest_route=%2Fwp%2Fv2%2Fmedia&parent=5046"}],"wp:term":[{"taxonomy":"category","embeddable":true,"href":"https:\/\/www.fu-frechen.de\/index.php?rest_route=%2Fwp%2Fv2%2Fcategories&post=5046"},{"taxonomy":"post_tag","embeddable":true,"href":"https:\/\/www.fu-frechen.de\/index.php?rest_route=%2Fwp%2Fv2%2Ftags&post=5046"}],"curies":[{"name":"wp","href":"https:\/\/api.w.org\/{rel}","templated":true}]}}