{"id":5151,"date":"2019-04-28T21:45:12","date_gmt":"2019-04-28T19:45:12","guid":{"rendered":"http:\/\/www.fu-frechen.de\/?p=5151"},"modified":"2019-08-13T14:41:00","modified_gmt":"2019-08-13T12:41:00","slug":"aber-wozu","status":"publish","type":"post","link":"https:\/\/www.fu-frechen.de\/?p=5151","title":{"rendered":"Aber wozu?"},"content":{"rendered":"<p style=\"text-align: justify;\"><a href=\"https:\/\/www.fu-frechen.de\/wp-content\/uploads\/2017\/05\/32b.png\"><img decoding=\"async\" loading=\"lazy\" class=\"alignleft  wp-image-3691\" src=\"https:\/\/www.fu-frechen.de\/wp-content\/uploads\/2017\/05\/32b-300x228.png\" alt=\"\" width=\"323\" height=\"245\" srcset=\"https:\/\/www.fu-frechen.de\/wp-content\/uploads\/2017\/05\/32b-300x228.png 300w, https:\/\/www.fu-frechen.de\/wp-content\/uploads\/2017\/05\/32b-768x584.png 768w, https:\/\/www.fu-frechen.de\/wp-content\/uploads\/2017\/05\/32b-1024x778.png 1024w, https:\/\/www.fu-frechen.de\/wp-content\/uploads\/2017\/05\/32b-624x474.png 624w\" sizes=\"(max-width: 323px) 100vw, 323px\" \/><\/a><strong>F<\/strong>anatismus und Terror wie im Mittelalter, das ist anscheinend das Wunschziel vieler &#8222;moderner&#8220; Terroristen. Ob Christchurch (Neuseeland) im M\u00e4rz oder Sri Lanka im April 2019, die Mordanschl\u00e4ge zeigen uns, wie die schlimmsten M\u00f6rderbanden ticken. Es gibt immer einen Grund zu morden, es kommt ihnen gar nicht darauf an, warum, und gegen wen sich ihre Bomben und automatischen Waffen richten. Hauptsache: Viel Kawumm erzeugen, viel Leid anrichten, gro\u00dfes Medien-Aufsehen erreichen. Toll, gelungen!<br \/>\n<em>Aber wozu?<\/em> Das ist Nebensache, auch wenn sie behaupten, es ginge ihnen um eine Sache, eine wichtige. Blutige Anschl\u00e4ge sind nie eine positive Reklame f\u00fcr eine Sache. Einziges Resultat: Sie setzen eine Spirale von Gewalt und Gegengewalt in Gang, befeuert von Rachegedanken \u2014 eine Steinzeit-Logik, die nicht in unsere Zeit passt.<\/p>\n<p style=\"text-align: justify;\">An ihren Taten sollt ihr sie erkennen: Unf\u00e4hig zu Aussprache und Vers\u00f6hnung, kennen sie nur eine Fortsetzung der Gewalt. So auch die j\u00fcngste &#8222;Heldentat&#8220; einer kleinen Gruppe namens Neue IRA, die in Nordirland wieder B\u00fcrgerkrieg herbeiw\u00fcnscht und bei ihrer Aktion eine junge Journalistin erschie\u00dft, die nichts weiter tat als ihren Job zu machen. Diese Narren! Sie verstehen nicht, dass die Bev\u00f6lkerung weder Krieg noch B\u00fcrgerkrieg w\u00fcnscht, sie verirren sich in ihren krausen Gedanken zu der Illusion, eine &#8222;Propaganga der Tat&#8220; w\u00fcrde ihnen Sympathien gewinnen und neue Anh\u00e4nger zuf\u00fchren. Ein Blick in die Geschichte lehrt, dass meist das Gegenteil eintritt: Mit Gewalttaten verscherzen sich Terroristen die Sympathie, die vielleicht bei einem Teil der Bev\u00f6lkerung f\u00fcr ihre politischen Ziele bestand. Das lernen hoffentlich auch die Extremisten, die sich derzeit unter die Gelbwesten in Frankreich gemischt haben.<\/p>\n<p style=\"text-align: justify;\">Anscheinend funktioniert es beim Homo Sapiens meist so: Je mehr Gewaltbereitschaft er entwickelt, umso weniger ist er f\u00e4hig, kluge politische Konzepte zu denken, und noch weniger, sie mit k\u00fchlem Kopf umzusetzen. Was folgt daraus?<\/p>\n<p>S. R.<\/p>\n<p><img decoding=\"async\" loading=\"lazy\" class=\"aligncenter\" src=\"https:\/\/www.fu-frechen.de\/wp-content\/uploads\/2013\/06\/13g+-300x219.jpg\" width=\"106\" height=\"78\"><\/p>\n","protected":false},"excerpt":{"rendered":"<p>Fanatismus und Terror wie im Mittelalter, das ist anscheinend das Wunschziel vieler &#8222;moderner&#8220; Terroristen. Ob Christchurch (Neuseeland) im M\u00e4rz oder Sri Lanka im April 2019, die Mordanschl\u00e4ge zeigen uns, wie die schlimmsten M\u00f6rderbanden ticken. Es gibt immer einen Grund zu morden, es kommt ihnen gar nicht darauf an, warum, und gegen wen sich ihre Bomben [&hellip;]<\/p>\n","protected":false},"author":3,"featured_media":0,"comment_status":"closed","ping_status":"open","sticky":false,"template":"","format":"standard","meta":[],"categories":[1,526],"tags":[363,455,347],"_links":{"self":[{"href":"https:\/\/www.fu-frechen.de\/index.php?rest_route=\/wp\/v2\/posts\/5151"}],"collection":[{"href":"https:\/\/www.fu-frechen.de\/index.php?rest_route=\/wp\/v2\/posts"}],"about":[{"href":"https:\/\/www.fu-frechen.de\/index.php?rest_route=\/wp\/v2\/types\/post"}],"author":[{"embeddable":true,"href":"https:\/\/www.fu-frechen.de\/index.php?rest_route=\/wp\/v2\/users\/3"}],"replies":[{"embeddable":true,"href":"https:\/\/www.fu-frechen.de\/index.php?rest_route=%2Fwp%2Fv2%2Fcomments&post=5151"}],"version-history":[{"count":6,"href":"https:\/\/www.fu-frechen.de\/index.php?rest_route=\/wp\/v2\/posts\/5151\/revisions"}],"predecessor-version":[{"id":5522,"href":"https:\/\/www.fu-frechen.de\/index.php?rest_route=\/wp\/v2\/posts\/5151\/revisions\/5522"}],"wp:attachment":[{"href":"https:\/\/www.fu-frechen.de\/index.php?rest_route=%2Fwp%2Fv2%2Fmedia&parent=5151"}],"wp:term":[{"taxonomy":"category","embeddable":true,"href":"https:\/\/www.fu-frechen.de\/index.php?rest_route=%2Fwp%2Fv2%2Fcategories&post=5151"},{"taxonomy":"post_tag","embeddable":true,"href":"https:\/\/www.fu-frechen.de\/index.php?rest_route=%2Fwp%2Fv2%2Ftags&post=5151"}],"curies":[{"name":"wp","href":"https:\/\/api.w.org\/{rel}","templated":true}]}}