{"id":5343,"date":"2019-05-30T21:31:57","date_gmt":"2019-05-30T19:31:57","guid":{"rendered":"http:\/\/www.fu-frechen.de\/?p=5343"},"modified":"2019-06-10T16:53:05","modified_gmt":"2019-06-10T14:53:05","slug":"weiter-so","status":"publish","type":"post","link":"https:\/\/www.fu-frechen.de\/?p=5343","title":{"rendered":"Gelbe Karte, und dann weiter so?"},"content":{"rendered":"<p style=\"text-align: justify;\"><strong>I<\/strong>n der Europawahl haben sie die gelbe Karte gezeigt bekommen: Tut was! K\u00fcmmert Euch um die dr\u00e4ngenden Probleme! Und was tun die Parteien der Gro\u00dfen Koalition? Erstmal Personaldebatten anzetteln, es geht schon am Wahlabend los: Wem kann man die Schuld an den Stimmenverlusten zuschieben, wen kann man vom Posten entfernen und durch einen anderen Kandidaten ersetzen, der auf seine Chance wartet?<br \/>Die vor allem jungen Leute, die <strong>aus <span style=\"color: #ff0000;\"><em>INHALTLICHEN<\/em><\/span> Gr\u00fcnden<\/strong> andere Parteien gew\u00e4hlt haben, reiben sich die Augen: Jetzt machen die erstmal ihre Machtspielchen, darauf haben wir ganz sicher <em>nicht<\/em> gewartet! Wo bleibt die inhaltliche Debatte, wo bleiben die Taten, die erforderlich sind? Unglaublich, aber diese Leute da meinen, das sei erstmal eine Frage der Nasen, die sie dem Wahlvolk pr\u00e4sentiert haben, und die m\u00fcsse man nun austauschen. Das ist doch blo\u00df ein Weitermachen wie bisher, das bringt doch keinen Schritt weiter!<br \/>Rezo mit seinem Video kurz vor der Wahl hat den Nagel offensichtlich auf den Kopf getroffen, und das gilt leider auch noch Tage nach der Wahl! Glauben die vielleicht, sie k\u00f6nnten Greta, Rezo und die vielen anderen Aufgeweckten der jungen Generation einfach ignorieren und den Protest aussitzen?<\/p>\n<p>W. R.<\/p>\n<p style=\"text-align: justify;\">Wer nun meint, das sei doch zu pauschal gesagt, und das wolle sie\/er genauer wissen \u2014 aber gern, hier ein detaillierter Kommentar vom 02.06.19: <a href=\"https:\/\/www.spiegel.de\/wissenschaft\/mensch\/spd-und-cdu-nach-der-europawahl-waehlerschelte-und-selbstzerfleischung-a-1270248.html\">SPD und CDU nach der Europawahl: W\u00e4hlerschelte und Selbstzerfleischung &#8211; SPIEGEL ONLINE<\/a><\/p>\n<p style=\"text-align: justify;\">Wer nun meint, der Gr\u00fcnen-Hype gehe vor\u00fcber, und dann gehe es weiter wie zuvor \u2014 Vorsicht! Vielleicht hat der ja noch gar nicht erfasst, um was es wirklich geht? Ein Kommentar sieht das dramatisch und, wie mir scheint, nicht so abwegig: <a href=\"https:\/\/www.spiegel.de\/wissenschaft\/mensch\/klimawandel-den-absturz-kann-man-nicht-wegdiskutieren-kolumne-a-1271315.html\">Klimawandel: Den Absturz kann man nicht wegdiskutieren &#8211; Kolumne &#8211; SPIEGEL ONLINE<\/a> vom 09.06.19.<\/p>\n<p><img decoding=\"async\" loading=\"lazy\" class=\"aligncenter\" src=\"https:\/\/www.fu-frechen.de\/wp-content\/uploads\/2013\/06\/13g+-300x219.jpg\" width=\"106\" height=\"78\" \/><\/p>\n\n\n<p><\/p>\n","protected":false},"excerpt":{"rendered":"<p>In der Europawahl haben sie die gelbe Karte gezeigt bekommen: Tut was! K\u00fcmmert Euch um die dr\u00e4ngenden Probleme! Und was tun die Parteien der Gro\u00dfen Koalition? Erstmal Personaldebatten anzetteln, es geht schon am Wahlabend los: Wem kann man die Schuld an den Stimmenverlusten zuschieben, wen kann man vom Posten entfernen und durch einen anderen Kandidaten [&hellip;]<\/p>\n","protected":false},"author":3,"featured_media":0,"comment_status":"closed","ping_status":"open","sticky":false,"template":"","format":"standard","meta":[],"categories":[1],"tags":[527,521,529,528],"_links":{"self":[{"href":"https:\/\/www.fu-frechen.de\/index.php?rest_route=\/wp\/v2\/posts\/5343"}],"collection":[{"href":"https:\/\/www.fu-frechen.de\/index.php?rest_route=\/wp\/v2\/posts"}],"about":[{"href":"https:\/\/www.fu-frechen.de\/index.php?rest_route=\/wp\/v2\/types\/post"}],"author":[{"embeddable":true,"href":"https:\/\/www.fu-frechen.de\/index.php?rest_route=\/wp\/v2\/users\/3"}],"replies":[{"embeddable":true,"href":"https:\/\/www.fu-frechen.de\/index.php?rest_route=%2Fwp%2Fv2%2Fcomments&post=5343"}],"version-history":[{"count":16,"href":"https:\/\/www.fu-frechen.de\/index.php?rest_route=\/wp\/v2\/posts\/5343\/revisions"}],"predecessor-version":[{"id":5392,"href":"https:\/\/www.fu-frechen.de\/index.php?rest_route=\/wp\/v2\/posts\/5343\/revisions\/5392"}],"wp:attachment":[{"href":"https:\/\/www.fu-frechen.de\/index.php?rest_route=%2Fwp%2Fv2%2Fmedia&parent=5343"}],"wp:term":[{"taxonomy":"category","embeddable":true,"href":"https:\/\/www.fu-frechen.de\/index.php?rest_route=%2Fwp%2Fv2%2Fcategories&post=5343"},{"taxonomy":"post_tag","embeddable":true,"href":"https:\/\/www.fu-frechen.de\/index.php?rest_route=%2Fwp%2Fv2%2Ftags&post=5343"}],"curies":[{"name":"wp","href":"https:\/\/api.w.org\/{rel}","templated":true}]}}