{"id":5384,"date":"2019-07-28T13:44:12","date_gmt":"2019-07-28T11:44:12","guid":{"rendered":"http:\/\/www.fu-frechen.de\/?p=5384"},"modified":"2019-12-23T19:49:25","modified_gmt":"2019-12-23T18:49:25","slug":"niedergang","status":"publish","type":"post","link":"https:\/\/www.fu-frechen.de\/?p=5384","title":{"rendered":"Niedergang"},"content":{"rendered":"<p style=\"text-align: justify;\"><strong><a href=\"https:\/\/www.fu-frechen.de\/wp-content\/uploads\/2019\/07\/Z4p_LI-3.jpg\"><img decoding=\"async\" loading=\"lazy\" class=\"alignleft  wp-image-5497\" src=\"https:\/\/www.fu-frechen.de\/wp-content\/uploads\/2019\/07\/Z4p_LI-3-300x257.jpg\" alt=\"\" width=\"241\" height=\"207\" srcset=\"https:\/\/www.fu-frechen.de\/wp-content\/uploads\/2019\/07\/Z4p_LI-3-300x257.jpg 300w, https:\/\/www.fu-frechen.de\/wp-content\/uploads\/2019\/07\/Z4p_LI-3-768x658.jpg 768w, https:\/\/www.fu-frechen.de\/wp-content\/uploads\/2019\/07\/Z4p_LI-3-1024x878.jpg 1024w, https:\/\/www.fu-frechen.de\/wp-content\/uploads\/2019\/07\/Z4p_LI-3-624x535.jpg 624w\" sizes=\"(max-width: 241px) 100vw, 241px\" \/><\/a>UM<\/strong> Brexit war hier schon am 24.06.2016 Wesentliches zu lesen. Was nicht im Voraus kommentiert werden konnte, ist der politische Wahnsinn, der sich nach dem Referendum in Regierung und Parlament Gro\u00dfbritanniens fortsetzt. Vorl\u00e4ufiger H\u00f6hepunkt dieses Dramas um den endg\u00fcltigen Niedergang Britanniens ist die Meldung, dass ausgerechnet Boris Johnson die gr\u00f6\u00dften Chancen hat, nach Theresa May britischer Regierungschef zu werden. Sind die noch bei Trost? Premierminister soll ein \u00fcberf\u00fchrter L\u00fcgner werden, der das Referendum ma\u00dfgeblich mit Falschbehauptungen beeinflusst hat? Ein politischer Spieler, der das wohlwollende Schulterklopfen von Pr\u00e4sident Trump genie\u00dft (<em>Was<\/em> f\u00fcr eine Empfehlung!!).\u00a0 Das Land schreddert<a href=\"https:\/\/www.fu-frechen.de\/wp-content\/uploads\/2019\/07\/9ca-Englands-Glory-s\u00e4uft-....png\"><img decoding=\"async\" loading=\"lazy\" class=\"alignright size-medium wp-image-5716\" src=\"https:\/\/www.fu-frechen.de\/wp-content\/uploads\/2019\/07\/9ca-Englands-Glory-s\u00e4uft-...-300x274.png\" alt=\"\" width=\"300\" height=\"274\" srcset=\"https:\/\/www.fu-frechen.de\/wp-content\/uploads\/2019\/07\/9ca-Englands-Glory-s\u00e4uft-...-300x274.png 300w, https:\/\/www.fu-frechen.de\/wp-content\/uploads\/2019\/07\/9ca-Englands-Glory-s\u00e4uft-...-768x703.png 768w, https:\/\/www.fu-frechen.de\/wp-content\/uploads\/2019\/07\/9ca-Englands-Glory-s\u00e4uft-...-1024x937.png 1024w, https:\/\/www.fu-frechen.de\/wp-content\/uploads\/2019\/07\/9ca-Englands-Glory-s\u00e4uft-...-624x571.png 624w, https:\/\/www.fu-frechen.de\/wp-content\/uploads\/2019\/07\/9ca-Englands-Glory-s\u00e4uft-....png 1279w\" sizes=\"(max-width: 300px) 100vw, 300px\" \/><\/a> sich politisch selbst zu Klein-Britannien, demn\u00e4chst ein noch treuerer Vasall der USA. Das alles ist schlechte Realsatire, dazu f\u00e4llt den echten Satirikern nichts Neues mehr ein.<\/p>\n<p style=\"text-align: justify;\">Nun mal langsam, wird jetzt Manche(r) denken: &#8222;Klein-Britannien&#8220;, das ist doch ma\u00dflos \u00fcbertrieben! Ich aber gebe zu bedenken: 1. leidet schon in &#8222;Vorfreude&#8220; auf den Brexit der Finanzplatz London und ein gro\u00dfer Teil der britischen Wirtschaft, 2. ist die Einheit des United Kingdom gef\u00e4hrdet, da in Nordirland fast niemand eine neue EU-Au\u00dfengrenze zur Republik Irland will, und weil in Schottland die Bef\u00fcrworter der schottischen Unabh\u00e4ngigkeit nur darauf warten, mit einem zweiten Referendum doch noch die Losl\u00f6sung von Gro\u00dfbritannien zu schaffen. In Schottland gab es ja auch 2016 keine Mehrheit f\u00fcr den Brexit.<\/p>\n<p style=\"text-align: justify;\"><a href=\"https:\/\/www.fu-frechen.de\/wp-content\/uploads\/2019\/07\/7gb_LI-2.jpg\"><img decoding=\"async\" loading=\"lazy\" class=\"alignright  wp-image-6072\" src=\"https:\/\/www.fu-frechen.de\/wp-content\/uploads\/2019\/07\/7gb_LI-2-300x149.jpg\" alt=\"\" width=\"407\" height=\"202\" srcset=\"https:\/\/www.fu-frechen.de\/wp-content\/uploads\/2019\/07\/7gb_LI-2-300x149.jpg 300w, https:\/\/www.fu-frechen.de\/wp-content\/uploads\/2019\/07\/7gb_LI-2-768x383.jpg 768w, https:\/\/www.fu-frechen.de\/wp-content\/uploads\/2019\/07\/7gb_LI-2-1024x510.jpg 1024w, https:\/\/www.fu-frechen.de\/wp-content\/uploads\/2019\/07\/7gb_LI-2-624x311.jpg 624w, https:\/\/www.fu-frechen.de\/wp-content\/uploads\/2019\/07\/7gb_LI-2.jpg 1168w\" sizes=\"(max-width: 407px) 100vw, 407px\" \/><\/a>Aber der Ritt \u00fcber den Bodensee geht weiter, Boris Johnson ist nun sogar Premierminister geworden (nicht als Folge allgemeiner Wahlen, sondern durch Abstimmung von Mitgliedern der Konservativen Partei alias Tories). Und er setzt seine populistisch-kalkulierten Traumt\u00e4nzer-Auftritte fort: Er will in seiner ersten Rede als Premier das Land zum gro\u00dfartigsten der Welt machen (wie originell! Trump l\u00e4sst gr\u00fc\u00dfen) und verspricht eine &#8222;goldene Zukunft&#8220;. Genau wie Trump t\u00f6nt er nach seiner K\u00fcr nicht staatsm\u00e4nnischer, er bleibt gro\u00dfspurig wie zuvor.<\/p>\n<p style=\"text-align: justify;\">Und sein &#8222;Freund&#8220; Trump hilft ihm mit der Aussicht auf ein Freihandelsabkommen. Denn Trump freut sich \u00fcber alles, was die EU schw\u00e4cht. Am liebsten verhandelt er sowieso mit jedem Land einzeln, da kann er am besten Druck machen und eine gegnerische Front aufbrechen, die ihm in multilateralen Verhandlungen Paroli bieten k\u00f6nnte.<\/p>\n<p style=\"text-align: justify;\"><strong>Was f\u00fcr ein Abstieg<\/strong>, zumindest in moralischer Hinsicht: Gro\u00dfbritannien galt immer als &#8222;Mutterland der Demokratie&#8220; und leistete sich dann ein solches, mit falschen Behauptungen und einer Prise Fremdenfeindlichkeit manipuliertes Referendum. Und danach behaupten britische Politiker steif und fest: Das Volk hat gesprochen, wir m\u00fcssen jetzt den Willen des Volkes respektieren und ausf\u00fchren: blo\u00df kein neues Referendum! (Denn einige Leute sind aufgewacht und wollen nicht mehr Stimmvieh f\u00fcr L\u00fcgner sein, die sie respektlos hinter&#8217;s Licht gef\u00fchrt haben.)<\/p>\n<p style=\"text-align: justify;\">Und Trumps Amerika ist auch zum rassistischen Zerrbild dessen verkommen, was der Welt einmal mit seiner Unabh\u00e4ngigkeitserkl\u00e4rung (1776) eine gro\u00dfartige Erkl\u00e4rung der Menschenrechte lieferte.* Trumps wei\u00dfer Rassismus, seine Frauenfeindlichkeit und seine rabaukenhafte Amtsf\u00fchrung ohne Respekt vor der Verfassung (und der W\u00fcrde seines Amtes)\u00a0 lassen die USA als Vorbild f\u00fcr Demokratie verblassen. Seine \u00c4u\u00dferungen und sein Auftreten werden zunehmend bizarr. Entweder wollen die USA solch einen Mann nicht mehr im Amt dulden\u00a0\u2014 oder die USA sind nicht mehr die ideelle F\u00fchrungsmacht des &#8222;Freien Westens&#8220;, somit m\u00fcsste die Freiheitsstatue dauerhaft verh\u00fcllt werden (was de facto schon mit vielen Ma\u00dfnahmen geschieht).<\/p>\n<p style=\"text-align: justify;\">Au\u00dferdem macht Trump die Welt unsicherer, indem er multilaterale Abkommen k\u00fcndigt, indem er mit dem Kn\u00fcppel &#8222;Strafz\u00f6lle&#8220; um sich schl\u00e4gt, indem er sich oft auff\u00fchrt wie ein Mafioso. Nun schw\u00e4cht er auch noch den Verteidigungshaushalt der USA, um endlich Geld f\u00fcr sein Propaganda-Projekt der Mauer an der mexikanischen Grenze zu bekommen. Auch die Todesstrafe soll an Bundes-Gefangenen wieder vollstreckt werden&#8230; Alles, um seine reaktion\u00e4ren wei\u00dfen W\u00e4hler zu beeindrucken. F\u00fcr den Wahlkampf zur Wiederwahl m\u00fcssen eben auch ein paar Menschenleben geopfert werden.<\/p>\n<p style=\"text-align: justify;\">Was sind das blo\u00df f\u00fcr Politiker, die da mit populistischen Wellen an die Macht gesp\u00fclt werden! F\u00fcr Moral und menschlichen Anstand scheint es in manchen L\u00e4ndern derzeit keine Mehrheit zu geben. \u00dcberforderte Menschen w\u00e4hlen Steinzeit-Parolen, haben dabei ein gutes Bauchgef\u00fchl und glauben jeden Schwachsinn, wenn nur die Vokabeln &#8222;Heimat&#8220;, &#8222;Volk&#8220; und &#8222;Vaterland&#8220; darin vorkommen. Das ist so kuschelig-retro wie das sch\u00f6ngemalte Bild der Vergangenheit, in die man zur\u00fcck will. Wollt Ihr? Dann baut schon mal neue Luftschutzbunker und hamstert Vorr\u00e4te f\u00fcr den n\u00e4chsten Krieg. Und wenn es klopft, \u00f6ffnet die T\u00fcr, ehe sie von einem Gestapo- oder Stasi-Kommando eingetreten wird. Auch das war Teil eurer ach so kuscheligen Vergangenheit!<\/p>\n<p style=\"text-align: justify;\">Dann schafft auch alle Kalender ab, die die Fake-News verbreiten, dass die Zeit voranschreite und sich nicht zur\u00fcckdrehen lie\u00dfe. Und das Wort &#8222;Zukunft&#8220; darf nur noch benutzen, wer wie BoJo &#8222;goldene Zukunft&#8220; sagt und verspricht, uns dahin zu f\u00fchren. Wenn Desorientierung und Verbl\u00f6dung eine Mehrheit befallen haben, gibt es eben kein Halten mehr.<\/p>\n<p>SR<\/p>\n<p>\u00a0* mehr dazu &gt;<a href=\"https:\/\/www.netzwerk-menschenrechte.de\/6-die-amerikanische-unabhaengigkeitserklaerung-1276\/\">6. Die amerikanische Unabh\u00e4ngigkeitserkl\u00e4rung | Netzwerk Menschenrechte<\/a><\/p>\n<p style=\"text-align: justify;\"><em>Nachtrag am 30.08.2019:<\/em> Was BoJo von Demokratie h\u00e4lt, zeigte er diese Woche mit seinem Coup, das Parlament in verl\u00e4ngerte Ferien zu schicken\u00a0\u2014 bis 2 Wochen vor dem EU-Austrittsdatum (31.10.1019). Zum Machterhalt ist ihm auch dieses Mittel recht, wie Trump inszeniert er sich (schon im Wahlkampf f\u00fcr zuk\u00fcnftige Parlamentswahlen) als &#8222;starker Mann&#8220;, der sich durchsetzt ohne R\u00fccksicht auf Verfassung und politische Regeln.<\/p>\n<p style=\"text-align: justify;\">Aber jeder ist zu irgendwas gut, und sei es nur als schlechtes Beispiel. BoJo zeigt uns allen, wie Populisten mit nationalistischen Parolen ein Land ruinieren, sobald sie an der Macht sind.\u00a0\u00a0\u00a0\u00a0\u00a0\u00a0\u00a0 mehr &gt;<a href=\"https:\/\/www.sueddeutsche.de\/politik\/demokratie-johnson-trump-salvini-1.4580079\">Parlamentarismus &#8211; Volk + Anf\u00fchrer = nationale Gr\u00f6\u00dfe? &#8211; Politik &#8211; S\u00fcddeutsche.de<\/a><\/p>\n<p style=\"text-align: justify;\"><em>Nachtrag am 15.09.2019: <\/em>Was der ganze Brexit-Unfug wirklich bedeutet, beleuchtet aus kritischer Distanz dieser Kommentar<em> &gt; <a href=\"https:\/\/www.tagesspiegel.de\/politik\/grossbritannien-der-brexit-eine-gigantische-zeitverschwendung\/25013874.html\">Gro\u00dfbritannien: Der Brexit &#8211; eine gigantische Zeitverschwendung &#8211; Politik &#8211; Tagesspiegel<\/a><\/em><\/p>\n<p style=\"text-align: justify;\"><img decoding=\"async\" loading=\"lazy\" class=\"aligncenter\" src=\"https:\/\/www.fu-frechen.de\/wp-content\/uploads\/2013\/06\/13g+-300x219.jpg\" width=\"106\" height=\"78\" \/><\/p>\n\n\n<p><\/p>\n","protected":false},"excerpt":{"rendered":"<p>UM Brexit war hier schon am 24.06.2016 Wesentliches zu lesen. Was nicht im Voraus kommentiert werden konnte, ist der politische Wahnsinn, der sich nach dem Referendum in Regierung und Parlament Gro\u00dfbritanniens fortsetzt. Vorl\u00e4ufiger H\u00f6hepunkt dieses Dramas um den endg\u00fcltigen Niedergang Britanniens ist die Meldung, dass ausgerechnet Boris Johnson die gr\u00f6\u00dften Chancen hat, nach Theresa May [&hellip;]<\/p>\n","protected":false},"author":3,"featured_media":0,"comment_status":"closed","ping_status":"open","sticky":false,"template":"","format":"standard","meta":[],"categories":[1,534,530],"tags":[360,395,356,533,531,532],"_links":{"self":[{"href":"https:\/\/www.fu-frechen.de\/index.php?rest_route=\/wp\/v2\/posts\/5384"}],"collection":[{"href":"https:\/\/www.fu-frechen.de\/index.php?rest_route=\/wp\/v2\/posts"}],"about":[{"href":"https:\/\/www.fu-frechen.de\/index.php?rest_route=\/wp\/v2\/types\/post"}],"author":[{"embeddable":true,"href":"https:\/\/www.fu-frechen.de\/index.php?rest_route=\/wp\/v2\/users\/3"}],"replies":[{"embeddable":true,"href":"https:\/\/www.fu-frechen.de\/index.php?rest_route=%2Fwp%2Fv2%2Fcomments&post=5384"}],"version-history":[{"count":31,"href":"https:\/\/www.fu-frechen.de\/index.php?rest_route=\/wp\/v2\/posts\/5384\/revisions"}],"predecessor-version":[{"id":6073,"href":"https:\/\/www.fu-frechen.de\/index.php?rest_route=\/wp\/v2\/posts\/5384\/revisions\/6073"}],"wp:attachment":[{"href":"https:\/\/www.fu-frechen.de\/index.php?rest_route=%2Fwp%2Fv2%2Fmedia&parent=5384"}],"wp:term":[{"taxonomy":"category","embeddable":true,"href":"https:\/\/www.fu-frechen.de\/index.php?rest_route=%2Fwp%2Fv2%2Fcategories&post=5384"},{"taxonomy":"post_tag","embeddable":true,"href":"https:\/\/www.fu-frechen.de\/index.php?rest_route=%2Fwp%2Fv2%2Ftags&post=5384"}],"curies":[{"name":"wp","href":"https:\/\/api.w.org\/{rel}","templated":true}]}}