{"id":5503,"date":"2019-08-08T01:49:40","date_gmt":"2019-08-07T23:49:40","guid":{"rendered":"http:\/\/www.fu-frechen.de\/?p=5503"},"modified":"2019-12-09T20:37:12","modified_gmt":"2019-12-09T19:37:12","slug":"koeln-notizen-aug-19","status":"publish","type":"post","link":"https:\/\/www.fu-frechen.de\/?p=5503","title":{"rendered":"K\u00f6ln-Notizen Aug. &#8217;19"},"content":{"rendered":"<p style=\"text-align: justify;\"><strong><a href=\"https:\/\/www.fu-frechen.de\/wp-content\/uploads\/2014\/07\/51+r+so.jpg\"><img decoding=\"async\" loading=\"lazy\" class=\"alignleft  wp-image-1728\" src=\"https:\/\/www.fu-frechen.de\/wp-content\/uploads\/2014\/07\/51+r+so-300x280.jpg\" alt=\"\" width=\"199\" height=\"186\" srcset=\"https:\/\/www.fu-frechen.de\/wp-content\/uploads\/2014\/07\/51+r+so-300x280.jpg 300w, https:\/\/www.fu-frechen.de\/wp-content\/uploads\/2014\/07\/51+r+so-1024x957.jpg 1024w, https:\/\/www.fu-frechen.de\/wp-content\/uploads\/2014\/07\/51+r+so-624x583.jpg 624w, https:\/\/www.fu-frechen.de\/wp-content\/uploads\/2014\/07\/51+r+so.jpg 1287w\" sizes=\"(max-width: 199px) 100vw, 199px\" \/><\/a>F<\/strong>olgen des Klimawandels ber\u00fchren uns nicht&nbsp;\u2014 oder doch? Na gut, da waren zwei Hitze-Sommer, da waren in verschiedenen Regionen &#8222;Jahrhundertfluten&#8220;, ja mei, das kann halt passieren, das Wetter ist halt unzuverl\u00e4ssig, oder? Jetzt bombardieren sie uns vermehrt mit Meldungen von Klimasch\u00e4den: riesige Waldbr\u00e4nde in Sibirien, zuviel W\u00e4rme in der Arktis und schnelles Abschmelzen des Eises, und so.&nbsp; Fehlt noch ein Sack Reis, der in China umf\u00e4llt, oder was?<a href=\"https:\/\/www.fu-frechen.de\/wp-content\/uploads\/2019\/08\/2019-08-06-10.32.47-e1565220597559.jpg\"><img decoding=\"async\" loading=\"lazy\" class=\"alignright size-medium wp-image-5514\" src=\"https:\/\/www.fu-frechen.de\/wp-content\/uploads\/2019\/08\/2019-08-06-10.32.47-e1565220597559-225x300.jpg\" alt=\"\" width=\"225\" height=\"300\" srcset=\"https:\/\/www.fu-frechen.de\/wp-content\/uploads\/2019\/08\/2019-08-06-10.32.47-e1565220597559-225x300.jpg 225w, https:\/\/www.fu-frechen.de\/wp-content\/uploads\/2019\/08\/2019-08-06-10.32.47-e1565220597559-768x1024.jpg 768w, https:\/\/www.fu-frechen.de\/wp-content\/uploads\/2019\/08\/2019-08-06-10.32.47-e1565220597559-624x832.jpg 624w, https:\/\/www.fu-frechen.de\/wp-content\/uploads\/2019\/08\/2019-08-06-10.32.47-e1565220597559.jpg 1200w\" sizes=\"(max-width: 225px) 100vw, 225px\" \/><\/a><br \/>\nUnd jetzt dies: Hier bei uns, z.B. im K\u00f6lner Stadtwald, werden vermehrt Buchen und andere B\u00e4ume gef\u00e4llt, weil sie vertrocknen oder wegen Trockenheit anf\u00e4lliger f\u00fcr Pilze und Sch\u00e4dlinge geworden sind und umzufallen drohen. Und ein Biologe stellt fest, dass er schon mehrere Tigerm\u00fccken in K\u00f6ln gesichtet hat (die geh\u00f6ren eigentlich in die Subtropen und Tropen).<br \/>\nWer mal rausf\u00e4hrt, z.B. ins Bergische Land, sieht schon an der Autobahn immer wieder Fichten, die braun geworden sind oder schon wie Gerippe dastehen. Und beim Waldspaziergang sieht man jede Menge gef\u00e4llte Fichten, die vom letzten Sturm umgedr\u00fcckt oder abgebrochen wurden, und von denen die meisten, sogar f\u00fcr Laien <a href=\"https:\/\/www.fu-frechen.de\/wp-content\/uploads\/2019\/08\/2019-08-23.jpg\"><img decoding=\"async\" loading=\"lazy\" class=\"alignleft  wp-image-5582\" src=\"https:\/\/www.fu-frechen.de\/wp-content\/uploads\/2019\/08\/2019-08-23-300x200.jpg\" alt=\"\" width=\"382\" height=\"254\" srcset=\"https:\/\/www.fu-frechen.de\/wp-content\/uploads\/2019\/08\/2019-08-23-300x200.jpg 300w, https:\/\/www.fu-frechen.de\/wp-content\/uploads\/2019\/08\/2019-08-23-768x512.jpg 768w, https:\/\/www.fu-frechen.de\/wp-content\/uploads\/2019\/08\/2019-08-23-1024x683.jpg 1024w, https:\/\/www.fu-frechen.de\/wp-content\/uploads\/2019\/08\/2019-08-23-624x416.jpg 624w\" sizes=\"(max-width: 382px) 100vw, 382px\" \/><\/a>sichtbar, von Borkenk\u00e4fern heimgesucht worden waren.<br \/>\nAber so isser, der Homo Sapiens: Was er nicht zur Kenntnis nehmen will, das verdr\u00e4ngt er. Nicht alle sind bl\u00f6d genug, Donald Trumps Behauptung zu folgen und den (zum gro\u00dfen Teil von Menschen gemachten) Klimawandel als &#8222;Erfindung der Chinesen&#8220; abzutun. Aber viele wollen gern glauben, dass alles \u00fcbertrieben sei und nicht so schlimm. Vor allem wollen die meisten nicht vom Gewohnten lassen und schon gar nicht auf irgendetwas verzichten.<br \/>\nKein Wunder, dass vielen, vor allem jungen Menschen der Kragen platzt und sie mit der &#8222;Fridays-for-Future&#8220;-Bewegung der schl\u00e4frigen Politik Beine machen wollen. Erste Erfolge sind da, krasses Beispiel ist die Kehrtwende des ergr\u00fcnten bayrischen Ministerpr\u00e4sidenten S\u00f6der (CSU).<br \/>\nW\u00e4hrenddessen hatte sein Parteikollege Scheuer (Bundesverkehrsminister) den grandiosen<\/p>\n<div id=\"attachment_5516\" style=\"width: 310px\" class=\"wp-caption alignleft\"><a href=\"https:\/\/www.fu-frechen.de\/wp-content\/uploads\/2019\/08\/2019-08-06-12.57.30.jpg\"><img aria-describedby=\"caption-attachment-5516\" decoding=\"async\" loading=\"lazy\" class=\"size-medium wp-image-5516\" src=\"https:\/\/www.fu-frechen.de\/wp-content\/uploads\/2019\/08\/2019-08-06-12.57.30-300x225.jpg\" alt=\"\" width=\"300\" height=\"225\" srcset=\"https:\/\/www.fu-frechen.de\/wp-content\/uploads\/2019\/08\/2019-08-06-12.57.30-300x225.jpg 300w, https:\/\/www.fu-frechen.de\/wp-content\/uploads\/2019\/08\/2019-08-06-12.57.30-768x576.jpg 768w, https:\/\/www.fu-frechen.de\/wp-content\/uploads\/2019\/08\/2019-08-06-12.57.30-1024x768.jpg 1024w, https:\/\/www.fu-frechen.de\/wp-content\/uploads\/2019\/08\/2019-08-06-12.57.30-624x468.jpg 624w, https:\/\/www.fu-frechen.de\/wp-content\/uploads\/2019\/08\/2019-08-06-12.57.30.jpg 1600w\" sizes=\"(max-width: 300px) 100vw, 300px\" \/><\/a><p id=\"caption-attachment-5516\" class=\"wp-caption-text\">E-Scooter liegen am Stadtwaldg\u00fcrtel herum, K\u00f6ln, Anfang August 2019: ein &#8222;Beitrag zur Verkehrswende&#8220;<\/p><\/div>\n<p style=\"text-align: justify;\">Einfall, Elektroroller f\u00fcr den \u00f6ffentlichen Stra\u00dfenverkehr zuzulassen&nbsp;\u2014 als Beitrag zur Verkehrswende. Mit den Folgen l\u00e4sst er die St\u00e4dte allein, es gibt Unf\u00e4lle, oft werden die Roller einfach irgendwo stehen oder liegen gelassen. Im Nachhinein denkt man \u00fcber versch\u00e4rfte Regeln nach.<br \/>\nDer Homo Sapiens Germanicus der Gegenwart will meist auf Gewohntes nicht verzichten, wie schon gesagt, und er will seit Neuestem sich nichts von niemandem mehr sagen lassen. Regeln&nbsp;\u2014 wozu? Sollen sich doch Andere daran halten, ich nicht, mir sagt keiner was! Man erlebt es im Stra\u00dfenverkehr, und auch sonst im menschlichen Miteinander, das oft zu einem Gegeneinander entgleist. Es scheint, als degeneriere bei vielen Exemplaren des Homo Sapiens die F\u00e4higkeit, sich in ein soziales Miteinander einzuordnen. Manche scheinen da geistig \u00fcberfordert, da vermisst man die soziale Intelligenz.<br \/>\nIst das eine Art von Wohlstandsverwahrlosung, die in den wohlhabenden Industriel\u00e4ndern um sich greift? Findet deshalb vielleicht auch das Ertrinkenlassen von Fl\u00fcchtlingen im Mittelmeer Zustimmung in Teilen der Bev\u00f6lkerung Europas? Man kann doch nicht ernsthaft behaupten, das stehe im Einklang mit den Werten der Europ\u00e4ischen Union&nbsp;\u2014 oder etwa doch? Die viel beschworene &#8222;christlich-j\u00fcdische Kultur des Abendlandes&#8220;, moralische Grundlage Europas&nbsp;\u2014 was ist sie praktisch wert? Politikergew\u00e4sch? Und welche Werte will eigentlich Pegida verteidigen&nbsp;\u2014 gegen den Islam?<br \/>\nEntweder haben wir es da durch die Bank mit hohlen Phrasen zu tun, oder diese Menschen wissen \u00fcberhaupt nicht, wovon sie reden.<\/p>\n<p>W. R.<\/p>\n<p>Nachtrag am 10.09.2019: Erneut widmet der K\u00f6lner Stadt-Anzeiger dem Thema Waldsterben im Stadtgebiet einen langen Artikel:<\/p>\n<p style=\"text-align: justify;\"><a href=\"https:\/\/www.fu-frechen.de\/wp-content\/uploads\/2019\/08\/2019-09-10.jpg\"><img decoding=\"async\" loading=\"lazy\" class=\"wp-image-5735 aligncenter\" src=\"https:\/\/www.fu-frechen.de\/wp-content\/uploads\/2019\/08\/2019-09-10-300x179.jpg\" alt=\"\" width=\"507\" height=\"302\" srcset=\"https:\/\/www.fu-frechen.de\/wp-content\/uploads\/2019\/08\/2019-09-10-300x179.jpg 300w, https:\/\/www.fu-frechen.de\/wp-content\/uploads\/2019\/08\/2019-09-10-768x458.jpg 768w, https:\/\/www.fu-frechen.de\/wp-content\/uploads\/2019\/08\/2019-09-10-1024x610.jpg 1024w, https:\/\/www.fu-frechen.de\/wp-content\/uploads\/2019\/08\/2019-09-10-624x372.jpg 624w\" sizes=\"(max-width: 507px) 100vw, 507px\" \/><\/a>Ist schon traurig! Ausgerechnet Buchen erliegen in gro\u00dfer Zahl der Trockenheit. Diese sch\u00f6nen Laubb\u00e4ume, Schmuck des deutschen Waldes, deren silbergrau wie S\u00e4ulen aufragende St\u00e4mme mit ihrem geschlossenen Laubdach an manchen Stellen geradezu Natur-Kathedralen bilden&#8230;<\/p>\n<p style=\"text-align: justify;\">Wenn es \u00fcberhaupt gelingt, im ver\u00e4nderten Klima diese B\u00e4ume nachzupflanzen, dann brauchen sie 80-100 Jahre, um bei gutem Wachstum die aktuellen Verluste zu ersetzen. Das werden die jetzt jungen Leute kaum noch erleben.<\/p>\n<p><img decoding=\"async\" loading=\"lazy\" class=\"aligncenter\" src=\"https:\/\/www.fu-frechen.de\/wp-content\/uploads\/2013\/06\/13g+-300x219.jpg\" width=\"106\" height=\"78\"><\/p>\n","protected":false},"excerpt":{"rendered":"<p>Folgen des Klimawandels ber\u00fchren uns nicht&nbsp;\u2014 oder doch? Na gut, da waren zwei Hitze-Sommer, da waren in verschiedenen Regionen &#8222;Jahrhundertfluten&#8220;, ja mei, das kann halt passieren, das Wetter ist halt unzuverl\u00e4ssig, oder? Jetzt bombardieren sie uns vermehrt mit Meldungen von Klimasch\u00e4den: riesige Waldbr\u00e4nde in Sibirien, zuviel W\u00e4rme in der Arktis und schnelles Abschmelzen des Eises, [&hellip;]<\/p>\n","protected":false},"author":3,"featured_media":0,"comment_status":"closed","ping_status":"open","sticky":false,"template":"","format":"standard","meta":[],"categories":[1,534,530,526,544],"tags":[543,538,536,507,539,537],"_links":{"self":[{"href":"https:\/\/www.fu-frechen.de\/index.php?rest_route=\/wp\/v2\/posts\/5503"}],"collection":[{"href":"https:\/\/www.fu-frechen.de\/index.php?rest_route=\/wp\/v2\/posts"}],"about":[{"href":"https:\/\/www.fu-frechen.de\/index.php?rest_route=\/wp\/v2\/types\/post"}],"author":[{"embeddable":true,"href":"https:\/\/www.fu-frechen.de\/index.php?rest_route=\/wp\/v2\/users\/3"}],"replies":[{"embeddable":true,"href":"https:\/\/www.fu-frechen.de\/index.php?rest_route=%2Fwp%2Fv2%2Fcomments&post=5503"}],"version-history":[{"count":13,"href":"https:\/\/www.fu-frechen.de\/index.php?rest_route=\/wp\/v2\/posts\/5503\/revisions"}],"predecessor-version":[{"id":5881,"href":"https:\/\/www.fu-frechen.de\/index.php?rest_route=\/wp\/v2\/posts\/5503\/revisions\/5881"}],"wp:attachment":[{"href":"https:\/\/www.fu-frechen.de\/index.php?rest_route=%2Fwp%2Fv2%2Fmedia&parent=5503"}],"wp:term":[{"taxonomy":"category","embeddable":true,"href":"https:\/\/www.fu-frechen.de\/index.php?rest_route=%2Fwp%2Fv2%2Fcategories&post=5503"},{"taxonomy":"post_tag","embeddable":true,"href":"https:\/\/www.fu-frechen.de\/index.php?rest_route=%2Fwp%2Fv2%2Ftags&post=5503"}],"curies":[{"name":"wp","href":"https:\/\/api.w.org\/{rel}","templated":true}]}}