{"id":5546,"date":"2019-08-17T17:58:53","date_gmt":"2019-08-17T15:58:53","guid":{"rendered":"http:\/\/www.fu-frechen.de\/?p=5546"},"modified":"2021-09-13T20:58:14","modified_gmt":"2021-09-13T18:58:14","slug":"weiter-so-greta","status":"publish","type":"post","link":"https:\/\/www.fu-frechen.de\/?p=5546","title":{"rendered":"Danke, Greta!"},"content":{"rendered":"<p style=\"text-align: justify;\"><strong><a href=\"https:\/\/www.fu-frechen.de\/wp-content\/uploads\/2019\/08\/3ca.jpg\"><img decoding=\"async\" loading=\"lazy\" class=\"alignleft  wp-image-5552\" src=\"https:\/\/www.fu-frechen.de\/wp-content\/uploads\/2019\/08\/3ca-300x238.jpg\" alt=\"\" width=\"145\" height=\"115\" srcset=\"https:\/\/www.fu-frechen.de\/wp-content\/uploads\/2019\/08\/3ca-300x238.jpg 300w, https:\/\/www.fu-frechen.de\/wp-content\/uploads\/2019\/08\/3ca-768x609.jpg 768w, https:\/\/www.fu-frechen.de\/wp-content\/uploads\/2019\/08\/3ca-1024x812.jpg 1024w, https:\/\/www.fu-frechen.de\/wp-content\/uploads\/2019\/08\/3ca-624x495.jpg 624w, https:\/\/www.fu-frechen.de\/wp-content\/uploads\/2019\/08\/3ca.jpg 1616w\" sizes=\"(max-width: 145px) 100vw, 145px\" \/><\/a>N<\/strong>achdem es den rechten Geiferern nicht gelungen war, die Person mit pers\u00f6nlichen Beleidigungen madig zu machen, nachdem es Christian Lindner (FDP) nicht gelungen war, ihr und den anderen jungen Demonstrierenden die Sachkompetenz abzusprechen, bem\u00fchten sich weitere Personen, Greta Thunberg und die Bewegung Fridays-For-Future zu diskreditieren. Da war z.B. im ZDF ein Beitrag im &#8222;Auslandsjournal&#8220; \u00fcber einen &#8222;Personenkult&#8220; um Greta, den die Autorin da sehen will, da gab es angeblich Greta unkritisch anhimmelnde jugendliche Fans, da wurde ein Stab von Leuten thematisiert, die Gretas PR planen, usw. Im Internet-Begleittext des ZDF stand tats\u00e4chlich: &#8222;Greta spaltet.&#8220;<br \/>Da schlag doch einer lang hin! Man glaubt es kaum: Greta T. wird da in ein schr\u00e4ges Licht gestellt, als ob man \u00fcber einen Donald Trump berichtete! Und das ist noch nicht alles: Nun will man Gretas Glaubw\u00fcrdigkeit massiv untergraben, indem alle Medien unisono melden, ihre Segel-\u00dcberfahrt nach New York habe doch, scharf gerechnet, eine schlechtere CO2-Bilanz, als wenn sie geflogen w\u00e4re \u2014 was sich nur errechnen l\u00e4sst, wenn man noch ein paar sidekicks dazuz\u00e4hlt. Aber egal, Hauptsache, es gibt schlechte PR f\u00fcr Greta, man will ja endlich mal Negativ-Schlagzeilen \u00fcber sie produzieren und vor allem: ihre Glaubw\u00fcrdigkeit untergraben.<br \/>Wer ist &#8222;man&#8220;? Das sind z.B. Leute, die gewissen &#8222;Altparteien&#8220; nahestehen, die Panik bekommen angesichts davonlaufender Jungw\u00e4hlerInnen, und da sind Leute, die einer Uraltpartei* (die sich f\u00e4lschlich &#8222;Alternative&#8220; nennt) nahestehen, die Panik bekommen, weil sie nicht mehr die Themen in der \u00f6ffentlichen Debatte bestimmmen, sondern einem Thema hinterherlaufen m\u00fcssen, zu dem sie aber auch gar nichts Brauchbares zu bieten haben.<br \/>Ist schon bemerkenswert, was alles versucht wird, um Greta vom Sockel zu sto\u00dfen. Dabei sind es doch eher die Medien, die ihr einen Promi- und sogar Heldinnen-Status zuschreiben, w\u00e4hrend sie selbst bei \u00f6ffentlichen Auftritten auf dem Teppich bleibt und ernsthaft und sachlich zur Thematik spricht.<br \/>W\u00e4re ich ein Verschw\u00f6rungstheoretiker, dann s\u00e4he ich jetzt eine konzertierte Kampagne ins Werk gesetzt, die in Berliner Hinterzimmern bei Hintergrundgespr\u00e4chen zwischen Politikern und Medienleuten ausgeheckt wurde. Solche Theorien braucht aber keiner, der einfach nur seinen kritischen Verstand arbeiten l\u00e4sst und wie gewohnt fragt: Wer hat in diesem Spiel welche Interessen? Wem geht die Klimadebatte gegen den Strich? Wer m\u00f6chte lieber ein gem\u00e4chliches Weiter-so im gewohnten Politikbetrieb, wo die Ungeduld der jungen Leute nur st\u00f6rt?<br \/>Selbst-denkenden Menschen brauche ich das nicht zu sagen. Durch Gretas \u00f6ffentliches Auftreten ist aber Vielen bewusst geworden: Das ist keine jugendliche Ungeduld, das ist das berechtigte Verlangen nach einer lebenswerten Zukunft! Fridays-For-Future hat f\u00fcr Klarheit gesorgt: Wir h\u00f6ren und sehen, wer auf der Bremse steht.<\/p>\n<p style=\"text-align: justify;\">Danke f\u00fcr die Kl\u00e4rung, Greta!<\/p>\n<p>W. R.<\/p>\n<p style=\"text-align: justify;\">\u00a0* Uralt-Partei? Das wird klar, wenn man sich anh\u00f6rt, was von der AfD an \u00c4u\u00dferungen und Parolen kommt. Das ist inhaltlich Altbackenes und Gestriges, Fremdenfeindlichkeit, Provinzmief, und Reaktion\u00e4res. Ansonsten versuchen sie immer wieder, Begriffe umzudeuten, Tabus zu brechen und damit zu provozieren \u2014 was ihnen bisher mehr Medien-Aufmerksamkeit brachte, als es ihren inhaltlichen Punkten angemessen w\u00e4re (weil die zum G\u00e4hnen sind). Aber auch diese Masche nutzt sich auf Dauer ab.<\/p>\n<p style=\"text-align: justify;\">Sie k\u00f6nnen ja weiter von einem Klimawandel (h\u00f6rt sich eher harmlos an) reden, der nat\u00fcrliche Ursachen habe (prima, da brauchen wir nichts zu \u00e4ndern und k\u00f6nnen die Erde weiter verheizen), oder Sie h\u00f6ren mal richtig hin, wenn wirkliche Fachleute die globale Erderw\u00e4rmung und ihre Ursachen erkl\u00e4ren.<\/p>\n<p style=\"text-align: justify;\">Wenn Sie ein Weiter-wie-bisher w\u00fcnschen und die entsprechenden Politiker w\u00e4hlen, werden Sie in einigen Jahren dar\u00fcber st\u00f6hnen, dass es nun soweit gekommen sei, dass man wirklich nicht mehr viel gegen die katastrophalen Folgen der globalen Erderw\u00e4rmung tun k\u00f6nne. Die weltweiten Auswirkungen werden uns \u00fcberrollen und f\u00fcr Alle Folgen haben (allein schon durch die gigantischen Kosten, mit denen die Katastrophen bek\u00e4mpft werden m\u00fcssen).<\/p>\n<p style=\"text-align: justify;\">Niemand wird ein Raumschiff zum Mars oder sonstwohin besteigen und die verheizte Erde hinter sich lassen k\u00f6nnen. Denn dummerweise nimmt die Erderw\u00e4rmung immer mehr Fahrt auf. Umsiedlung auf den Mond oder den Mars (f\u00fcr wieviele Menschen? 50? 80? 116?) bleibt eine Illusion, schon weil die technischen Voraussetzungen fr\u00fchestens in einigen Jahrzehnten evtl. in greifbare N\u00e4he kommen, wenn \u00fcberhaupt. Die Zeit haben wir nicht. Und f\u00fcr 8 Milliarden Menschen ist das eh keine Option.<\/p>\n<p style=\"text-align: justify;\"><strong>N<\/strong>achtrag vom 29.09.19: Dazu ausf\u00fchrlicher &gt; <a href=\"https:\/\/www.spiegel.de\/kultur\/gesellschaft\/klimawandel-es-wird-zeit-fuer-zivilen-ungehorsam-kolumne-a-1288175.html\">Klimawandel: Es\u00a0wird Zeit f\u00fcr zivilen Ungehorsam &#8211; Kolumne &#8211; SPIEGEL ONLINE<\/a><\/p>\n<p>Erg\u00e4nzung vom 30.11.2019: Wir erw\u00e4hnten ihn fr\u00fcher schon, aber wir m\u00fcssen wieder an den Kallendresser erinnern und verweisen z.B. auf diesen Artikel: <a href=\"https:\/\/www.spiegel.de\/wissenschaft\/natur\/james-black-sagte-1977-die-klimakrise-voraus-leider-arbeitete-er-bei-exxon-a-1298292.html\">James Black\u00a0sagte 1977 die Klimakrise voraus &#8211; leider arbeitete er bei Exxon &#8211; SPIEGEL ONLINE<\/a><\/p>\n<p>Noch eine Erg\u00e4nzung vom 07.12.2019 \u2014 auch solche Meinungs\u00e4u\u00dferungen m\u00fcssen erlaubt sein! &gt;<a href=\"https:\/\/www.spiegel.de\/kultur\/gesellschaft\/hass-gegen-kinder-im-internet-habt-ein-wenig-anstand-kolumne-a-1300015.html\">Hass gegen Kinder im Internet: Habt ein wenig Anstand &#8211; Kolumne &#8211; SPIEGEL ONLINE<\/a>\u00a0\u2014<\/p>\n<p style=\"text-align: justify;\">Nachdem Greta in New York vor der UN-Vollversammlung ihre &#8222;How dare you&#8220;-Wutrede gehalten hatte, kritisierten Einige sie wegen ihres emotionalen Auftritts. Ja herrgottnochmal,<\/p>\n<div id=\"attachment_6059\" style=\"width: 213px\" class=\"wp-caption alignright\"><a href=\"https:\/\/www.fu-frechen.de\/wp-content\/uploads\/2019\/08\/P1060461.jpg\"><img aria-describedby=\"caption-attachment-6059\" decoding=\"async\" loading=\"lazy\" class=\"size-medium wp-image-6059\" src=\"https:\/\/www.fu-frechen.de\/wp-content\/uploads\/2019\/08\/P1060461-203x300.jpg\" alt=\"\" width=\"203\" height=\"300\" srcset=\"https:\/\/www.fu-frechen.de\/wp-content\/uploads\/2019\/08\/P1060461-203x300.jpg 203w, https:\/\/www.fu-frechen.de\/wp-content\/uploads\/2019\/08\/P1060461-768x1134.jpg 768w, https:\/\/www.fu-frechen.de\/wp-content\/uploads\/2019\/08\/P1060461-694x1024.jpg 694w, https:\/\/www.fu-frechen.de\/wp-content\/uploads\/2019\/08\/P1060461-624x921.jpg 624w\" sizes=\"(max-width: 203px) 100vw, 203px\" \/><\/a><p id=\"caption-attachment-6059\" class=\"wp-caption-text\">aus: K\u00f6lner Stadt-Anzeiger, 23.12.2019, S. 14<\/p><\/div>\n<p style=\"text-align: justify;\">was sollen die jungen Leute denn noch tun neben all den friedlichen Demonstrationen? Auf die gro\u00dfe Mehrheit der Wissenschaftler wollen viele Entscheider in der Welt immer noch nicht h\u00f6ren. Da kann einem leicht der Kragen platzen, besonders nach dem Trauerspiel der Klimakonferenz in Madrid. Vielleicht sollte man die Klimakatastrophen-Leugner und diejenigen, deren Gesch\u00e4ftsmodell auf dem Weiter-wie-bisher fu\u00dft, mal nach Australien zur Brandbek\u00e4mpfung schicken oder in den bereits verbrannten Regionen Urlaub machen lassen.<\/p>\n<p>Warum bestreiten etliche Leute eigentlich so eifrig das, was 99% der Wissenschaftler sagen? Dazu hier eine sachliche, psychologische Erkl\u00e4rung: <a href=\"https:\/\/www.spiegel.de\/wissenschaft\/mensch\/eu-klimapaket-zerschlagt-das-kartell-des-nichtstuns-a-1301253.html\">EU-Klimapaket: Zerschlagt das Kartell des Nichtstu<\/a> Da ist nicht nur ein psychologisches Ph\u00e4nomen wirksam, sondern auch Profitgier m\u00e4chtiger Konzerne, deren Einfluss auf Politik und einen Teil der Medien immer noch das Gesch\u00e4ftsmodell &#8222;Weiter-wie-bisher&#8220; propagiert. Das sieht man besonders deutlich im Falle Australiens: <a href=\"https:\/\/www.spiegel.de\/wissenschaft\/natur\/klimakrise-in-australien-verrat-an-der-bevoelkerung-a-1303669.html\">Klimakrise in Australien: Verrat an der Bev\u00f6lkerung &#8211; SPIEGEL ONLINE<\/a><\/p>\n<p style=\"text-align: justify;\">Apropos Australien: Pressezar <em>Rupert Murdoch<\/em> beherrscht dort \u00e4hnlich wie in Gro\u00dfbritannien einen gro\u00dfen Teil der Medien, und das auf unheilvolle Weise. In Australien verharmlosen seine Zeitungen die Klimakrise und die katastrophalen Buschbr\u00e4nde, um das Kartell von Kohleindustrie und Regierung zu sch\u00fctzen; in Gro\u00dfbritannien hetzten sie viele Jahre lang auch mit Fake News gegen die EU und befeuerten die Brexit-Kampagne. Dazu mehr: <a href=\"https:\/\/www.spiegel.de\/wissenschaft\/mensch\/rupert-murdoch-der-gefaehrlichste-mann-der-welt-kolumne-a-30b47b6e-ab8f-4ec9-b9fa-9b6959cac5cc\">Rupert Murdoch: Der gef\u00e4hrlichste Mann der Welt &#8211; Kolumne &#8211; DER SPIEGEL<\/a><\/p>\n<p><img decoding=\"async\" loading=\"lazy\" class=\"aligncenter\" src=\"https:\/\/www.fu-frechen.de\/wp-content\/uploads\/2013\/06\/13g+-300x219.jpg\" width=\"106\" height=\"78\" \/><\/p>\n\n\n<p>Noch ein Fundst\u00fcck zum Thema, ein Beitrag von der guten Sarah Bosetti: <a href=\"https:\/\/www.youtube.com\/watch?v=k2ouy_DTm5U\">Sarah Bosetti | Greta Thunberg &#8211; YouTube<\/a><\/p>\n\n\n\n<div class=\"wp-block-image\"><figure class=\"aligncenter is-resized\"><img decoding=\"async\" loading=\"lazy\" src=\"https:\/\/www.fu-frechen.de\/wp-content\/uploads\/2013\/06\/13g+-300x219.jpg\" alt=\"\" width=\"108\" height=\"79\"\/><\/figure><\/div>\n\n\n\n<p><\/p>\n","protected":false},"excerpt":{"rendered":"<p>Nachdem es den rechten Geiferern nicht gelungen war, die Person mit pers\u00f6nlichen Beleidigungen madig zu machen, nachdem es Christian Lindner (FDP) nicht gelungen war, ihr und den anderen jungen Demonstrierenden die Sachkompetenz abzusprechen, bem\u00fchten sich weitere Personen, Greta Thunberg und die Bewegung Fridays-For-Future zu diskreditieren. Da war z.B. im ZDF ein Beitrag im &#8222;Auslandsjournal&#8220; \u00fcber [&hellip;]<\/p>\n","protected":false},"author":3,"featured_media":0,"comment_status":"closed","ping_status":"open","sticky":false,"template":"","format":"standard","meta":[],"categories":[1,453,544],"tags":[342,540,542,538,521,507,492],"_links":{"self":[{"href":"https:\/\/www.fu-frechen.de\/index.php?rest_route=\/wp\/v2\/posts\/5546"}],"collection":[{"href":"https:\/\/www.fu-frechen.de\/index.php?rest_route=\/wp\/v2\/posts"}],"about":[{"href":"https:\/\/www.fu-frechen.de\/index.php?rest_route=\/wp\/v2\/types\/post"}],"author":[{"embeddable":true,"href":"https:\/\/www.fu-frechen.de\/index.php?rest_route=\/wp\/v2\/users\/3"}],"replies":[{"embeddable":true,"href":"https:\/\/www.fu-frechen.de\/index.php?rest_route=%2Fwp%2Fv2%2Fcomments&post=5546"}],"version-history":[{"count":40,"href":"https:\/\/www.fu-frechen.de\/index.php?rest_route=\/wp\/v2\/posts\/5546\/revisions"}],"predecessor-version":[{"id":7242,"href":"https:\/\/www.fu-frechen.de\/index.php?rest_route=\/wp\/v2\/posts\/5546\/revisions\/7242"}],"wp:attachment":[{"href":"https:\/\/www.fu-frechen.de\/index.php?rest_route=%2Fwp%2Fv2%2Fmedia&parent=5546"}],"wp:term":[{"taxonomy":"category","embeddable":true,"href":"https:\/\/www.fu-frechen.de\/index.php?rest_route=%2Fwp%2Fv2%2Fcategories&post=5546"},{"taxonomy":"post_tag","embeddable":true,"href":"https:\/\/www.fu-frechen.de\/index.php?rest_route=%2Fwp%2Fv2%2Ftags&post=5546"}],"curies":[{"name":"wp","href":"https:\/\/api.w.org\/{rel}","templated":true}]}}