{"id":604,"date":"2013-07-25T11:26:01","date_gmt":"2013-07-25T09:26:01","guid":{"rendered":"http:\/\/www.fu-frechen.de\/?p=604"},"modified":"2014-03-30T14:50:06","modified_gmt":"2014-03-30T12:50:06","slug":"604","status":"publish","type":"post","link":"https:\/\/www.fu-frechen.de\/?p=604","title":{"rendered":"Als Irland Westeuropas Kultur befruchtete"},"content":{"rendered":"<p style=\"text-align: justify;\"><strong><a href=\"https:\/\/www.fu-frechen.de\/wp-content\/uploads\/2013\/05\/052.jpg\"><img decoding=\"async\" loading=\"lazy\" class=\"size-medium wp-image-233 alignleft\" alt=\"052\" src=\"https:\/\/www.fu-frechen.de\/wp-content\/uploads\/2013\/05\/052-300x189.jpg\" width=\"200\" height=\"126\" srcset=\"https:\/\/www.fu-frechen.de\/wp-content\/uploads\/2013\/05\/052-300x189.jpg 300w, https:\/\/www.fu-frechen.de\/wp-content\/uploads\/2013\/05\/052-1024x646.jpg 1024w, https:\/\/www.fu-frechen.de\/wp-content\/uploads\/2013\/05\/052-624x393.jpg 624w\" sizes=\"(max-width: 200px) 100vw, 200px\" \/><\/a>W<\/strong>enig bekannt ist vielen historisch Interessierten, dass es in Europa eine Zeit gab, in der weniger die Parole &#8222;Ex oriente lux&#8220; (Aus dem Osten Licht) galt, sondern vielmehr die kulturelle Entwicklung und Weitergabe antiker Gelehrsamkeit sehr von der fr\u00fchchristlichen Kultur Irlands beeinflusst und gepr\u00e4gt wurde.<\/p>\n<div id=\"attachment_628\" style=\"width: 173px\" class=\"wp-caption alignright\"><a href=\"https:\/\/www.fu-frechen.de\/wp-content\/uploads\/2013\/07\/1d.jpg\"><img aria-describedby=\"caption-attachment-628\" decoding=\"async\" loading=\"lazy\" class=\" wp-image-628 \" alt=\"Keltisches Hochkreuz, Irland, fr\u00fches Mittelalter\" src=\"https:\/\/www.fu-frechen.de\/wp-content\/uploads\/2013\/07\/1d-204x300.jpg\" width=\"163\" height=\"240\" srcset=\"https:\/\/www.fu-frechen.de\/wp-content\/uploads\/2013\/07\/1d-204x300.jpg 204w, https:\/\/www.fu-frechen.de\/wp-content\/uploads\/2013\/07\/1d-696x1024.jpg 696w, https:\/\/www.fu-frechen.de\/wp-content\/uploads\/2013\/07\/1d-624x916.jpg 624w, https:\/\/www.fu-frechen.de\/wp-content\/uploads\/2013\/07\/1d.jpg 1080w\" sizes=\"(max-width: 163px) 100vw, 163px\" \/><\/a><p id=\"caption-attachment-628\" class=\"wp-caption-text\">Keltisches Hochkreuz, Irland, fr\u00fches Mittelalter<\/p><\/div>\n<p style=\"text-align: justify;\">F\u00fcr die Zeit des angehenden Mittelalters sagt Geoffrey Ashe (1976) \u00fcber Irland: <em>&#8222;Soon Erin was the most cultured land of Western Europe: the only one, for instance, where any appreciable number knew Greek.&#8220; <\/em>Kein Wunder also, dass Missionare aus Irland nach Gro\u00dfbritannien und zum Kontinent ausschw\u00e4rmten, Christentum und Kultur im Gep\u00e4ck (s. auch Karten in: DIE BEATUS-CHRONIK, S. 159f.). In der Buchmalerei der westeurop\u00e4ischen Kl\u00f6ster dominierte der ornamentale Stil der Iren, und Karl der Gro\u00dfe betraute den in der irischen Tradition geschulten Alcuin von York mit kulturellen Projekten, um nur zwei Beispiele zu nennen.<\/p>\n<p style=\"text-align: justify;\">Vom sogenannten (!) &#8222;finsteren&#8220; Mittelalter konnte also, was die Hochkultur und die Welt der Gelehrten anging, im Irland des fr\u00fchen Mittelalters \u00fcberhaupt keine Rede sein. Bei Ashe findet auch ein irischer M\u00f6nch Erw\u00e4hnung <em>&#8222;&#8230; named Ferghil or Virgil, [who] became bishop of Salzburg and caused a stir by teaching that the earth is round and that other inhabited worlds exist.&#8220; <\/em>Offenbar waren das Dinge, die Andere damals nicht zu denken wagten.<\/p>\n<p style=\"text-align: justify;\">Ferghil hingegen brachte diese Gedanken aus seinen Studien antiker Literatur mit, die in Irlands Kl\u00f6stern bewahrt und per Kopie vervielf\u00e4ltigt wurde. Sp\u00e4ter wurde in Europa Vieles davon als teuflisches Machwerk vernichtet, Abschriften antiker Texte auf Pergament wurden ausradiert und als Palimpsest mit christlicher Literatur neu beschrieben. Noch im Laufe des Mittelalters gingen so etliche Werke antiker Autoren verloren. Von vielen dieser Werke kennt man nur noch die Titel oder kurze Textstellen, die von anderen Autoren in erhaltenen Schriften zitiert wurden.<\/p>\n<p style=\"text-align: justify;\">Die Beatus-Chronik wirft zu Beginn einen Blick auf die Rolle Irlands im fr\u00fchen Mittelalter (DIE BEATUS-CHRONIK, S. 17). Dem Chronisten lag wohl daran, die Urspr\u00fcnge einer Bildungs-Tradition darzustellen, in der auch die seinerzeit (um 1300) geplante Universit\u00e4tsgr\u00fcndung in Frechen stehen sollte.<\/p>\n<p style=\"text-align: justify;\">-SR-<a href=\"https:\/\/www.fu-frechen.de\/wp-content\/uploads\/2013\/06\/13g+.jpg\"><img decoding=\"async\" loading=\"lazy\" class=\"size-medium wp-image-256 aligncenter\" alt=\"13g+\" src=\"https:\/\/www.fu-frechen.de\/wp-content\/uploads\/2013\/06\/13g+-300x219.jpg\" width=\"98\" height=\"72\" srcset=\"https:\/\/www.fu-frechen.de\/wp-content\/uploads\/2013\/06\/13g+-300x219.jpg 300w, https:\/\/www.fu-frechen.de\/wp-content\/uploads\/2013\/06\/13g+-624x457.jpg 624w, https:\/\/www.fu-frechen.de\/wp-content\/uploads\/2013\/06\/13g+.jpg 864w\" sizes=\"(max-width: 98px) 100vw, 98px\" \/><\/a><\/p>\n","protected":false},"excerpt":{"rendered":"<p>Wenig bekannt ist vielen historisch Interessierten, dass es in Europa eine Zeit gab, in der weniger die Parole &#8222;Ex oriente lux&#8220; (Aus dem Osten Licht) galt, sondern vielmehr die kulturelle Entwicklung und Weitergabe antiker Gelehrsamkeit sehr von der fr\u00fchchristlichen Kultur Irlands beeinflusst und gepr\u00e4gt wurde. F\u00fcr die Zeit des angehenden Mittelalters sagt Geoffrey Ashe (1976) [&hellip;]<\/p>\n","protected":false},"author":3,"featured_media":0,"comment_status":"closed","ping_status":"open","sticky":false,"template":"","format":"standard","meta":[],"categories":[1,10],"tags":[47,57,55,56,15,14,58],"_links":{"self":[{"href":"https:\/\/www.fu-frechen.de\/index.php?rest_route=\/wp\/v2\/posts\/604"}],"collection":[{"href":"https:\/\/www.fu-frechen.de\/index.php?rest_route=\/wp\/v2\/posts"}],"about":[{"href":"https:\/\/www.fu-frechen.de\/index.php?rest_route=\/wp\/v2\/types\/post"}],"author":[{"embeddable":true,"href":"https:\/\/www.fu-frechen.de\/index.php?rest_route=\/wp\/v2\/users\/3"}],"replies":[{"embeddable":true,"href":"https:\/\/www.fu-frechen.de\/index.php?rest_route=%2Fwp%2Fv2%2Fcomments&post=604"}],"version-history":[{"count":19,"href":"https:\/\/www.fu-frechen.de\/index.php?rest_route=\/wp\/v2\/posts\/604\/revisions"}],"predecessor-version":[{"id":818,"href":"https:\/\/www.fu-frechen.de\/index.php?rest_route=\/wp\/v2\/posts\/604\/revisions\/818"}],"wp:attachment":[{"href":"https:\/\/www.fu-frechen.de\/index.php?rest_route=%2Fwp%2Fv2%2Fmedia&parent=604"}],"wp:term":[{"taxonomy":"category","embeddable":true,"href":"https:\/\/www.fu-frechen.de\/index.php?rest_route=%2Fwp%2Fv2%2Fcategories&post=604"},{"taxonomy":"post_tag","embeddable":true,"href":"https:\/\/www.fu-frechen.de\/index.php?rest_route=%2Fwp%2Fv2%2Ftags&post=604"}],"curies":[{"name":"wp","href":"https:\/\/api.w.org\/{rel}","templated":true}]}}