{"id":6129,"date":"2020-01-24T19:29:50","date_gmt":"2020-01-24T18:29:50","guid":{"rendered":"http:\/\/www.fu-frechen.de\/?p=6129"},"modified":"2020-02-08T20:05:52","modified_gmt":"2020-02-08T19:05:52","slug":"gedenktag-und-denktag","status":"publish","type":"post","link":"https:\/\/www.fu-frechen.de\/?p=6129","title":{"rendered":"Gedenktag &#8211; und DENKtag!"},"content":{"rendered":"<p style=\"text-align: justify;\"><span style=\"color: #ff0000;\"><strong>A<\/strong><\/span>m 27. Januar ist Gedenktag f\u00fcr die Opfer des Nationalsozialismus. Der Tag wurde gew\u00e4hlt als Erinnerung an die Befreiung des Vernichtungslagers Auschwitz im Jahr 1945.<br \/>Der Zvilisationsbruch des millionenfachen, organisierten Massenmordes ist so unertr\u00e4glich, dass es sogar Leute gibt, die das Unfassbare einfach nicht wahr haben wollen. Diese Holocaust-Leugner sind halt zu schwach, um die historischen Fakten auszuhalten, sie wollen die Schande dieser Verbrechen nicht eingestehen. Es soll nicht sein, was nicht sein darf: Die Deutschen, die sich gern als &#8222;Volk der Dichter und Denker&#8220; bespiegelten, wollten die Augen davor verschlie\u00dfen, dass dasselbe auch als &#8222;Volk der Richter und Henker&#8220; gelten konnte.<br \/>Aber Leugnen hilft nicht, weder beim Holocaust noch beim Klimawandel. Im Gegenteil: Je l\u00e4nger man einen Teil der Wirklichkeit leugnet und ausblendet, desto gr\u00f6\u00dfer wird der Schaden. Jeder in Psychologie bewanderte Mensch kann Ihnen das erkl\u00e4ren: Verdr\u00e4ngung beseitigt das Problem nicht, es brodelt unter der Oberfl\u00e4che weiter, besonders, wenn dabei Schuldgef\u00fchle im Spiel sind.<br \/>Aus einem Schuld-Dilemma gibt es nur einen m\u00f6glichen Ausweg: Ein Gest\u00e4ndnis und eine ehrliche Aussprache zwischen T\u00e4ter und Opfer\u00a0\u2014 und dann vielleicht ein Verzeihen von Seiten des Opfers. Dazu m\u00fcssen die Beteiligten viel seelische Kraft aufbringen, und ein Gelingen ist nicht sicher: Ausgang offen.<\/p>\n<p style=\"text-align: justify;\">Im Fall Holocaust haben wir es mit zwei Ebenen zu tun: Da ist einmal die Ebene der T\u00e4ter, ihre pers\u00f6nliche Verantwortung f\u00fcr Mordtaten und Beihilfe zum Mord. Das sind die Ausf\u00fchrenden, aber daneben gibt es die Glieder in der Befehlskette, die h\u00f6heren Vorgesetzten, die wussten, was sie anordneten, und es gibt die Organisatoren, die dazu beitrugen, dass der Massenmord in gro\u00dfem Stil durchgef\u00fchrt werden konnte. Und au\u00dferdem gibt es noch diejenigen, die von der KZ-Maschinerie der SS profitierten, indem sie billige Arbeitskr\u00e4fte mieteten. Wir wissen inzwischen aus verschiedenen Prozessen, in welcher Weise bei diesen Helfern und Profiteuren des Unmenschen-Systems Schuld festgestellt wurde, pers\u00f6nlich zugerechnete Schuld, wohlgemerkt. Auf einer weiteren Ebene betrifft die Frage nach Verantwortung und Schuld auch die Deutschen, insbesondere die Unterst\u00fctzer und Dulder des Nazi-Regimes. Viele Deutsche sch\u00e4mten sich nach dem Krieg, weil sie Hitler auf den Leim gegangen waren und den Weg in Deutschlands Verderben unterst\u00fctzt hatten. Nicht alle davon wussten oder ahnten das Ausma\u00df, in dem Verbrechen von Staats wegen ver\u00fcbt worden waren. Deutschland stand am Pranger der Welt\u00f6ffentlichkeit, und diesmal\u00a0\u2014 anders als 1918 in der Kriegsschuldfrage\u00a0\u2014 konnte man \u00fcber die Sachlage schwerlich diskutieren.<\/p>\n<p style=\"text-align: justify;\">Aber leider muss man auch sagen: Antisemitismus und Hass auf Juden gab es in Deutschland schon vor der Hitler-Herrschaft. Daher nahm ein Teil der Bev\u00f6lkerung es Hitler nicht \u00fcbel, dass er den Antisemitismus besonders betonte. Das erm\u00f6glichte den Nazis, dieses Gift weiter in die K\u00f6pfe einzutr\u00e4ufeln und den Widerstand bei Vielen zu l\u00e4hmen, die eigentlich meinten, dass man so mit Menschen nicht umgehen sollte. Wie weit die Nazis gehen w\u00fcrden, war ja auch schwer vorstellbar: Erst eine schrittweise Ausgrenzung aus der Gesellschaft, zunehmende Verleumdung und Entw\u00fcrdigung, dann Deportation in Ghettos und Lager, und dann in gro\u00dfer Zahl durchgef\u00fchrte Morde mit dem erkl\u00e4rten Ziel, soviele Juden wie nur m\u00f6glich zu vernichten, soweit man sie im besetzten Europa greifen konnte.<\/p>\n<p style=\"text-align: justify;\">Und das auf einer irr-sinnigen Grundlage: Sogar die Hirne gebildeter, intelligenter Menschen waren vom Gift des Antisemitismus verseucht, sie glaubten ihren dumpfen Vorurteilen mehr als dem Gebrauch ihres Verstandes. Wie kann sich Homo Sapiens nur so weit von Vernunft und Denken entfernen, dass er diese Gottesgabe nicht angemessen nutzt?<\/p>\n<p style=\"text-align: justify;\">Aber diese Frage beschleicht mich heute auch im Hinblick auf Hass und Hetze, die viele Leute im Netz und in allerlei Mitteilungen absondern. Das ist \u00e4hnlich irrsinnig wie der antisemitische Unfug. Wer selbst als Mensch respektiert werden will, kann nicht so \u00fcber andere Menschen herfallen. Punkt.<\/p>\n<p>W. R.<\/p>\n<p style=\"text-align: justify;\">P.S. Und kommt mir blo\u00df nicht mit der Rechtsau\u00dfen-Parole vom &#8222;Schuldkult&#8220;! Wir alle wissen (wenn wir klar denken): Die Schuldigen am Holocaust und anderer Nazi-Verbrechen sind benannt, es gibt keine Erbschuld, keine Schuld der Nachgeborenen an diesen Verbrechen. Wer aber diese Verbrechen verharmlost oder gar zu leugnen versucht, der l\u00e4dt in der Tat <em>neue<\/em> Schuld auf sich, weil er damit versucht, die Konsequenzen aus den Nazi-Verbrechen auszuhebeln, z.B. die Werte des Grundgesetzes (\u2192Art. 1!) und der Demokratie.<\/p>\n<p style=\"text-align: justify;\">Die Bundesrepublik Deutschland als Rechtsnachfolgerin des Deutschen Reiches hat eine Verpflichtung, von Staats wegen angerichtete Sch\u00e4den nach M\u00f6glichkeit wiedergutzumachen. Das kann angesichts des vielfach zugef\u00fcgten menschlichen Leids nat\u00fcrlich nur\u00a0 ansatzweise, und manchmal nur symbolisch gelingen. Denn wie soll man etwa die Ausl\u00f6schung ganzer Familien wieder gut machen?<\/p>\n<p><img decoding=\"async\" loading=\"lazy\" class=\"aligncenter\" src=\"https:\/\/www.fu-frechen.de\/wp-content\/uploads\/2013\/06\/13g+-300x219.jpg\" width=\"106\" height=\"78\" \/><\/p>\n\n\n<p><\/p>\n","protected":false},"excerpt":{"rendered":"<p>Am 27. Januar ist Gedenktag f\u00fcr die Opfer des Nationalsozialismus. Der Tag wurde gew\u00e4hlt als Erinnerung an die Befreiung des Vernichtungslagers Auschwitz im Jahr 1945.Der Zvilisationsbruch des millionenfachen, organisierten Massenmordes ist so unertr\u00e4glich, dass es sogar Leute gibt, die das Unfassbare einfach nicht wahr haben wollen. Diese Holocaust-Leugner sind halt zu schwach, um die historischen [&hellip;]<\/p>\n","protected":false},"author":3,"featured_media":0,"comment_status":"closed","ping_status":"open","sticky":false,"template":"","format":"standard","meta":[],"categories":[1,526],"tags":[],"_links":{"self":[{"href":"https:\/\/www.fu-frechen.de\/index.php?rest_route=\/wp\/v2\/posts\/6129"}],"collection":[{"href":"https:\/\/www.fu-frechen.de\/index.php?rest_route=\/wp\/v2\/posts"}],"about":[{"href":"https:\/\/www.fu-frechen.de\/index.php?rest_route=\/wp\/v2\/types\/post"}],"author":[{"embeddable":true,"href":"https:\/\/www.fu-frechen.de\/index.php?rest_route=\/wp\/v2\/users\/3"}],"replies":[{"embeddable":true,"href":"https:\/\/www.fu-frechen.de\/index.php?rest_route=%2Fwp%2Fv2%2Fcomments&post=6129"}],"version-history":[{"count":6,"href":"https:\/\/www.fu-frechen.de\/index.php?rest_route=\/wp\/v2\/posts\/6129\/revisions"}],"predecessor-version":[{"id":6168,"href":"https:\/\/www.fu-frechen.de\/index.php?rest_route=\/wp\/v2\/posts\/6129\/revisions\/6168"}],"wp:attachment":[{"href":"https:\/\/www.fu-frechen.de\/index.php?rest_route=%2Fwp%2Fv2%2Fmedia&parent=6129"}],"wp:term":[{"taxonomy":"category","embeddable":true,"href":"https:\/\/www.fu-frechen.de\/index.php?rest_route=%2Fwp%2Fv2%2Fcategories&post=6129"},{"taxonomy":"post_tag","embeddable":true,"href":"https:\/\/www.fu-frechen.de\/index.php?rest_route=%2Fwp%2Fv2%2Ftags&post=6129"}],"curies":[{"name":"wp","href":"https:\/\/api.w.org\/{rel}","templated":true}]}}