{"id":6166,"date":"2020-02-09T21:45:09","date_gmt":"2020-02-09T20:45:09","guid":{"rendered":"http:\/\/www.fu-frechen.de\/?p=6166"},"modified":"2020-02-15T22:56:12","modified_gmt":"2020-02-15T21:56:12","slug":"schilda-in-thueringen","status":"publish","type":"post","link":"https:\/\/www.fu-frechen.de\/?p=6166","title":{"rendered":"Schilda in Th\u00fcringen?"},"content":{"rendered":"<p style=\"text-align: justify;\"><strong><a href=\"https:\/\/www.fu-frechen.de\/wp-content\/uploads\/2015\/08\/6e.jpg\"><img decoding=\"async\" loading=\"lazy\" class=\"alignleft  wp-image-2370\" src=\"https:\/\/www.fu-frechen.de\/wp-content\/uploads\/2015\/08\/6e-292x300.jpg\" alt=\"\" width=\"131\" height=\"135\" srcset=\"https:\/\/www.fu-frechen.de\/wp-content\/uploads\/2015\/08\/6e-292x300.jpg 292w, https:\/\/www.fu-frechen.de\/wp-content\/uploads\/2015\/08\/6e-995x1024.jpg 995w, https:\/\/www.fu-frechen.de\/wp-content\/uploads\/2015\/08\/6e-624x642.jpg 624w\" sizes=\"(max-width: 131px) 100vw, 131px\" \/><\/a>N<\/strong>icht im Erfurter Rathaus, sondern im Landtag von Th\u00fcringen schien dieser Tage Licht zu fehlen. Diejenigen CDU- und FDP-Abgeordneten, die das Spiel der AfD nicht durchschauten, h\u00e4tten Erleuchtung gebraucht. Und die, die es trotz der erkannten M\u00f6glichkeit darauf ankommen lie\u00dfen, dass die Demokratie besch\u00e4digt, dass der W\u00e4hlerwille ignoriert, dass Parteibeschl\u00fcsse beiseite geschoben wurden, h\u00e4tten mal vorher bei Licht in den Spiegel schauen und sich fragen sollen, ob sie dieses Verhalten in Ordnung fanden. Und da muss man auch in die Parteizentralen in Berlin blicken und fragen, ob es da an Licht und Klarheit mangelte&#8230;<!--more--><br \/>\nMan h\u00f6rte, aus Th\u00fcringen h\u00e4tten sie ihrer Parteif\u00fchrung in Berlin gesagt: Ihr da im fernen Berlin, ihr kennt doch die hiesigen Verh\u00e4ltnisse gar nicht, wieso macht ihr uns da Vorschriften! Das k\u00f6nnte man aber auch umdrehen und fragen: Ihr da in Th\u00fcringen, wieso schert euch nicht, was die \u00fcbrige Republik von eurem Verhalten denkt? Wieso bedenkt ihr nicht, welches verheerende politische Signal ihr in die Welt sendet?<br \/>\nUnd das in zweifacher Hinsicht: Einmal wird, siehe oben, der W\u00e4hlerwille ignoriert, denn die FDP rutscht noch so eben bei der letzten Wahl mit 5% der Stimmen in den Landtag. Dreist, dass sich der FDP-Kandidat dann im Landtag zum Ministerpr\u00e4sidenten w\u00e4hlen l\u00e4sst. Demokratie ist, wenn geheim abgestimmt wird? Noch lange nicht, wie auch dieses Beispiel zeigt. Zur Demokratie geh\u00f6rt Einiges mehr, n\u00e4mlich Inhalte, von denen ein Gro\u00dfteil gerade der th\u00fcringischen AfD nichts wissen will. Aber von denen lie\u00df sich der FDP-Mann am 5.2.2020 mit Billigung der Berliner Parteif\u00fchrung w\u00e4hlen. Und nahm die Wahl auch an\u00a0\u2013 ! Sp\u00e4testens da h\u00e4tte er die Kurve kriegen und die Kuh vom Eis holen sollen. Tat er aber nicht. Erst nachdem der politische Schaden angerichtet war, trat er den R\u00fcckzug an.<br \/>\nUnd die Abgeordneten der CDU sahen auch nicht gut aus. Sie spielten\u00a0\u2014 angeblich \u00fcberrascht\u00a0\u2014 mit. Kann man so viel Naivit\u00e4t glauben? Man h\u00f6rt, der CDU sei es nur darum gegangen, Bodo Ramelow nicht erneut als Ministerpr\u00e4sidenten im Amt zu sehen. Nun \u2014 war da nicht ein W\u00e4hlerwille? Die Linkspartei mag der CDU noch immer untragbar sein (wobei Manche sich fragen, ob die CDU damit noch auf der H\u00f6he der Zeit ist), aber Alle wissen, dass Ramelow in der Bev\u00f6lkerung beliebt ist und als Ministerpr\u00e4sident (ab 2014) eine relativ unfallfreie Amtszeit (d.h. ohne Skandale oder Fehltritte) hingelegt hat. Trotzdem besteht die CDU stur darauf, dass sie &#8222;Ramelow verhindern&#8220; will\u00a0\u2014 offenbar auch durch Teilnahme am Spiel der AfD, mit der sie offiziell auf keinen Fall zusammmenarbeiten will.<br \/>\nFriedrich Merz, f\u00fcr Einige ein &#8222;Hoffnungstr\u00e4ger&#8220; der CDU, wiederholte in der Talkshow von Markus Lanz im Fernsehen am Abend des 5.2., dass die Linke genauso schlimm sei wie die AfD, und dass Linksradikale ebenso bek\u00e4mpft werden m\u00fcssten wie Rechtsradikale\u00a0\u2014 und erntete in der Talkrunde mehrfachen Widerspruch. Es scheint, als w\u00fcrde sich die CDU in ihren eigenen Absperrungen verfangen und ein Denken konservieren, das in den fr\u00fchen 1990er Jahren (&#8222;Rote-Socken&#8220;-Kampagne) stecken geblieben ist. Und Merz soll frischen Wind in die CDU bringen?<br \/>\n<strong><a href=\"https:\/\/www.fu-frechen.de\/wp-content\/uploads\/2015\/08\/6e.jpg\"><img decoding=\"async\" loading=\"lazy\" class=\"alignleft  wp-image-2370\" src=\"https:\/\/www.fu-frechen.de\/wp-content\/uploads\/2015\/08\/6e-292x300.jpg\" alt=\"\" width=\"56\" height=\"58\" srcset=\"https:\/\/www.fu-frechen.de\/wp-content\/uploads\/2015\/08\/6e-292x300.jpg 292w, https:\/\/www.fu-frechen.de\/wp-content\/uploads\/2015\/08\/6e-995x1024.jpg 995w, https:\/\/www.fu-frechen.de\/wp-content\/uploads\/2015\/08\/6e-624x642.jpg 624w\" sizes=\"(max-width: 56px) 100vw, 56px\" \/><\/a><\/strong>Ich fasse zusammen: Wie die B\u00fcrger von Schilda sich l\u00e4cherlich machten, als sie Tageslicht in ihr neues, fensterloses Rathaus tragen wollten, so &#8230; (denkt mal selbst weiter!).<\/p>\n<p style=\"text-align: justify;\">W. R.<\/p>\n<p style=\"text-align: justify;\">P.S. Doch vergesst nicht: Hier geht es nicht um eine Kabarett-Nummer, nicht um einen Karnevalsauftritt, sondern um politische Realit\u00e4t \u2014 und damit um m\u00f6gliche Auswirkungen f\u00fcr uns alle.<\/p>\n<p><img decoding=\"async\" loading=\"lazy\" class=\"aligncenter\" src=\"https:\/\/www.fu-frechen.de\/wp-content\/uploads\/2013\/06\/13g+-300x219.jpg\" width=\"106\" height=\"78\" \/><\/p>\n","protected":false},"excerpt":{"rendered":"<p>Nicht im Erfurter Rathaus, sondern im Landtag von Th\u00fcringen schien dieser Tage Licht zu fehlen. Diejenigen CDU- und FDP-Abgeordneten, die das Spiel der AfD nicht durchschauten, h\u00e4tten Erleuchtung gebraucht. Und die, die es trotz der erkannten M\u00f6glichkeit darauf ankommen lie\u00dfen, dass die Demokratie besch\u00e4digt, dass der W\u00e4hlerwille ignoriert, dass Parteibeschl\u00fcsse beiseite geschoben wurden, h\u00e4tten mal [&hellip;]<\/p>\n","protected":false},"author":3,"featured_media":0,"comment_status":"closed","ping_status":"open","sticky":false,"template":"","format":"standard","meta":[],"categories":[1],"tags":[552,554,553],"_links":{"self":[{"href":"https:\/\/www.fu-frechen.de\/index.php?rest_route=\/wp\/v2\/posts\/6166"}],"collection":[{"href":"https:\/\/www.fu-frechen.de\/index.php?rest_route=\/wp\/v2\/posts"}],"about":[{"href":"https:\/\/www.fu-frechen.de\/index.php?rest_route=\/wp\/v2\/types\/post"}],"author":[{"embeddable":true,"href":"https:\/\/www.fu-frechen.de\/index.php?rest_route=\/wp\/v2\/users\/3"}],"replies":[{"embeddable":true,"href":"https:\/\/www.fu-frechen.de\/index.php?rest_route=%2Fwp%2Fv2%2Fcomments&post=6166"}],"version-history":[{"count":8,"href":"https:\/\/www.fu-frechen.de\/index.php?rest_route=\/wp\/v2\/posts\/6166\/revisions"}],"predecessor-version":[{"id":6192,"href":"https:\/\/www.fu-frechen.de\/index.php?rest_route=\/wp\/v2\/posts\/6166\/revisions\/6192"}],"wp:attachment":[{"href":"https:\/\/www.fu-frechen.de\/index.php?rest_route=%2Fwp%2Fv2%2Fmedia&parent=6166"}],"wp:term":[{"taxonomy":"category","embeddable":true,"href":"https:\/\/www.fu-frechen.de\/index.php?rest_route=%2Fwp%2Fv2%2Fcategories&post=6166"},{"taxonomy":"post_tag","embeddable":true,"href":"https:\/\/www.fu-frechen.de\/index.php?rest_route=%2Fwp%2Fv2%2Ftags&post=6166"}],"curies":[{"name":"wp","href":"https:\/\/api.w.org\/{rel}","templated":true}]}}