{"id":6243,"date":"2020-02-21T16:46:14","date_gmt":"2020-02-21T15:46:14","guid":{"rendered":"http:\/\/www.fu-frechen.de\/?p=6243"},"modified":"2020-04-20T20:45:19","modified_gmt":"2020-04-20T18:45:19","slug":"denken-wuerde-helfen","status":"publish","type":"post","link":"https:\/\/www.fu-frechen.de\/?p=6243","title":{"rendered":"Denken w\u00fcrde helfen"},"content":{"rendered":"<p style=\"text-align: justify;\"><strong>W<\/strong>as f\u00fcr ein abgestandener Gedankenmist ist das denn? Da gibt es, kaum zu glauben, immer noch einige Leute, die nicht mitbekommen haben, wie daneben gegriffen die Ideen von einer &#8222;\u00dcberlegenheit der wei\u00dfen Rasse&#8220; und der Werteskala von menschlichen &#8222;Rassen&#8220; \u00fcberhaupt sind. Wir schreiben das 21. Jahrhundert, die Wissenschaft ist l\u00e4ngst \u00fcber die Irrt\u00fcmer von Rassetheorien hinweggegangen!<br \/>Aber das ist der Fluch des Internets: In &#8222;social media&#8220;, in Foren, in Kommentarspalten wird jede Menge Unsinn ges\u00fclzt, und immer gibt es ein paar un-informierte Schwachmaten, die nicht klar denken und auf Unsinn hereinfallen. Diese S\u00fclze im Internet produziert offenbar eine Menge Opfer von Fake News.<br \/>Auch die T\u00e4ter von ausl\u00e4nderfeindlichen Mordtaten sind in diesem Sinne Opfer, n\u00e4mlich Opfer ihrer Leichtgl\u00e4ubigkeit und Verirrung in einer Echokammer im Internet. Aber wer kein kritisches Denken gelernt hat, der hat es auch nicht leicht, oberfl\u00e4chlichen und irref\u00fchrenden Unsinn zu durchschauen. Das ist traurig\u00a0\u2014 und in der Demokratie gef\u00e4hrlich. Denn die Stimmen von Schwachmaten (nennen wir sie mal so, und nicht sch\u00e4rfer) z\u00e4hlen bei Wahlen ebenso wie die von denkenden Menschen, die sich \u00fcber Politik eine sachlich begr\u00fcndete Meinung bilden.<\/p>\n<p style=\"text-align: justify;\">Aber bevor wir die in die Irre Denkenden bedauern und bemitleiden, h\u00fcten wir uns vor Verniedlichung und Bagatellisierung: Die Mordtaten und Anschl\u00e4ge der letzten Jahre, die aus braun verseuchter Hirnsuppe entstanden, sind alles Andere als Streiche Verirrter und Gutgl\u00e4ubiger. Strafrechtlich gibt es da kein Vertun.<\/p>\n<p style=\"text-align: justify;\">Und au\u00dferhalb der Strafverfolgung gibt es auch kein Vertun: Wer meint, dass es doch nicht schlimm sei, Menschen nach Herkunft oder Aussehen zu kategorisieren und unterschiedlich zu bewerten; wer von einer &#8222;\u00dcberlegenheit der wei\u00dfen Rasse&#8220; schwadroniert und sich einbildet, als wei\u00dfer Mann etwas Besseres zu sein; wer die Fantasie von einer &#8222;j\u00fcdischen Weltverschw\u00f6rung&#8220; und derlei Unfug f\u00fcr eine reale und bedrohliche Sache h\u00e4lt; wer meint, Menschen allein nach \u00c4u\u00dferlichkeiten beurteilen zu m\u00fcssen \u2014 der oder die macht sich l\u00e4cherlich, zumindest in den Augen der Menschen, die Menschenkenntnis und Lebenserfahrung haben; und der oder die stellt sich ins Abseits bei Menschen, die auf der H\u00f6he des wissenschaftlichen Standards und der Allgemeinbildung miteinander reden und diskutieren.<\/p>\n<p style=\"text-align: justify;\">Wer br\u00e4unlichen Mist glauben oder vertreten will, begibt sich selbst in ein Getto von geistigen und moralischen Schwachmaten. Tja, leider ist das so. Punkt. Und ja: <em>Denken<\/em> w\u00fcrde helfen, um da wieder herauszukommen. Und Selbst-Denken hilft, um da gar nicht erst zu landen.<\/p>\n<p style=\"text-align: justify;\">Das wirst auch Du k\u00f6nnen, Du Homo Sapiens, dem Gott ein Hirn und (hoffentlich) eine Portion Verstand mit auf den Weg gegeben hat. Du musst nur lernen, davon Gebrauch zu machen.<\/p>\n<p>W. R.<\/p>\n<p><img decoding=\"async\" loading=\"lazy\" class=\"aligncenter\" src=\"https:\/\/www.fu-frechen.de\/wp-content\/uploads\/2013\/06\/13g+-300x219.jpg\" width=\"106\" height=\"78\" \/><\/p>\n\n\n<p><\/p>\n","protected":false},"excerpt":{"rendered":"<p>Was f\u00fcr ein abgestandener Gedankenmist ist das denn? Da gibt es, kaum zu glauben, immer noch einige Leute, die nicht mitbekommen haben, wie daneben gegriffen die Ideen von einer &#8222;\u00dcberlegenheit der wei\u00dfen Rasse&#8220; und der Werteskala von menschlichen &#8222;Rassen&#8220; \u00fcberhaupt sind. Wir schreiben das 21. Jahrhundert, die Wissenschaft ist l\u00e4ngst \u00fcber die Irrt\u00fcmer von Rassetheorien [&hellip;]<\/p>\n","protected":false},"author":3,"featured_media":0,"comment_status":"closed","ping_status":"open","sticky":false,"template":"","format":"standard","meta":[],"categories":[1,526],"tags":[282,351],"_links":{"self":[{"href":"https:\/\/www.fu-frechen.de\/index.php?rest_route=\/wp\/v2\/posts\/6243"}],"collection":[{"href":"https:\/\/www.fu-frechen.de\/index.php?rest_route=\/wp\/v2\/posts"}],"about":[{"href":"https:\/\/www.fu-frechen.de\/index.php?rest_route=\/wp\/v2\/types\/post"}],"author":[{"embeddable":true,"href":"https:\/\/www.fu-frechen.de\/index.php?rest_route=\/wp\/v2\/users\/3"}],"replies":[{"embeddable":true,"href":"https:\/\/www.fu-frechen.de\/index.php?rest_route=%2Fwp%2Fv2%2Fcomments&post=6243"}],"version-history":[{"count":9,"href":"https:\/\/www.fu-frechen.de\/index.php?rest_route=\/wp\/v2\/posts\/6243\/revisions"}],"predecessor-version":[{"id":6430,"href":"https:\/\/www.fu-frechen.de\/index.php?rest_route=\/wp\/v2\/posts\/6243\/revisions\/6430"}],"wp:attachment":[{"href":"https:\/\/www.fu-frechen.de\/index.php?rest_route=%2Fwp%2Fv2%2Fmedia&parent=6243"}],"wp:term":[{"taxonomy":"category","embeddable":true,"href":"https:\/\/www.fu-frechen.de\/index.php?rest_route=%2Fwp%2Fv2%2Fcategories&post=6243"},{"taxonomy":"post_tag","embeddable":true,"href":"https:\/\/www.fu-frechen.de\/index.php?rest_route=%2Fwp%2Fv2%2Ftags&post=6243"}],"curies":[{"name":"wp","href":"https:\/\/api.w.org\/{rel}","templated":true}]}}